{"id":927,"date":"2015-11-06T12:45:41","date_gmt":"2015-11-06T12:45:41","guid":{"rendered":"http:\/\/www.burks.de\/recherchegruppe\/blog\/?p=927"},"modified":"2015-11-06T12:45:41","modified_gmt":"2015-11-06T12:45:41","slug":"die-akte-bernd-lammel-teil-3","status":"publish","type":"post","link":"https:\/\/www.burks.de\/recherchegruppe\/blog\/?p=927","title":{"rendered":"Die Akte Bernd Lammel &#8211; Teil 3"},"content":{"rendered":"<p><a href=\"https:\/\/www.burks.de\/burksblog\/pix\/2015\/11\/051115_1kl.jpg\"><img decoding=\"async\" src=\"https:\/\/www.burks.de\/burksblog\/pix\/2015\/11\/051115_1kl.jpg\" alt=\"stasi\" width=\"480\" border=\"1\" hspace=\"0\" vspace=\"0\" \/><\/a><\/p>\n<p align=left><i>Foto: Bernd Lammel (links) vor einem der Fotos, das er aus der DDR in den Westen geschmuggelt hatte. Das Foto ist Teil der Ausstellung &#8222;25 years of the Fall of the Berlin Wall&#8220; an der Bornholmer Br\u00fccke. &#8222;I took the photograph in the middle of the display, showing East German police attacking peaceful demonstrators on Sch\u00f6nhauser Alle on October 7th [1989].&#8220;<\/p>\n<p align=left>Credits: <a href=\"https:\/\/www.facebook.com\/photo.php?fbid=758538897517105&#038;set=a.758538374183824.1073741836.100000830050570&#038;type=3&#038;theater\">Bernd<\/a> | Betty Lammel. Die Idee ist recht abwegig, dass die Stasi Fotos ihrer eigenen Kn\u00fcppeleins\u00e4tze gegen friedliche B\u00fcrger durch einen &#8222;Reisekader&#8220; ins feindliche Ausland h\u00e4tte schmuggeln lassen. Aber offenbar ist nichts zu absurd, als dass es der <a href=\"http:\/\/www.burks.de\/recherchegruppe\/blog\/?p=872\">RBB nicht verbreiten w\u00fcrde<\/a>.<\/p>\n<p><\/i><\/p>\n<p align=left>\n<p align=left><b>Reisekader, Agenten und Stasi-Experten<\/b><\/p>\n<p align=left>Wer denkt, es ginge bei dem Thema darum, Missst\u00e4nde aufzukl\u00e4ren oder um journalistische Glaubw\u00fcrdigkeit, der irrt. Am 03.11. <a href=\"http:\/\/kress.de\/alle\/detail\/beitrag\/133258-stasi-forscher-helmut-mueller-enbergs-belege-sind-zureichend-in-dem-betroffenen-ims-michael-zu-sehen.html\">ver\u00f6ffentlichte<\/a> der &#8222;Mediendienst&#8220; kress.de &#8222;eine Analyse von Helmut M\u00fcller-Enbergs&#8220; zu den Akten des IM &#8222;Michael&#8220;. Zu meinem Erstaunen war diese &#8222;Analyse&#8220; wortgleich mit den Antworten auf meine Fragen zu den Stasi-Akten \u00fcber Bernd Lammel, die der Stasi-Experte mir schon im Oktober per E-Mail gegeben hatte. M\u00fcller-Engbers schrieb mir dazu, er habe &#8222;mangels Zeit&#8220; die Antworten an mich einfach an jemand anderes weitergeleitet, &#8222;ohne zu ahnen, dass es so abgedruckt wird. Im \u00fcbrigen fragte nicht kress an, sondern ein Journalist. Komische Welt.&#8220;<\/p>\n<p align=left>[<a href=\"https:\/\/www.burks.de\/burksblog\/2015\/11\/06\/die-akte-bernd-lammel-teil-3\">Mehr lesen<\/a>]<\/p>\n","protected":false},"excerpt":{"rendered":"<p>Foto: Bernd Lammel (links) vor einem der Fotos, das er aus der DDR in den Westen geschmuggelt hatte. Das Foto ist Teil der Ausstellung &#8222;25 years of the Fall of the Berlin Wall&#8220; an der Bornholmer Br\u00fccke. &#8222;I took the photograph in the middle of the display, showing East German police attacking peaceful demonstrators on [&hellip;]<\/p>\n","protected":false},"author":1,"featured_media":0,"comment_status":"open","ping_status":"open","sticky":false,"template":"","format":"standard","meta":{"footnotes":""},"categories":[5,6,9],"tags":[],"class_list":["post-927","post","type-post","status-publish","format-standard","hentry","category-djv-berlin","category-djv-bundesverband","category-medien"],"_links":{"self":[{"href":"https:\/\/www.burks.de\/recherchegruppe\/blog\/index.php?rest_route=\/wp\/v2\/posts\/927","targetHints":{"allow":["GET"]}}],"collection":[{"href":"https:\/\/www.burks.de\/recherchegruppe\/blog\/index.php?rest_route=\/wp\/v2\/posts"}],"about":[{"href":"https:\/\/www.burks.de\/recherchegruppe\/blog\/index.php?rest_route=\/wp\/v2\/types\/post"}],"author":[{"embeddable":true,"href":"https:\/\/www.burks.de\/recherchegruppe\/blog\/index.php?rest_route=\/wp\/v2\/users\/1"}],"replies":[{"embeddable":true,"href":"https:\/\/www.burks.de\/recherchegruppe\/blog\/index.php?rest_route=%2Fwp%2Fv2%2Fcomments&post=927"}],"version-history":[{"count":1,"href":"https:\/\/www.burks.de\/recherchegruppe\/blog\/index.php?rest_route=\/wp\/v2\/posts\/927\/revisions"}],"predecessor-version":[{"id":928,"href":"https:\/\/www.burks.de\/recherchegruppe\/blog\/index.php?rest_route=\/wp\/v2\/posts\/927\/revisions\/928"}],"wp:attachment":[{"href":"https:\/\/www.burks.de\/recherchegruppe\/blog\/index.php?rest_route=%2Fwp%2Fv2%2Fmedia&parent=927"}],"wp:term":[{"taxonomy":"category","embeddable":true,"href":"https:\/\/www.burks.de\/recherchegruppe\/blog\/index.php?rest_route=%2Fwp%2Fv2%2Fcategories&post=927"},{"taxonomy":"post_tag","embeddable":true,"href":"https:\/\/www.burks.de\/recherchegruppe\/blog\/index.php?rest_route=%2Fwp%2Fv2%2Ftags&post=927"}],"curies":[{"name":"wp","href":"https:\/\/api.w.org\/{rel}","templated":true}]}}