{"id":579,"date":"2013-02-26T14:03:33","date_gmt":"2013-02-26T14:03:33","guid":{"rendered":"http:\/\/www.burks.de\/recherchegruppe\/blog\/?p=579"},"modified":"2013-02-26T14:13:03","modified_gmt":"2013-02-26T14:13:03","slug":"leistungsschutzrecht-revisited","status":"publish","type":"post","link":"https:\/\/www.burks.de\/recherchegruppe\/blog\/?p=579","title":{"rendered":"Leistungs&#8220;schutz&#8220;recht, revisited"},"content":{"rendered":"<p align=left><a href=\"http:\/\/blog.fefe.de\/?ts=afd27db5\">Fefe<\/a> (Felix Leitner): &#8222;Was mich aber wirklich ersch\u00fcttert ist, wie die Presse gerade geschlossen ihrem Auftrag zur Berichterstattung nicht nachkommt. Bei <a href=\"http:\/\/www.stefan-niggemeier.de\/blog\/luegen-fuers-leistungsschutzrecht-4\/\">Stefan Niggemeier im Blog<\/a> gibt es gerade mal wieder einen Artikel dazu. Seit Wochen geht das jetzt so. Was ist denn mit der redaktionellen Unabh\u00e4ngigkeit? Wir sollen denen glauben, dass die monet\u00e4ren Anforderungen des Verlegers keine Rolle spielen, wenn es darum geht, ob geschaltete Werbung Einfluss auf den redaktionellen Inhalt hat, wenn es bei der Berichterstattung \u00fcber das Leistungsschutzrecht \u2014 oder besser bei der fehlenden Berichterstattung \u00fcber das Leistungsschutzrecht so derma\u00dfen offensichtlich eine geradezu totale Ausblendung der Realit\u00e4t aus der Berichterstattung gibt?!&#8220;<\/p>\n<p align=left>Ralf Dewenter und Justus Haucap, <a href=\"http:\/\/www.dice.hhu.de\/fileadmin\/redaktion\/Fakultaeten\/Wirtschaftswissenschaftliche_Fakultaet\/DICE\/Ordnungspolitische_Perspektiven\/036_OP_Dewenter_Haucap.pdf\">D\u00fcsseldorfer Institut f\u00fcr Wettbewerbs\u00f6konomie<\/a> (PDF): &#8222;\u00d6konomische Auswirkungen der Einf\u00fchrung eines Leistungsschutzrechts f\u00fcr Presseinhalte im Internet (Leistungsschutzrecht f\u00fcr Presseverleger)&#8220;:<\/p>\n<p align=left><i> Alles in allem ist das geplante Leistungsschutzrecht nicht nur \u00fcberfl\u00fcssig, sondern sch\u00e4dlich f\u00fcr Innovation, Meinungsvielfalt und Qualit\u00e4tsjournalismus.<\/i><\/p>\n","protected":false},"excerpt":{"rendered":"<p>Fefe (Felix Leitner): &#8222;Was mich aber wirklich ersch\u00fcttert ist, wie die Presse gerade geschlossen ihrem Auftrag zur Berichterstattung nicht nachkommt. Bei Stefan Niggemeier im Blog gibt es gerade mal wieder einen Artikel dazu. Seit Wochen geht das jetzt so. Was ist denn mit der redaktionellen Unabh\u00e4ngigkeit? Wir sollen denen glauben, dass die monet\u00e4ren Anforderungen des [&hellip;]<\/p>\n","protected":false},"author":1,"featured_media":0,"comment_status":"open","ping_status":"open","sticky":false,"template":"","format":"standard","meta":{"footnotes":""},"categories":[9],"tags":[],"class_list":["post-579","post","type-post","status-publish","format-standard","hentry","category-medien"],"_links":{"self":[{"href":"https:\/\/www.burks.de\/recherchegruppe\/blog\/index.php?rest_route=\/wp\/v2\/posts\/579","targetHints":{"allow":["GET"]}}],"collection":[{"href":"https:\/\/www.burks.de\/recherchegruppe\/blog\/index.php?rest_route=\/wp\/v2\/posts"}],"about":[{"href":"https:\/\/www.burks.de\/recherchegruppe\/blog\/index.php?rest_route=\/wp\/v2\/types\/post"}],"author":[{"embeddable":true,"href":"https:\/\/www.burks.de\/recherchegruppe\/blog\/index.php?rest_route=\/wp\/v2\/users\/1"}],"replies":[{"embeddable":true,"href":"https:\/\/www.burks.de\/recherchegruppe\/blog\/index.php?rest_route=%2Fwp%2Fv2%2Fcomments&post=579"}],"version-history":[{"count":2,"href":"https:\/\/www.burks.de\/recherchegruppe\/blog\/index.php?rest_route=\/wp\/v2\/posts\/579\/revisions"}],"predecessor-version":[{"id":581,"href":"https:\/\/www.burks.de\/recherchegruppe\/blog\/index.php?rest_route=\/wp\/v2\/posts\/579\/revisions\/581"}],"wp:attachment":[{"href":"https:\/\/www.burks.de\/recherchegruppe\/blog\/index.php?rest_route=%2Fwp%2Fv2%2Fmedia&parent=579"}],"wp:term":[{"taxonomy":"category","embeddable":true,"href":"https:\/\/www.burks.de\/recherchegruppe\/blog\/index.php?rest_route=%2Fwp%2Fv2%2Fcategories&post=579"},{"taxonomy":"post_tag","embeddable":true,"href":"https:\/\/www.burks.de\/recherchegruppe\/blog\/index.php?rest_route=%2Fwp%2Fv2%2Ftags&post=579"}],"curies":[{"name":"wp","href":"https:\/\/api.w.org\/{rel}","templated":true}]}}