{"id":346,"date":"2008-11-04T09:33:06","date_gmt":"2008-11-04T08:33:06","guid":{"rendered":"http:\/\/www.burks.de\/recherchegruppe\/blog\/?p=346"},"modified":"2008-11-05T21:24:37","modified_gmt":"2008-11-05T20:24:37","slug":"djv-verbandstag-presseberichte","status":"publish","type":"post","link":"https:\/\/www.burks.de\/recherchegruppe\/blog\/?p=346","title":{"rendered":"DJV-Verbandstag &#8211; Presseberichte"},"content":{"rendered":"<p align=left>&#8211; <a href=\"http:\/\/www.djv.de\/2008.2839.0.html\">Alle Pressemitteilungen des DJV<\/A> zum Vebandstag<br \/>\n&#8211; <a href=\"http:\/\/www.heise.de\/newsticker\/Journalistenverband-kritisiert-Online-Durchsuchung-und-BKA-Gesetz--\/meldung\/118341\">Heise<\/A> (04.11.2008): &#8222;Journalistenverband kritisiert Online-Durchsuchung und BKA-Gesetz&#8220;<br \/>\n&#8211; <a href=\"http:\/\/www.ad-hoc-news.de\/Sellering-hlt-vielfltige-Medienlandschaft-fr--\/de\/Regional\/19814071\">Ad Hoc News<\/A> (03.11.2008): &#8222;Mecklenburg-Vorpommerns Ministerpr\u00e4sident Erwin Sellering (SPD) hat den Erhalt einer vielf\u00e4ltigen Medienlandschaft als unverzichtbar f\u00fcr die freie Meinungsbildung und die Demokratie bezeichnet.&#8220;<br \/>\n&#8211; Pressemeldung des <a href=\"http:\/\/www.djv.de\/SingleNews.20+M588314c129d.0.html\">DJV<\/A> (03.11.2008): &#8222;Verbandstag in Warnem\u00fcnde er\u00f6ffnet&#8220;<\/p>\n","protected":false},"excerpt":{"rendered":"<p>&#8211; Alle Pressemitteilungen des DJV zum Vebandstag &#8211; Heise (04.11.2008): &#8222;Journalistenverband kritisiert Online-Durchsuchung und BKA-Gesetz&#8220; &#8211; Ad Hoc News (03.11.2008): &#8222;Mecklenburg-Vorpommerns Ministerpr\u00e4sident Erwin Sellering (SPD) hat den Erhalt einer vielf\u00e4ltigen Medienlandschaft als unverzichtbar f\u00fcr die freie Meinungsbildung und die Demokratie bezeichnet.&#8220; &#8211; Pressemeldung des DJV (03.11.2008): &#8222;Verbandstag in Warnem\u00fcnde er\u00f6ffnet&#8220;<\/p>\n","protected":false},"author":1,"featured_media":0,"comment_status":"closed","ping_status":"open","sticky":false,"template":"","format":"standard","meta":{"footnotes":""},"categories":[47],"tags":[],"class_list":["post-346","post","type-post","status-publish","format-standard","hentry","category-djv-verbandstag-2008"],"_links":{"self":[{"href":"https:\/\/www.burks.de\/recherchegruppe\/blog\/index.php?rest_route=\/wp\/v2\/posts\/346","targetHints":{"allow":["GET"]}}],"collection":[{"href":"https:\/\/www.burks.de\/recherchegruppe\/blog\/index.php?rest_route=\/wp\/v2\/posts"}],"about":[{"href":"https:\/\/www.burks.de\/recherchegruppe\/blog\/index.php?rest_route=\/wp\/v2\/types\/post"}],"author":[{"embeddable":true,"href":"https:\/\/www.burks.de\/recherchegruppe\/blog\/index.php?rest_route=\/wp\/v2\/users\/1"}],"replies":[{"embeddable":true,"href":"https:\/\/www.burks.de\/recherchegruppe\/blog\/index.php?rest_route=%2Fwp%2Fv2%2Fcomments&post=346"}],"version-history":[{"count":0,"href":"https:\/\/www.burks.de\/recherchegruppe\/blog\/index.php?rest_route=\/wp\/v2\/posts\/346\/revisions"}],"wp:attachment":[{"href":"https:\/\/www.burks.de\/recherchegruppe\/blog\/index.php?rest_route=%2Fwp%2Fv2%2Fmedia&parent=346"}],"wp:term":[{"taxonomy":"category","embeddable":true,"href":"https:\/\/www.burks.de\/recherchegruppe\/blog\/index.php?rest_route=%2Fwp%2Fv2%2Fcategories&post=346"},{"taxonomy":"post_tag","embeddable":true,"href":"https:\/\/www.burks.de\/recherchegruppe\/blog\/index.php?rest_route=%2Fwp%2Fv2%2Ftags&post=346"}],"curies":[{"name":"wp","href":"https:\/\/api.w.org\/{rel}","templated":true}]}}