{"id":290,"date":"2008-04-03T10:08:03","date_gmt":"2008-04-03T08:08:03","guid":{"rendered":"http:\/\/www.burks.de\/recherchegruppe\/blog\/?p=290"},"modified":"2008-04-29T00:04:36","modified_gmt":"2008-04-28T22:04:36","slug":"gesamtvorstand-und-umsatzsteuer","status":"publish","type":"post","link":"https:\/\/www.burks.de\/recherchegruppe\/blog\/?p=290","title":{"rendered":"Gesamtvorstand und Umsatzsteuer"},"content":{"rendered":"<p align=left>Der DJV Brandenburg hat zur n\u00e4chsten Sitzung des Gesamtvorstands am 15.\/16.04.2008 in Fulda einige <a href=\"http:\/\/www.burks.de\/recherchegruppe\/gv150408.pdf\">Antr\u00e4ge<\/A> zum Thema &#8222;Steuern&#8220; vorgelegt.<\/p>\n<p align=left>Ausz\u00fcge: &#8222;Der DJV-Bundesverband erstattet den Landesverb\u00e4nden zeitnah den Aufwand f\u00fcr Umsatzsteuer (Mehrwertsteuer), sollte solche durch die Finanzbeh\u00f6rden gegen Landesverb\u00e4nde wegen der Lieferung der Zeitschrift <a href=\"http:\/\/www.journalist.de\/\">Journalist<\/A> an DJV-Mitglieder rechtskr\u00e4ftig festgesetzt werden. Zur Begr\u00fcndung: Viele Landesverb\u00e4nde sind nicht in der Lage, die im Falle entsprechender Bescheide zu erwartenden hohen Nachzahlungen f\u00fcr Umsatzsteuer auf die aus &#8222;unechten&#8220; Mitgliedsbeitr\u00e4gen finanzierte Zeitschrift &#8222;Journalist&#8220; aufzubringen.&#8220; (&#8230;)<\/p>\n<p align=left>&#8222;Der DJV begr\u00fc\u00dft es, da\u00df die britische <a href=\"http:\/\/www.nuj.org.uk\/\">NUJ<\/A> angesichts massiver internationaler Emp\u00f6rung ihren <a href=\"http:\/\/www.guardian.co.uk\/media\/2007\/apr\/19\/nationalunionofjournalists.mediaunions\">Boykottaufruf<\/A> gegen Israel nicht weiter verfolgen will, h\u00e4lt dies aber f\u00fcr nicht ausreichend. Der DJV fordert die NUJ auf, sich ausdr\u00fccklich von dem Aufruf zu distanzieren und ihn f\u00f6rmlich zur\u00fcckzunehmen.&#8220; [<a href=\"http:\/\/www.burks.de\/recherchegruppe\/gv150408.pdf\">mehr<\/A>&#8230;]<!--1edf12c25fcb889b2c5b4dd430378d0e--><!--5fa9675fd5a6fbe93937074d143913d2--><!--7fed915e40930d79c8fc1563c2ef2fa7--><!--92377ccce88f0e4ded826e8d42c07c30--><\/p>\n","protected":false},"excerpt":{"rendered":"<p>Der DJV Brandenburg hat zur n\u00e4chsten Sitzung des Gesamtvorstands am 15.\/16.04.2008 in Fulda einige Antr\u00e4ge zum Thema &#8222;Steuern&#8220; vorgelegt. Ausz\u00fcge: &#8222;Der DJV-Bundesverband erstattet den Landesverb\u00e4nden zeitnah den Aufwand f\u00fcr Umsatzsteuer (Mehrwertsteuer), sollte solche durch die Finanzbeh\u00f6rden gegen Landesverb\u00e4nde wegen der Lieferung der Zeitschrift Journalist an DJV-Mitglieder rechtskr\u00e4ftig festgesetzt werden. Zur Begr\u00fcndung: Viele Landesverb\u00e4nde sind nicht [&hellip;]<\/p>\n","protected":false},"author":1,"featured_media":0,"comment_status":"open","ping_status":"open","sticky":false,"template":"","format":"standard","meta":{"footnotes":""},"categories":[14,6],"tags":[],"class_list":["post-290","post","type-post","status-publish","format-standard","hentry","category-djv-brandenburg","category-djv-bundesverband"],"_links":{"self":[{"href":"https:\/\/www.burks.de\/recherchegruppe\/blog\/index.php?rest_route=\/wp\/v2\/posts\/290","targetHints":{"allow":["GET"]}}],"collection":[{"href":"https:\/\/www.burks.de\/recherchegruppe\/blog\/index.php?rest_route=\/wp\/v2\/posts"}],"about":[{"href":"https:\/\/www.burks.de\/recherchegruppe\/blog\/index.php?rest_route=\/wp\/v2\/types\/post"}],"author":[{"embeddable":true,"href":"https:\/\/www.burks.de\/recherchegruppe\/blog\/index.php?rest_route=\/wp\/v2\/users\/1"}],"replies":[{"embeddable":true,"href":"https:\/\/www.burks.de\/recherchegruppe\/blog\/index.php?rest_route=%2Fwp%2Fv2%2Fcomments&post=290"}],"version-history":[{"count":0,"href":"https:\/\/www.burks.de\/recherchegruppe\/blog\/index.php?rest_route=\/wp\/v2\/posts\/290\/revisions"}],"wp:attachment":[{"href":"https:\/\/www.burks.de\/recherchegruppe\/blog\/index.php?rest_route=%2Fwp%2Fv2%2Fmedia&parent=290"}],"wp:term":[{"taxonomy":"category","embeddable":true,"href":"https:\/\/www.burks.de\/recherchegruppe\/blog\/index.php?rest_route=%2Fwp%2Fv2%2Fcategories&post=290"},{"taxonomy":"post_tag","embeddable":true,"href":"https:\/\/www.burks.de\/recherchegruppe\/blog\/index.php?rest_route=%2Fwp%2Fv2%2Ftags&post=290"}],"curies":[{"name":"wp","href":"https:\/\/api.w.org\/{rel}","templated":true}]}}