{"id":284,"date":"2008-03-20T12:12:43","date_gmt":"2008-03-20T10:12:43","guid":{"rendered":"http:\/\/www.burks.de\/recherchegruppe\/blog\/?p=284"},"modified":"2008-07-11T21:04:37","modified_gmt":"2008-07-11T19:04:37","slug":"rochade-in-bonn","status":"publish","type":"post","link":"https:\/\/www.burks.de\/recherchegruppe\/blog\/?p=284","title":{"rendered":"Rochade in Bonn"},"content":{"rendered":"<p align=left>Personelle Ver\u00e4nderungen in der Bundesgesch\u00e4ftsstelle: Sabine Reiff wird auf eigenen Wunsch zum 01.04.2008 eine T\u00e4tigkeit au\u00dferhalb des DJV \u00fcbernehmen. Ab sofort \u00fcbernimmt <a href=\"http:\/\/kindergarten-sanktcyprian.de\/Elternrat.html\">Bettina von der Heyden<\/A> das Sekretariat des Hauptgesch\u00e4ftsf\u00fchrers. Neue Stellvertreterin ist ab dem 01.05.2008 Luciana <a href=\"http:\/\/whois.domaintools.com\/aguileira.de\">Aguileira<\/A>, die bisherige Redaktionssekret\u00e4rin des <a href=\"http:\/\/www.journalist.de\/\">journalist<\/A> (\u00fcbigens nicht zu verwechseln mit <a href=\"http:\/\/www.casademoda.com.br\/liz\/images\/liz02_02.jpg\">Luciana Aguileira<\/a>).<\/p>\n","protected":false},"excerpt":{"rendered":"<p>Personelle Ver\u00e4nderungen in der Bundesgesch\u00e4ftsstelle: Sabine Reiff wird auf eigenen Wunsch zum 01.04.2008 eine T\u00e4tigkeit au\u00dferhalb des DJV \u00fcbernehmen. Ab sofort \u00fcbernimmt Bettina von der Heyden das Sekretariat des Hauptgesch\u00e4ftsf\u00fchrers. Neue Stellvertreterin ist ab dem 01.05.2008 Luciana Aguileira, die bisherige Redaktionssekret\u00e4rin des journalist (\u00fcbigens nicht zu verwechseln mit Luciana Aguileira).<\/p>\n","protected":false},"author":1,"featured_media":0,"comment_status":"open","ping_status":"open","sticky":false,"template":"","format":"standard","meta":{"footnotes":""},"categories":[6,7],"tags":[],"class_list":["post-284","post","type-post","status-publish","format-standard","hentry","category-djv-bundesverband","category-djv-landesverbande"],"_links":{"self":[{"href":"https:\/\/www.burks.de\/recherchegruppe\/blog\/index.php?rest_route=\/wp\/v2\/posts\/284","targetHints":{"allow":["GET"]}}],"collection":[{"href":"https:\/\/www.burks.de\/recherchegruppe\/blog\/index.php?rest_route=\/wp\/v2\/posts"}],"about":[{"href":"https:\/\/www.burks.de\/recherchegruppe\/blog\/index.php?rest_route=\/wp\/v2\/types\/post"}],"author":[{"embeddable":true,"href":"https:\/\/www.burks.de\/recherchegruppe\/blog\/index.php?rest_route=\/wp\/v2\/users\/1"}],"replies":[{"embeddable":true,"href":"https:\/\/www.burks.de\/recherchegruppe\/blog\/index.php?rest_route=%2Fwp%2Fv2%2Fcomments&post=284"}],"version-history":[{"count":0,"href":"https:\/\/www.burks.de\/recherchegruppe\/blog\/index.php?rest_route=\/wp\/v2\/posts\/284\/revisions"}],"wp:attachment":[{"href":"https:\/\/www.burks.de\/recherchegruppe\/blog\/index.php?rest_route=%2Fwp%2Fv2%2Fmedia&parent=284"}],"wp:term":[{"taxonomy":"category","embeddable":true,"href":"https:\/\/www.burks.de\/recherchegruppe\/blog\/index.php?rest_route=%2Fwp%2Fv2%2Fcategories&post=284"},{"taxonomy":"post_tag","embeddable":true,"href":"https:\/\/www.burks.de\/recherchegruppe\/blog\/index.php?rest_route=%2Fwp%2Fv2%2Ftags&post=284"}],"curies":[{"name":"wp","href":"https:\/\/api.w.org\/{rel}","templated":true}]}}