{"id":226,"date":"2007-11-06T11:49:48","date_gmt":"2007-11-06T09:49:48","guid":{"rendered":"http:\/\/www.burks.de\/recherchegruppe\/blog\/?p=226"},"modified":"2008-07-11T21:19:18","modified_gmt":"2008-07-11T19:19:18","slug":"blog-djv-verbandstag-antrag-der-rechnungsprufer-abgelehnt","status":"publish","type":"post","link":"https:\/\/www.burks.de\/recherchegruppe\/blog\/?p=226","title":{"rendered":"[Blog DJV Verbandstag] Antrag der Rechnungspr\u00fcfer abgelehnt"},"content":{"rendered":"<p align=left>Die Rechnungspr\u00fcfer Oligerd E.J.Graf Kujawski (DJV Hessen) und Klaus Kundt (DJV Berlin) haben folgenden Antrag gestellt:<\/p>\n<p align=left>Der DJV Verbandstag m\u00f6ge beschlie\u00dfen: Der DJV-Gesamtvorstand als das f\u00fcr Beitragsregelungen zust\u00e4ndige Gremium wird beauftragt, die Beitragszahlungen der DJV-Landesverb\u00e4nde an den DJV-Solidarit\u00e4tsfonds von derzeit 25 Cent pro Monat und Mitglied auf den Stand vor dem 30.06.1998 zur\u00fcckzuf\u00fchren und ab dem 1. Januar 2008 jeweils 1 \u20ac pro Monat und Mitglied an den Solidarit\u00e4tsfonds zu zahlen.<\/p>\n<p align=left>Weiterhin wird der  DJV-Gesamtvorstand beauftragt, die bisher an das DJV-Bildungswerk pro Monat und Mitglied gezahlten 25 Cent sowie die j\u00e4hrliche Zahlung in H\u00f6he von 2 \u20ac pro Mitglied an das DJV-Bildungswerk ab dem 1. Januar 2008 in den Monatlichenm DJV-Beitrag zu integrieren und ihn damit faktisch zu erh\u00f6hen.<\/p>\n<p align=left>Der Antrag wurde als nicht dringlich abgelehnt.<\/p>\n","protected":false},"excerpt":{"rendered":"<p>Die Rechnungspr\u00fcfer Oligerd E.J.Graf Kujawski (DJV Hessen) und Klaus Kundt (DJV Berlin) haben folgenden Antrag gestellt: Der DJV Verbandstag m\u00f6ge beschlie\u00dfen: Der DJV-Gesamtvorstand als das f\u00fcr Beitragsregelungen zust\u00e4ndige Gremium wird beauftragt, die Beitragszahlungen der DJV-Landesverb\u00e4nde an den DJV-Solidarit\u00e4tsfonds von derzeit 25 Cent pro Monat und Mitglied auf den Stand vor dem 30.06.1998 zur\u00fcckzuf\u00fchren und ab [&hellip;]<\/p>\n","protected":false},"author":1,"featured_media":0,"comment_status":"open","ping_status":"open","sticky":false,"template":"","format":"standard","meta":{"footnotes":""},"categories":[13],"tags":[],"class_list":["post-226","post","type-post","status-publish","format-standard","hentry","category-djv-verbandstag-2007"],"_links":{"self":[{"href":"https:\/\/www.burks.de\/recherchegruppe\/blog\/index.php?rest_route=\/wp\/v2\/posts\/226","targetHints":{"allow":["GET"]}}],"collection":[{"href":"https:\/\/www.burks.de\/recherchegruppe\/blog\/index.php?rest_route=\/wp\/v2\/posts"}],"about":[{"href":"https:\/\/www.burks.de\/recherchegruppe\/blog\/index.php?rest_route=\/wp\/v2\/types\/post"}],"author":[{"embeddable":true,"href":"https:\/\/www.burks.de\/recherchegruppe\/blog\/index.php?rest_route=\/wp\/v2\/users\/1"}],"replies":[{"embeddable":true,"href":"https:\/\/www.burks.de\/recherchegruppe\/blog\/index.php?rest_route=%2Fwp%2Fv2%2Fcomments&post=226"}],"version-history":[{"count":0,"href":"https:\/\/www.burks.de\/recherchegruppe\/blog\/index.php?rest_route=\/wp\/v2\/posts\/226\/revisions"}],"wp:attachment":[{"href":"https:\/\/www.burks.de\/recherchegruppe\/blog\/index.php?rest_route=%2Fwp%2Fv2%2Fmedia&parent=226"}],"wp:term":[{"taxonomy":"category","embeddable":true,"href":"https:\/\/www.burks.de\/recherchegruppe\/blog\/index.php?rest_route=%2Fwp%2Fv2%2Fcategories&post=226"},{"taxonomy":"post_tag","embeddable":true,"href":"https:\/\/www.burks.de\/recherchegruppe\/blog\/index.php?rest_route=%2Fwp%2Fv2%2Ftags&post=226"}],"curies":[{"name":"wp","href":"https:\/\/api.w.org\/{rel}","templated":true}]}}