{"id":981,"date":"2008-10-14T12:24:59","date_gmt":"2008-10-14T10:24:59","guid":{"rendered":"http:\/\/www.burks.de\/burksblog\/2008\/10\/14\/immer-wieder-koche-nichts-als-koche\/"},"modified":"2008-10-14T12:24:59","modified_gmt":"2008-10-14T10:24:59","slug":"immer-wieder-koche-nichts-als-koche","status":"publish","type":"post","link":"https:\/\/www.burks.de\/burksblog\/2008\/10\/14\/immer-wieder-koche-nichts-als-koche","title":{"rendered":"Immer wieder K\u00f6che, nichts als K\u00f6che"},"content":{"rendered":"<p>&#8222;Es war alles so unglaublich langweilig.&#8220; (<a href=\"http:\/\/de.wikipedia.org\/wiki\/Marcel_Reich-Ranicki\">Marcel Reich-Ranicki<\/a> laut <a href=\"http:\/\/www.faz.net\/s\/Rub475F682E3FC24868A8A5276D4FB916D7\/Doc~E1B70FFD6B6BC40189C2A2893F32AA084~ATpl~Ecommon~Sspezial.html\">faz.net<\/a> \u00fcber den Grund f\u00fcr seinen Frustausbruch bei der Verleihung des Deutschen Fernsehpreises. (Gelesen auf <a href=\"http:\/\/www.welt.de\/debatte\/article2521469\/Jetzt-rede-ich.html?nr=18&#038;pbpnr=0\">Welt.de<\/a>.) Noch mehr Zitate: &#8222;W\u00fctend gemacht hat mich, dass fast alle preisgekr\u00f6nten Darbietungen auf einem erb\u00e4rmlichen Niveau waren. (&#8230;) &#8230;zwischendurch immer wieder K\u00f6che, nichts als K\u00f6che. Es war schrecklich. (&#8230;) Kultur kommt im deutschen Fernsehen so gut wie gar nicht mehr vor.&#8220;<\/p>\n<div class=\"pdfprnt-buttons pdfprnt-buttons-post pdfprnt-bottom-right\"><a href=\"https:\/\/www.burks.de\/burksblog\/wp-json\/wp\/v2\/posts\/981?print=pdf\" class=\"pdfprnt-button pdfprnt-button-pdf\" target=\"_blank\" ><img decoding=\"async\" src=\"https:\/\/www.burks.de\/burksblog\/wp-content\/plugins\/pdf-print\/images\/pdf.png\" alt=\"image_pdf\" title=\"PDF anzeigen\" \/><\/a><a href=\"https:\/\/www.burks.de\/burksblog\/wp-json\/wp\/v2\/posts\/981?print=print\" class=\"pdfprnt-button pdfprnt-button-print\" target=\"_blank\" ><img decoding=\"async\" src=\"https:\/\/www.burks.de\/burksblog\/wp-content\/plugins\/pdf-print\/images\/print.png\" alt=\"image_print\" title=\"Inhalt drucken\" \/><\/a><\/div><div class=\"twoclick_social_bookmarks_post_981 social_share_privacy clearfix 1.6.4 locale-de_DE sprite-de_DE\"><\/div><div class=\"twoclick-js\"><script type=\"text\/javascript\">\/* <![CDATA[ *\/\njQuery(document).ready(function($){if($('.twoclick_social_bookmarks_post_981')){$('.twoclick_social_bookmarks_post_981').socialSharePrivacy({\"services\":{\"facebook\":{\"status\":\"on\",\"txt_info\":\"2 Klicks f\\u00fcr mehr Datenschutz: Erst wenn Sie hier klicken, wird der Button aktiv und Sie k\\u00f6nnen Ihre Empfehlung an Facebook senden. Schon beim Aktivieren werden Daten an Dritte \\u00fcbertragen - siehe <em>i<\\\/em>.\",\"perma_option\":\"off\",\"action\":\"recommend\",\"language\":\"de_DE\"},\"twitter\":{\"reply_to\":\"\",\"tweet_text\":\"%20Immer%20wieder%20K%C3%B6che%2C%20nichts%20als%20K%C3%B6che%20%C2%BB%20Burks%27%20Blog%20-%20in%20dubio%20pro%20...\",\"status\":\"on\",\"txt_info\":\"2 Klicks f\\u00fcr mehr Datenschutz: Erst wenn Sie hier klicken, wird der Button aktiv und Sie k\\u00f6nnen Ihre Empfehlung an Twitter senden. Schon beim Aktivieren werden Daten an Dritte \\u00fcbertragen - siehe <em>i<\\\/em>.\",\"perma_option\":\"off\",\"language\":\"de\",\"referrer_track\":\"\"}},\"txt_help\":\"Wenn Sie diese Felder durch einen Klick aktivieren, werden Informationen an Facebook, Twitter, Flattr, Xing, t3n, LinkedIn, Pinterest oder Google eventuell ins Ausland \\u00fcbertragen und unter Umst\\u00e4nden auch dort gespeichert. N\\u00e4heres erfahren Sie durch einen Klick auf das <em>i<\\\/em>.\",\"settings_perma\":\"Dauerhaft aktivieren und Daten\\u00fcber-tragung zustimmen:\",\"info_link\":\"http:\\\/\\\/www.heise.de\\\/ct\\\/artikel\\\/2-Klicks-fuer-mehr-Datenschutz-1333879.html\",\"uri\":\"https:\\\/\\\/www.burks.de\\\/burksblog\\\/2008\\\/10\\\/14\\\/immer-wieder-koche-nichts-als-koche\",\"post_id\":981,\"post_title_referrer_track\":\"Immer+wieder+K%C3%B6che%2C+nichts+als+K%C3%B6che\",\"display_infobox\":\"on\"});}});\n\/* ]]> *\/<\/script><\/div>","protected":false},"excerpt":{"rendered":"<p>&#8222;Es war alles so unglaublich langweilig.&#8220; (Marcel Reich-Ranicki laut faz.net \u00fcber den Grund f\u00fcr seinen Frustausbruch bei der Verleihung des Deutschen Fernsehpreises. (Gelesen auf Welt.de.) Noch mehr Zitate: &#8222;W\u00fctend gemacht hat mich, dass fast alle preisgekr\u00f6nten Darbietungen auf einem erb\u00e4rmlichen Niveau waren. (&#8230;) &#8230;zwischendurch immer wieder K\u00f6che, nichts als K\u00f6che. Es war schrecklich. (&#8230;) Kultur [&hellip;]<\/p>\n","protected":false},"author":1,"featured_media":0,"comment_status":"open","ping_status":"open","sticky":false,"template":"","format":"standard","meta":{"footnotes":""},"categories":[1,23,292],"tags":[],"class_list":["post-981","post","type-post","status-publish","format-standard","hentry","category-feuilleton","category-media","category-zitate-die-man-sich-merken-sollte"],"_links":{"self":[{"href":"https:\/\/www.burks.de\/burksblog\/wp-json\/wp\/v2\/posts\/981","targetHints":{"allow":["GET"]}}],"collection":[{"href":"https:\/\/www.burks.de\/burksblog\/wp-json\/wp\/v2\/posts"}],"about":[{"href":"https:\/\/www.burks.de\/burksblog\/wp-json\/wp\/v2\/types\/post"}],"author":[{"embeddable":true,"href":"https:\/\/www.burks.de\/burksblog\/wp-json\/wp\/v2\/users\/1"}],"replies":[{"embeddable":true,"href":"https:\/\/www.burks.de\/burksblog\/wp-json\/wp\/v2\/comments?post=981"}],"version-history":[{"count":0,"href":"https:\/\/www.burks.de\/burksblog\/wp-json\/wp\/v2\/posts\/981\/revisions"}],"wp:attachment":[{"href":"https:\/\/www.burks.de\/burksblog\/wp-json\/wp\/v2\/media?parent=981"}],"wp:term":[{"taxonomy":"category","embeddable":true,"href":"https:\/\/www.burks.de\/burksblog\/wp-json\/wp\/v2\/categories?post=981"},{"taxonomy":"post_tag","embeddable":true,"href":"https:\/\/www.burks.de\/burksblog\/wp-json\/wp\/v2\/tags?post=981"}],"curies":[{"name":"wp","href":"https:\/\/api.w.org\/{rel}","templated":true}]}}