{"id":959,"date":"2008-10-09T00:38:13","date_gmt":"2008-10-08T22:38:13","guid":{"rendered":"http:\/\/www.burks.de\/burksblog\/2008\/10\/09\/walther-von-der-vogelweide-und-der-warenfetisch\/"},"modified":"2008-10-10T12:58:01","modified_gmt":"2008-10-10T10:58:01","slug":"walther-von-der-vogelweide-und-der-warenfetisch","status":"publish","type":"post","link":"https:\/\/www.burks.de\/burksblog\/2008\/10\/09\/walther-von-der-vogelweide-und-der-warenfetisch","title":{"rendered":"Walther von der Vogelweide und der Warenfetisch"},"content":{"rendered":"<p>Der <a href=\"http:\/\/www.schockwellenreiter.de\/2008\/10\/08.html#rasterfahndung\">Schockwellenreiter<\/a> hat \u00fcber mich gebloggt. Wir wohnen beide in Neuk\u00f6lln, sind beide verheiratet, haben beide einen Hund, bloggen beide, und waren beide &#8222;Tutor in WikipediaLogo Wolfgang F. Haugs legend\u00e4ren &#8218;Kapital&#8216;-Kursen&#8220;, wie ich <a href=\"http:\/\/www.burks.de\/burksblog\/2008\/10\/07\/karl-marx-ubernehmen-sie\/\">vorgestern<\/a> schrieb (&#8222;Karl Marx, \u00fcbernehmen Sie!&#8220;). Aber, und das muss hier gesagt worden, es gab einen wesentlichen Unterschied, obwohl wir nicht zeitgleich Tutor waren. Ich war damals der einzige Maoist in <a href=\"http:\/\/de.wikipedia.org\/wiki\/Wolfgang_Fritz_Haug\">Haugs<\/a> Truppe. (Nur an <a href=\"http:\/\/www.idaev.de\/html\/RassismusundRechtsextremismusinEuropa.pdf\">Nora R\u00e4tzel<\/a> kan ich mich noch erinnern.). Der Marx-Exegetiker Haug war weitaus toleranter und flexibler als seine Groupies, die fast alle in der SED-Tarnfirma <a href=\"http:\/\/de.wikipedia.org\/wiki\/Sozialistische_Einheitspartei_Westberlins\">SEW<\/a> waren oder in deren Tarnfirma &#8222;Aktionsgemeinschaft von Demokraten und Sozialisten (ADS)&#8220;. <\/p>\n<p>Haug mochte mich irgendwie. Ich kann mich noch gut erinnern an mein &#8222;Philosophikum&#8220; Ende der 70-er, der Zwischenpr\u00fcfung im Fach Philosophie, als der linke Haug mich schmunzelnd betreuen und pr\u00fcfen musste bei meinem gew\u00e4hlten Thema &#8222;<a href=\"http:\/\/de.wikipedia.org\/wiki\/Walther_von_der_Vogelweide\">Walter von der Vogelweide<\/a> und der <a href=\"http:\/\/de.wikipedia.org\/wiki\/Warenfetischismus\">Fetischcharakter<\/a> der Ware&#8220;, und die stockkonservaitven anderen Professoren, die mich ebenfalls in die Mangel nahmen, total gl\u00fccklich waren, dass sie endlich etwas verstanden und dass so ein Ultralinker sich f\u00fcr Mittelhochdeutsch interessierte. Ich bekam &#8211; und darauf bin ich wirklich stolz &#8211; ein &#8222;Sehr gut&#8220;.<\/p>\n<div class=\"pdfprnt-buttons pdfprnt-buttons-post pdfprnt-bottom-right\"><a href=\"https:\/\/www.burks.de\/burksblog\/wp-json\/wp\/v2\/posts\/959?print=pdf\" class=\"pdfprnt-button pdfprnt-button-pdf\" target=\"_blank\" ><img decoding=\"async\" src=\"https:\/\/www.burks.de\/burksblog\/wp-content\/plugins\/pdf-print\/images\/pdf.png\" alt=\"image_pdf\" title=\"PDF anzeigen\" \/><\/a><a href=\"https:\/\/www.burks.de\/burksblog\/wp-json\/wp\/v2\/posts\/959?print=print\" class=\"pdfprnt-button pdfprnt-button-print\" target=\"_blank\" ><img decoding=\"async\" src=\"https:\/\/www.burks.de\/burksblog\/wp-content\/plugins\/pdf-print\/images\/print.png\" alt=\"image_print\" title=\"Inhalt drucken\" \/><\/a><\/div><div class=\"twoclick_social_bookmarks_post_959 social_share_privacy clearfix 1.6.4 locale-de_DE sprite-de_DE\"><\/div><div class=\"twoclick-js\"><script type=\"text\/javascript\">\/* <![CDATA[ *\/\njQuery(document).ready(function($){if($('.twoclick_social_bookmarks_post_959')){$('.twoclick_social_bookmarks_post_959').socialSharePrivacy({\"services\":{\"facebook\":{\"status\":\"on\",\"txt_info\":\"2 Klicks f\\u00fcr mehr Datenschutz: Erst wenn Sie hier klicken, wird der Button aktiv und Sie k\\u00f6nnen Ihre Empfehlung an Facebook senden. Schon beim Aktivieren werden Daten an Dritte \\u00fcbertragen - siehe <em>i<\\\/em>.\",\"perma_option\":\"off\",\"action\":\"recommend\",\"language\":\"de_DE\"},\"twitter\":{\"reply_to\":\"\",\"tweet_text\":\"%20Walther%20von%20der%20Vogelweide%20und%20der%20Warenfetisch%20%C2%BB%20Burks%27%20Blog%20-%20in%20dubio%20...\",\"status\":\"on\",\"txt_info\":\"2 Klicks f\\u00fcr mehr Datenschutz: Erst wenn Sie hier klicken, wird der Button aktiv und Sie k\\u00f6nnen Ihre Empfehlung an Twitter senden. Schon beim Aktivieren werden Daten an Dritte \\u00fcbertragen - siehe <em>i<\\\/em>.\",\"perma_option\":\"off\",\"language\":\"de\",\"referrer_track\":\"\"}},\"txt_help\":\"Wenn Sie diese Felder durch einen Klick aktivieren, werden Informationen an Facebook, Twitter, Flattr, Xing, t3n, LinkedIn, Pinterest oder Google eventuell ins Ausland \\u00fcbertragen und unter Umst\\u00e4nden auch dort gespeichert. N\\u00e4heres erfahren Sie durch einen Klick auf das <em>i<\\\/em>.\",\"settings_perma\":\"Dauerhaft aktivieren und Daten\\u00fcber-tragung zustimmen:\",\"info_link\":\"http:\\\/\\\/www.heise.de\\\/ct\\\/artikel\\\/2-Klicks-fuer-mehr-Datenschutz-1333879.html\",\"uri\":\"https:\\\/\\\/www.burks.de\\\/burksblog\\\/2008\\\/10\\\/09\\\/walther-von-der-vogelweide-und-der-warenfetisch\",\"post_id\":959,\"post_title_referrer_track\":\"Walther+von+der+Vogelweide+und+der+Warenfetisch\",\"display_infobox\":\"on\"});}});\n\/* ]]> *\/<\/script><\/div>","protected":false},"excerpt":{"rendered":"<p>Der Schockwellenreiter hat \u00fcber mich gebloggt. Wir wohnen beide in Neuk\u00f6lln, sind beide verheiratet, haben beide einen Hund, bloggen beide, und waren beide &#8222;Tutor in WikipediaLogo Wolfgang F. Haugs legend\u00e4ren &#8218;Kapital&#8216;-Kursen&#8220;, wie ich vorgestern schrieb (&#8222;Karl Marx, \u00fcbernehmen Sie!&#8220;). Aber, und das muss hier gesagt worden, es gab einen wesentlichen Unterschied, obwohl wir nicht zeitgleich [&hellip;]<\/p>\n","protected":false},"author":1,"featured_media":0,"comment_status":"open","ping_status":"open","sticky":false,"template":"","format":"standard","meta":{"footnotes":""},"categories":[22],"tags":[],"class_list":["post-959","post","type-post","status-publish","format-standard","hentry","category-hausmitteilung"],"_links":{"self":[{"href":"https:\/\/www.burks.de\/burksblog\/wp-json\/wp\/v2\/posts\/959","targetHints":{"allow":["GET"]}}],"collection":[{"href":"https:\/\/www.burks.de\/burksblog\/wp-json\/wp\/v2\/posts"}],"about":[{"href":"https:\/\/www.burks.de\/burksblog\/wp-json\/wp\/v2\/types\/post"}],"author":[{"embeddable":true,"href":"https:\/\/www.burks.de\/burksblog\/wp-json\/wp\/v2\/users\/1"}],"replies":[{"embeddable":true,"href":"https:\/\/www.burks.de\/burksblog\/wp-json\/wp\/v2\/comments?post=959"}],"version-history":[{"count":0,"href":"https:\/\/www.burks.de\/burksblog\/wp-json\/wp\/v2\/posts\/959\/revisions"}],"wp:attachment":[{"href":"https:\/\/www.burks.de\/burksblog\/wp-json\/wp\/v2\/media?parent=959"}],"wp:term":[{"taxonomy":"category","embeddable":true,"href":"https:\/\/www.burks.de\/burksblog\/wp-json\/wp\/v2\/categories?post=959"},{"taxonomy":"post_tag","embeddable":true,"href":"https:\/\/www.burks.de\/burksblog\/wp-json\/wp\/v2\/tags?post=959"}],"curies":[{"name":"wp","href":"https:\/\/api.w.org\/{rel}","templated":true}]}}