{"id":9303,"date":"2011-03-13T23:50:48","date_gmt":"2011-03-13T21:50:48","guid":{"rendered":"http:\/\/www.burks.de\/burksblog\/?p=9303"},"modified":"2011-03-13T23:50:48","modified_gmt":"2011-03-13T21:50:48","slug":"vorratsdatenspeicherung-in-frankreich","status":"publish","type":"post","link":"https:\/\/www.burks.de\/burksblog\/2011\/03\/13\/vorratsdatenspeicherung-in-frankreich","title":{"rendered":"Vorratsdatenspeicherung in Frankreich"},"content":{"rendered":"<p><a href=\"http:\/\/www.netzpolitik.org\/2011\/vorratsdaten-in-frankreich-auch-passworter-werden-gespeichert\/\">Netzpolitik.org<\/a>: &#8222;Neben den bereits bekannten und in der Richtlinie genannten Daten wie IP-Adressen, Telefonnummern, Email-Adressen(&#8230;) ist in letzter Sekunde die Liste der zu speichernden Daten um &#8218;Passw\u00f6rter&#8216; (mots de passe) erg\u00e4nzt worden. (&#8230;) Der <del datetime=\"2011-03-13T21:48:13+00:00\">europ\u00e4ische<\/del> Chefdatensch\u00fctzer von Google, Peter Fleischer (&#8230;) <a href=\"http:\/\/peterfleischer.blogspot.com\/2011\/03\/france-re-writes-rules-of-data.html\">bringt die Konsequenzen gut auf den Punkt<\/a>: Damit ist der Einstieg gemacht in die Vorratsdatenspeicherung von Inhalten, w\u00e4hrend es bisher ja &#8217;nur&#8216; um Verbindungsdaten ging.&#8220;<\/p>\n<div class=\"pdfprnt-buttons pdfprnt-buttons-post pdfprnt-bottom-right\"><a href=\"https:\/\/www.burks.de\/burksblog\/wp-json\/wp\/v2\/posts\/9303?print=pdf\" class=\"pdfprnt-button pdfprnt-button-pdf\" target=\"_blank\" ><img decoding=\"async\" src=\"https:\/\/www.burks.de\/burksblog\/wp-content\/plugins\/pdf-print\/images\/pdf.png\" alt=\"image_pdf\" title=\"PDF anzeigen\" \/><\/a><a href=\"https:\/\/www.burks.de\/burksblog\/wp-json\/wp\/v2\/posts\/9303?print=print\" class=\"pdfprnt-button pdfprnt-button-print\" target=\"_blank\" ><img decoding=\"async\" src=\"https:\/\/www.burks.de\/burksblog\/wp-content\/plugins\/pdf-print\/images\/print.png\" alt=\"image_print\" title=\"Inhalt drucken\" \/><\/a><\/div><div class=\"twoclick_social_bookmarks_post_9303 social_share_privacy clearfix 1.6.4 locale-de_DE sprite-de_DE\"><\/div><div class=\"twoclick-js\"><script type=\"text\/javascript\">\/* <![CDATA[ *\/\njQuery(document).ready(function($){if($('.twoclick_social_bookmarks_post_9303')){$('.twoclick_social_bookmarks_post_9303').socialSharePrivacy({\"services\":{\"facebook\":{\"status\":\"on\",\"txt_info\":\"2 Klicks f\\u00fcr mehr Datenschutz: Erst wenn Sie hier klicken, wird der Button aktiv und Sie k\\u00f6nnen Ihre Empfehlung an Facebook senden. Schon beim Aktivieren werden Daten an Dritte \\u00fcbertragen - siehe <em>i<\\\/em>.\",\"perma_option\":\"off\",\"action\":\"recommend\",\"language\":\"de_DE\"},\"twitter\":{\"reply_to\":\"\",\"tweet_text\":\"%20Vorratsdatenspeicherung%20in%20Frankreich%20%C2%BB%20Burks%27%20Blog%20-%20in%20dubio%20pro%20contra.%20De%20...\",\"status\":\"on\",\"txt_info\":\"2 Klicks f\\u00fcr mehr Datenschutz: Erst wenn Sie hier klicken, wird der Button aktiv und Sie k\\u00f6nnen Ihre Empfehlung an Twitter senden. Schon beim Aktivieren werden Daten an Dritte \\u00fcbertragen - siehe <em>i<\\\/em>.\",\"perma_option\":\"off\",\"language\":\"de\",\"referrer_track\":\"\"}},\"txt_help\":\"Wenn Sie diese Felder durch einen Klick aktivieren, werden Informationen an Facebook, Twitter, Flattr, Xing, t3n, LinkedIn, Pinterest oder Google eventuell ins Ausland \\u00fcbertragen und unter Umst\\u00e4nden auch dort gespeichert. N\\u00e4heres erfahren Sie durch einen Klick auf das <em>i<\\\/em>.\",\"settings_perma\":\"Dauerhaft aktivieren und Daten\\u00fcber-tragung zustimmen:\",\"info_link\":\"http:\\\/\\\/www.heise.de\\\/ct\\\/artikel\\\/2-Klicks-fuer-mehr-Datenschutz-1333879.html\",\"uri\":\"https:\\\/\\\/www.burks.de\\\/burksblog\\\/2011\\\/03\\\/13\\\/vorratsdatenspeicherung-in-frankreich\",\"post_id\":9303,\"post_title_referrer_track\":\"Vorratsdatenspeicherung+in+Frankreich\",\"display_infobox\":\"on\"});}});\n\/* ]]> *\/<\/script><\/div>","protected":false},"excerpt":{"rendered":"<p>Netzpolitik.org: &#8222;Neben den bereits bekannten und in der Richtlinie genannten Daten wie IP-Adressen, Telefonnummern, Email-Adressen(&#8230;) ist in letzter Sekunde die Liste der zu speichernden Daten um &#8218;Passw\u00f6rter&#8216; (mots de passe) erg\u00e4nzt worden. (&#8230;) Der europ\u00e4ische Chefdatensch\u00fctzer von Google, Peter Fleischer (&#8230;) bringt die Konsequenzen gut auf den Punkt: Damit ist der Einstieg gemacht in die [&hellip;]<\/p>\n","protected":false},"author":1,"featured_media":0,"comment_status":"open","ping_status":"open","sticky":false,"template":"","format":"standard","meta":{"footnotes":""},"categories":[15,31],"tags":[],"class_list":["post-9303","post","type-post","status-publish","format-standard","hentry","category-politics","category-protect-your-privacy"],"_links":{"self":[{"href":"https:\/\/www.burks.de\/burksblog\/wp-json\/wp\/v2\/posts\/9303","targetHints":{"allow":["GET"]}}],"collection":[{"href":"https:\/\/www.burks.de\/burksblog\/wp-json\/wp\/v2\/posts"}],"about":[{"href":"https:\/\/www.burks.de\/burksblog\/wp-json\/wp\/v2\/types\/post"}],"author":[{"embeddable":true,"href":"https:\/\/www.burks.de\/burksblog\/wp-json\/wp\/v2\/users\/1"}],"replies":[{"embeddable":true,"href":"https:\/\/www.burks.de\/burksblog\/wp-json\/wp\/v2\/comments?post=9303"}],"version-history":[{"count":1,"href":"https:\/\/www.burks.de\/burksblog\/wp-json\/wp\/v2\/posts\/9303\/revisions"}],"predecessor-version":[{"id":9304,"href":"https:\/\/www.burks.de\/burksblog\/wp-json\/wp\/v2\/posts\/9303\/revisions\/9304"}],"wp:attachment":[{"href":"https:\/\/www.burks.de\/burksblog\/wp-json\/wp\/v2\/media?parent=9303"}],"wp:term":[{"taxonomy":"category","embeddable":true,"href":"https:\/\/www.burks.de\/burksblog\/wp-json\/wp\/v2\/categories?post=9303"},{"taxonomy":"post_tag","embeddable":true,"href":"https:\/\/www.burks.de\/burksblog\/wp-json\/wp\/v2\/tags?post=9303"}],"curies":[{"name":"wp","href":"https:\/\/api.w.org\/{rel}","templated":true}]}}