{"id":922,"date":"2008-10-01T19:34:03","date_gmt":"2008-10-01T17:34:03","guid":{"rendered":"http:\/\/www.burks.de\/burksblog\/2008\/10\/01\/schriftsteller-die-regelmasig-arbeiten\/"},"modified":"2008-10-01T19:37:37","modified_gmt":"2008-10-01T17:37:37","slug":"schriftsteller-die-regelmasig-arbeiten","status":"publish","type":"post","link":"https:\/\/www.burks.de\/burksblog\/2008\/10\/01\/schriftsteller-die-regelmasig-arbeiten","title":{"rendered":"Schriftsteller, die regelm\u00e4\u00dfig arbeiten"},"content":{"rendered":"<p>Das trudelte gerade rein (inklusive offener CC-Verteiler):<\/p>\n<p>&#8222;Sehr geehrte Autorinnen und  Autoren! Der <a href=\"http:\/\/www.dortcon.de\/index.php?content=index\">DORT.con<\/a> veranstaltet einen Storywettbewerb zum Thema &#8222;Auf dem Weg zum \u00dcber-Ich&#8220;. Gesucht werden Manuskripte, die das Thema eindeutig als Science Fiction behandeln und der \u00d6ffentlichkeit bisher nicht zug\u00e4nglich waren. Fantasy und Horror werden nicht akzeptiert. Schriftsteller, die durch ihre Arbeit auf regelm\u00e4\u00dfiger Basis Geld verdienen, sind nicht zugelassen. (&#8230;)&#8220;<\/p>\n<p>Sind die noch bei Trost? Darf ich nun oder nicht? Wie schlecht m\u00fcsste ich sein, dass ich eine SF-Story im Sinne von DORT.con schreiben kann? Kein Wunder, dass die deutsche SF weitgehend uns\u00e4glich ist.<\/p>\n<div class=\"pdfprnt-buttons pdfprnt-buttons-post pdfprnt-bottom-right\"><a href=\"https:\/\/www.burks.de\/burksblog\/wp-json\/wp\/v2\/posts\/922?print=pdf\" class=\"pdfprnt-button pdfprnt-button-pdf\" target=\"_blank\" ><img decoding=\"async\" src=\"https:\/\/www.burks.de\/burksblog\/wp-content\/plugins\/pdf-print\/images\/pdf.png\" alt=\"image_pdf\" title=\"PDF anzeigen\" \/><\/a><a href=\"https:\/\/www.burks.de\/burksblog\/wp-json\/wp\/v2\/posts\/922?print=print\" class=\"pdfprnt-button pdfprnt-button-print\" target=\"_blank\" ><img decoding=\"async\" src=\"https:\/\/www.burks.de\/burksblog\/wp-content\/plugins\/pdf-print\/images\/print.png\" alt=\"image_print\" title=\"Inhalt drucken\" \/><\/a><\/div><div class=\"twoclick_social_bookmarks_post_922 social_share_privacy clearfix 1.6.4 locale-de_DE sprite-de_DE\"><\/div><div class=\"twoclick-js\"><script type=\"text\/javascript\">\/* <![CDATA[ *\/\njQuery(document).ready(function($){if($('.twoclick_social_bookmarks_post_922')){$('.twoclick_social_bookmarks_post_922').socialSharePrivacy({\"services\":{\"facebook\":{\"status\":\"on\",\"txt_info\":\"2 Klicks f\\u00fcr mehr Datenschutz: Erst wenn Sie hier klicken, wird der Button aktiv und Sie k\\u00f6nnen Ihre Empfehlung an Facebook senden. Schon beim Aktivieren werden Daten an Dritte \\u00fcbertragen - siehe <em>i<\\\/em>.\",\"perma_option\":\"off\",\"action\":\"recommend\",\"language\":\"de_DE\"},\"twitter\":{\"reply_to\":\"\",\"tweet_text\":\"%20Schriftsteller%2C%20die%20regelm%C3%A4%C3%9Fig%20arbeiten%20%C2%BB%20Burks%27%20Blog%20-%20in%20dubio%20pro%20...\",\"status\":\"on\",\"txt_info\":\"2 Klicks f\\u00fcr mehr Datenschutz: Erst wenn Sie hier klicken, wird der Button aktiv und Sie k\\u00f6nnen Ihre Empfehlung an Twitter senden. Schon beim Aktivieren werden Daten an Dritte \\u00fcbertragen - siehe <em>i<\\\/em>.\",\"perma_option\":\"off\",\"language\":\"de\",\"referrer_track\":\"\"}},\"txt_help\":\"Wenn Sie diese Felder durch einen Klick aktivieren, werden Informationen an Facebook, Twitter, Flattr, Xing, t3n, LinkedIn, Pinterest oder Google eventuell ins Ausland \\u00fcbertragen und unter Umst\\u00e4nden auch dort gespeichert. N\\u00e4heres erfahren Sie durch einen Klick auf das <em>i<\\\/em>.\",\"settings_perma\":\"Dauerhaft aktivieren und Daten\\u00fcber-tragung zustimmen:\",\"info_link\":\"http:\\\/\\\/www.heise.de\\\/ct\\\/artikel\\\/2-Klicks-fuer-mehr-Datenschutz-1333879.html\",\"uri\":\"https:\\\/\\\/www.burks.de\\\/burksblog\\\/2008\\\/10\\\/01\\\/schriftsteller-die-regelmasig-arbeiten\",\"post_id\":922,\"post_title_referrer_track\":\"Schriftsteller%2C+die+regelm%C3%A4%C3%9Fig+arbeiten\",\"display_infobox\":\"on\"});}});\n\/* ]]> *\/<\/script><\/div>","protected":false},"excerpt":{"rendered":"<p>Das trudelte gerade rein (inklusive offener CC-Verteiler): &#8222;Sehr geehrte Autorinnen und Autoren! Der DORT.con veranstaltet einen Storywettbewerb zum Thema &#8222;Auf dem Weg zum \u00dcber-Ich&#8220;. Gesucht werden Manuskripte, die das Thema eindeutig als Science Fiction behandeln und der \u00d6ffentlichkeit bisher nicht zug\u00e4nglich waren. Fantasy und Horror werden nicht akzeptiert. Schriftsteller, die durch ihre Arbeit auf regelm\u00e4\u00dfiger [&hellip;]<\/p>\n","protected":false},"author":1,"featured_media":0,"comment_status":"open","ping_status":"open","sticky":false,"template":"","format":"standard","meta":{"footnotes":""},"categories":[1],"tags":[],"class_list":["post-922","post","type-post","status-publish","format-standard","hentry","category-feuilleton"],"_links":{"self":[{"href":"https:\/\/www.burks.de\/burksblog\/wp-json\/wp\/v2\/posts\/922","targetHints":{"allow":["GET"]}}],"collection":[{"href":"https:\/\/www.burks.de\/burksblog\/wp-json\/wp\/v2\/posts"}],"about":[{"href":"https:\/\/www.burks.de\/burksblog\/wp-json\/wp\/v2\/types\/post"}],"author":[{"embeddable":true,"href":"https:\/\/www.burks.de\/burksblog\/wp-json\/wp\/v2\/users\/1"}],"replies":[{"embeddable":true,"href":"https:\/\/www.burks.de\/burksblog\/wp-json\/wp\/v2\/comments?post=922"}],"version-history":[{"count":0,"href":"https:\/\/www.burks.de\/burksblog\/wp-json\/wp\/v2\/posts\/922\/revisions"}],"wp:attachment":[{"href":"https:\/\/www.burks.de\/burksblog\/wp-json\/wp\/v2\/media?parent=922"}],"wp:term":[{"taxonomy":"category","embeddable":true,"href":"https:\/\/www.burks.de\/burksblog\/wp-json\/wp\/v2\/categories?post=922"},{"taxonomy":"post_tag","embeddable":true,"href":"https:\/\/www.burks.de\/burksblog\/wp-json\/wp\/v2\/tags?post=922"}],"curies":[{"name":"wp","href":"https:\/\/api.w.org\/{rel}","templated":true}]}}