{"id":9210,"date":"2011-03-09T16:25:37","date_gmt":"2011-03-09T14:25:37","guid":{"rendered":"http:\/\/www.burks.de\/burksblog\/?p=9210"},"modified":"2011-03-09T16:25:37","modified_gmt":"2011-03-09T14:25:37","slug":"verfahren-gegen-linken-buchladen-eingestellt","status":"publish","type":"post","link":"https:\/\/www.burks.de\/burksblog\/2011\/03\/09\/verfahren-gegen-linken-buchladen-eingestellt","title":{"rendered":"Verfahren gegen linken Buchladen eingestellt"},"content":{"rendered":"<p><a href=\"http:\/\/www.die-linke-berlin.de\/nc\/politik\/presse\/detail\/artikel\/verfahren-gegen-linken-buchladen-eingestellt\/\">Pressemitteilung<\/a> der Partei &#8222;Die Linke&#8220;:<br \/>\n&#8222;Die gestrige Einstellung des <a href=\"http:\/\/www.unzensiert-lesen.de\/\">Strafverfahrens<\/a> gegen den Betreiber des Buchladens &#8218;oh 21&#8216; weist die Staatsanwaltschaft in die Schranken. Diese hat in den letzten Monaten eine Reihe von Ermittlungsverfahren gegen verschiedene linke Buchl\u00e4den eingeleitet. Der Vorwurf lautet Beihilfe zur Anleitung zu Straftaten und Versto\u00df gegen das Waffengesetz. Dieser Vorwurf beruht allein darauf, dass in diesen Buchl\u00e4den einschl\u00e4gige Zeitschriften und Flugbl\u00e4tter ausliegen. Immer wieder wurden deshalb L\u00e4den wie <a href=\"http:\/\/www.oh21.de\/impressum.html\">oh 21<\/a>, <a href=\"http:\/\/www.schwarzerisse.de\/\">Schwarze Risse<\/a> oder &#8218;<a href=\"http:\/\/www.unzensiert-lesen.de\/kontakt.shtml\">M99<\/a>&#8218; [&#8222;Berliner Gemischtwarenladen mit Revolutionsbedarf M99&#8220; B.S.] polizeilich <a href=\"http:\/\/de.indymedia.org\/2010\/04\/279431.shtml\">durchsucht<\/a>.<\/p>\n<p>Die Auffassung der Staatsanwaltschaft, Buchh\u00e4ndler k\u00f6nnten f\u00fcr die Inhalte aller bei ihnen ausliegenden B\u00fccher und Materialien strafrechtlich verantwortlich gemacht werden, konnte sich gestern vor Gericht nicht durchsetzen. Dies best\u00e4tigt die bisher geltende Rechtsprechung.<\/p>\n<p>Von Buchh\u00e4ndlern zu verlangen, s\u00e4mtliche Inhalte der von ihnen vertriebenen Schriftst\u00fccke zu kennen und daf\u00fcr auch noch pers\u00f6nlich haftbar zu sein, ignoriert den Charakter des Strafrechts als Ultima Ratio beim Schutz konkreter Rechtsg\u00fcter. (&#8230;) Wenn nicht einmal die Gerichte einen Anlass sehen, gegen die Buchl\u00e4den vorzugehen, sollte die Staatsanwaltschaft von einem solchen Vorgehen absehen. Das Strafrecht dient nicht der Legitimation polizeilicher Pr\u00e4ventionst\u00e4tigkeit und der Ausforschung von Milieus.&#8220;<\/p>\n<p>(Auch in Pressemitteilungen kann man Links setzen, Linke!)<\/p>\n<p>Das wird nat\u00fcrlich trotzdem weitergehen. Der h\u00fcbsche Paragraf &#8222;<a href=\"http:\/\/www.burks.de\/burksblog\/2009\/06\/30\/verstos-gegen-das-waffengesetz-freispruch\">Versto\u00df gegen das Waffengesetz<\/a>&#8220; ist so vage formuliert (&#8222;fehlende Normenklarheit, w\u00fcrde das Bundesverfassungsgericht formulieren), dass er sich hervorragend daf\u00fcr eignet, Leute einzusch\u00fcchtern, deren politische Meinungen ein paar Berliner Staatsanw\u00e4lten schlicht nicht in den Kram passt. Das Verfahren ist die Strafe; die Kosten f\u00fcr l\u00e4cherliche Ermittlungsverfahren zahlt der Steuerzahler. Ich wei\u00df, wovon ich rede&#8230;.<\/p>\n<div class=\"pdfprnt-buttons pdfprnt-buttons-post pdfprnt-bottom-right\"><a href=\"https:\/\/www.burks.de\/burksblog\/wp-json\/wp\/v2\/posts\/9210?print=pdf\" class=\"pdfprnt-button pdfprnt-button-pdf\" target=\"_blank\" ><img decoding=\"async\" src=\"https:\/\/www.burks.de\/burksblog\/wp-content\/plugins\/pdf-print\/images\/pdf.png\" alt=\"image_pdf\" title=\"PDF anzeigen\" \/><\/a><a href=\"https:\/\/www.burks.de\/burksblog\/wp-json\/wp\/v2\/posts\/9210?print=print\" class=\"pdfprnt-button pdfprnt-button-print\" target=\"_blank\" ><img decoding=\"async\" src=\"https:\/\/www.burks.de\/burksblog\/wp-content\/plugins\/pdf-print\/images\/print.png\" alt=\"image_print\" title=\"Inhalt drucken\" \/><\/a><\/div><div class=\"twoclick_social_bookmarks_post_9210 social_share_privacy clearfix 1.6.4 locale-de_DE sprite-de_DE\"><\/div><div class=\"twoclick-js\"><script type=\"text\/javascript\">\/* <![CDATA[ *\/\njQuery(document).ready(function($){if($('.twoclick_social_bookmarks_post_9210')){$('.twoclick_social_bookmarks_post_9210').socialSharePrivacy({\"services\":{\"facebook\":{\"status\":\"on\",\"txt_info\":\"2 Klicks f\\u00fcr mehr Datenschutz: Erst wenn Sie hier klicken, wird der Button aktiv und Sie k\\u00f6nnen Ihre Empfehlung an Facebook senden. Schon beim Aktivieren werden Daten an Dritte \\u00fcbertragen - siehe <em>i<\\\/em>.\",\"perma_option\":\"off\",\"action\":\"recommend\",\"language\":\"de_DE\"},\"twitter\":{\"reply_to\":\"\",\"tweet_text\":\"%20Verfahren%20gegen%20linken%20Buchladen%20eingestellt%20%C2%BB%20Burks%27%20Blog%20-%20in%20dubio%20pro%20...\",\"status\":\"on\",\"txt_info\":\"2 Klicks f\\u00fcr mehr Datenschutz: Erst wenn Sie hier klicken, wird der Button aktiv und Sie k\\u00f6nnen Ihre Empfehlung an Twitter senden. Schon beim Aktivieren werden Daten an Dritte \\u00fcbertragen - siehe <em>i<\\\/em>.\",\"perma_option\":\"off\",\"language\":\"de\",\"referrer_track\":\"\"}},\"txt_help\":\"Wenn Sie diese Felder durch einen Klick aktivieren, werden Informationen an Facebook, Twitter, Flattr, Xing, t3n, LinkedIn, Pinterest oder Google eventuell ins Ausland \\u00fcbertragen und unter Umst\\u00e4nden auch dort gespeichert. N\\u00e4heres erfahren Sie durch einen Klick auf das <em>i<\\\/em>.\",\"settings_perma\":\"Dauerhaft aktivieren und Daten\\u00fcber-tragung zustimmen:\",\"info_link\":\"http:\\\/\\\/www.heise.de\\\/ct\\\/artikel\\\/2-Klicks-fuer-mehr-Datenschutz-1333879.html\",\"uri\":\"https:\\\/\\\/www.burks.de\\\/burksblog\\\/2011\\\/03\\\/09\\\/verfahren-gegen-linken-buchladen-eingestellt\",\"post_id\":9210,\"post_title_referrer_track\":\"Verfahren+gegen+linken+Buchladen+eingestellt\",\"display_infobox\":\"on\"});}});\n\/* ]]> *\/<\/script><\/div>","protected":false},"excerpt":{"rendered":"<p>Pressemitteilung der Partei &#8222;Die Linke&#8220;: &#8222;Die gestrige Einstellung des Strafverfahrens gegen den Betreiber des Buchladens &#8218;oh 21&#8216; weist die Staatsanwaltschaft in die Schranken. Diese hat in den letzten Monaten eine Reihe von Ermittlungsverfahren gegen verschiedene linke Buchl\u00e4den eingeleitet. Der Vorwurf lautet Beihilfe zur Anleitung zu Straftaten und Versto\u00df gegen das Waffengesetz. Dieser Vorwurf beruht allein [&hellip;]<\/p>\n","protected":false},"author":1,"featured_media":0,"comment_status":"open","ping_status":"open","sticky":false,"template":"","format":"standard","meta":{"footnotes":""},"categories":[15],"tags":[],"class_list":["post-9210","post","type-post","status-publish","format-standard","hentry","category-politics"],"_links":{"self":[{"href":"https:\/\/www.burks.de\/burksblog\/wp-json\/wp\/v2\/posts\/9210","targetHints":{"allow":["GET"]}}],"collection":[{"href":"https:\/\/www.burks.de\/burksblog\/wp-json\/wp\/v2\/posts"}],"about":[{"href":"https:\/\/www.burks.de\/burksblog\/wp-json\/wp\/v2\/types\/post"}],"author":[{"embeddable":true,"href":"https:\/\/www.burks.de\/burksblog\/wp-json\/wp\/v2\/users\/1"}],"replies":[{"embeddable":true,"href":"https:\/\/www.burks.de\/burksblog\/wp-json\/wp\/v2\/comments?post=9210"}],"version-history":[{"count":1,"href":"https:\/\/www.burks.de\/burksblog\/wp-json\/wp\/v2\/posts\/9210\/revisions"}],"predecessor-version":[{"id":9211,"href":"https:\/\/www.burks.de\/burksblog\/wp-json\/wp\/v2\/posts\/9210\/revisions\/9211"}],"wp:attachment":[{"href":"https:\/\/www.burks.de\/burksblog\/wp-json\/wp\/v2\/media?parent=9210"}],"wp:term":[{"taxonomy":"category","embeddable":true,"href":"https:\/\/www.burks.de\/burksblog\/wp-json\/wp\/v2\/categories?post=9210"},{"taxonomy":"post_tag","embeddable":true,"href":"https:\/\/www.burks.de\/burksblog\/wp-json\/wp\/v2\/tags?post=9210"}],"curies":[{"name":"wp","href":"https:\/\/api.w.org\/{rel}","templated":true}]}}