{"id":9173,"date":"2011-03-05T18:41:25","date_gmt":"2011-03-05T16:41:25","guid":{"rendered":"http:\/\/www.burks.de\/burksblog\/?p=9173"},"modified":"2011-03-05T18:45:33","modified_gmt":"2011-03-05T16:45:33","slug":"raubkopierer-sind-keine-verbrecher","status":"publish","type":"post","link":"https:\/\/www.burks.de\/burksblog\/2011\/03\/05\/raubkopierer-sind-keine-verbrecher","title":{"rendered":"Raubkopierer sind keine Verbrecher! oder: Trendsportart Demohacking"},"content":{"rendered":"<div class=\"lyte-wrapper fourthree\" title=\"Guttenberg Solidarit&auml;tskundgebung 5.3.2011 in Berlin\" style=\"width:480px;max-width:100%;margin:5px;\"><div class=\"lyMe\" id=\"WYL_gD5rBF5HNAw\" itemprop=\"video\" itemscope itemtype=\"https:\/\/schema.org\/VideoObject\"><div><meta itemprop=\"thumbnailUrl\" content=\"https:\/\/i.ytimg.com\/vi\/gD5rBF5HNAw\/hqdefault.jpg\" \/><meta itemprop=\"embedURL\" content=\"https:\/\/www.youtube.com\/embed\/gD5rBF5HNAw\" \/><meta itemprop=\"duration\" content=\"PT5M23S\" \/><meta itemprop=\"uploadDate\" content=\"2011-03-05T15:41:35Z\" \/><\/div><div id=\"lyte_gD5rBF5HNAw\" data-src=\"https:\/\/i.ytimg.com\/vi\/gD5rBF5HNAw\/hqdefault.jpg\" class=\"pL\"><div class=\"tC\"><div class=\"tT\" itemprop=\"name\">Guttenberg Solidarit\u00e4tskundgebung 5.3.2011 in Berlin<\/div><\/div><button tabindex=\"0\" class=\"play\"><\/button><div class=\"ctrl\"><div class=\"Lctrl\"><\/div><div class=\"Rctrl\"><\/div><\/div><\/div><noscript><a href=\"https:\/\/youtu.be\/gD5rBF5HNAw\" rel=\"nofollow\"><img loading=\"lazy\" decoding=\"async\" src=\"https:\/\/i.ytimg.com\/vi\/gD5rBF5HNAw\/0.jpg\" alt=\"Guttenberg Solidarit&auml;tskundgebung 5.3.2011 in Berlin\" width=\"480\" height=\"340\" \/><br \/>Dieses Video auf YouTube ansehen<\/a><\/noscript><meta itemprop=\"description\" content=\"Interview mit dem Anmelder der Demo, der sich als knallharter Fan des wg. einer gef\u00e4lschten Doktorarbeit zur\u00fcckgetretenen Verteidigungsministers KT zu Guttenberg zu erkennen gibt.\"><\/div><\/div><div class=\"lL\" style=\"max-width:100%;width:480px;margin:5px;\"><br\/><span class=\"lyte_disclaimer\">Das Video wird von YouTube eingebettet und erst beim Klick auf den Play-Button geladen. Es gelten die <a href=\"https:\/\/policies.google.com\/privacy?hl=de\">Datenschutzerkl\u00e4rungen von Google<\/A>.<\/span><\/div><\/p>\n<p align=left>&#8222;Ich m\u00f6chte gern von Herrn Guttenberg regiert werden&#8230;&#8220; Bruahahahaha. Ich w\u00fcsste nur gern, ob die fragende Reporterin gemerkt hat, wer mit ihr spricht. Oder geh\u00f6rt die auch zur Hedonistischen Internationalen? &#8222;Die deutsche Medienmacht muss gebrochen werden&#8230;diese linken Schmierbl\u00e4tter FAZ und Welt&#8230;&#8220; (Mehr <a href=\"http:\/\/www.flickr.com\/photos\/fotografiona\/sets\/72157626075347655\">Bilder<\/a> zur Pro Guttenberg Demo in Berlin, <a href=\"http:\/\/www.spiegel.de\/politik\/deutschland\/0,1518,749271,00.html\">hier auch<\/a>)<\/p>\n<div class=\"pdfprnt-buttons pdfprnt-buttons-post pdfprnt-bottom-right\"><a href=\"https:\/\/www.burks.de\/burksblog\/wp-json\/wp\/v2\/posts\/9173?print=pdf\" class=\"pdfprnt-button pdfprnt-button-pdf\" target=\"_blank\" ><img decoding=\"async\" src=\"https:\/\/www.burks.de\/burksblog\/wp-content\/plugins\/pdf-print\/images\/pdf.png\" alt=\"image_pdf\" title=\"PDF anzeigen\" \/><\/a><a href=\"https:\/\/www.burks.de\/burksblog\/wp-json\/wp\/v2\/posts\/9173?print=print\" class=\"pdfprnt-button pdfprnt-button-print\" target=\"_blank\" ><img decoding=\"async\" src=\"https:\/\/www.burks.de\/burksblog\/wp-content\/plugins\/pdf-print\/images\/print.png\" alt=\"image_print\" title=\"Inhalt drucken\" \/><\/a><\/div><div class=\"twoclick_social_bookmarks_post_9173 social_share_privacy clearfix 1.6.4 locale-de_DE sprite-de_DE\"><\/div><div class=\"twoclick-js\"><script type=\"text\/javascript\">\/* <![CDATA[ *\/\njQuery(document).ready(function($){if($('.twoclick_social_bookmarks_post_9173')){$('.twoclick_social_bookmarks_post_9173').socialSharePrivacy({\"services\":{\"facebook\":{\"status\":\"on\",\"txt_info\":\"2 Klicks f\\u00fcr mehr Datenschutz: Erst wenn Sie hier klicken, wird der Button aktiv und Sie k\\u00f6nnen Ihre Empfehlung an Facebook senden. Schon beim Aktivieren werden Daten an Dritte \\u00fcbertragen - siehe <em>i<\\\/em>.\",\"perma_option\":\"off\",\"action\":\"recommend\",\"language\":\"de_DE\"},\"twitter\":{\"reply_to\":\"\",\"tweet_text\":\"%20Raubkopierer%20sind%20keine%20Verbrecher%21%20oder%3A%20Trendsportart%20Demohacking%20%C2%BB%20Burks%27%20...\",\"status\":\"on\",\"txt_info\":\"2 Klicks f\\u00fcr mehr Datenschutz: Erst wenn Sie hier klicken, wird der Button aktiv und Sie k\\u00f6nnen Ihre Empfehlung an Twitter senden. Schon beim Aktivieren werden Daten an Dritte \\u00fcbertragen - siehe <em>i<\\\/em>.\",\"perma_option\":\"off\",\"language\":\"de\",\"referrer_track\":\"\"}},\"txt_help\":\"Wenn Sie diese Felder durch einen Klick aktivieren, werden Informationen an Facebook, Twitter, Flattr, Xing, t3n, LinkedIn, Pinterest oder Google eventuell ins Ausland \\u00fcbertragen und unter Umst\\u00e4nden auch dort gespeichert. N\\u00e4heres erfahren Sie durch einen Klick auf das <em>i<\\\/em>.\",\"settings_perma\":\"Dauerhaft aktivieren und Daten\\u00fcber-tragung zustimmen:\",\"info_link\":\"http:\\\/\\\/www.heise.de\\\/ct\\\/artikel\\\/2-Klicks-fuer-mehr-Datenschutz-1333879.html\",\"uri\":\"https:\\\/\\\/www.burks.de\\\/burksblog\\\/2011\\\/03\\\/05\\\/raubkopierer-sind-keine-verbrecher\",\"post_id\":9173,\"post_title_referrer_track\":\"Raubkopierer+sind+keine+Verbrecher%21+oder%3A+Trendsportart+Demohacking\",\"display_infobox\":\"on\"});}});\n\/* ]]> *\/<\/script><\/div>","protected":false},"excerpt":{"rendered":"<p>&#8222;Ich m\u00f6chte gern von Herrn Guttenberg regiert werden&#8230;&#8220; Bruahahahaha. Ich w\u00fcsste nur gern, ob die fragende Reporterin gemerkt hat, wer mit ihr spricht. Oder geh\u00f6rt die auch zur Hedonistischen Internationalen? &#8222;Die deutsche Medienmacht muss gebrochen werden&#8230;diese linken Schmierbl\u00e4tter FAZ und Welt&#8230;&#8220; (Mehr Bilder zur Pro Guttenberg Demo in Berlin, hier auch)<\/p>\n","protected":false},"author":1,"featured_media":0,"comment_status":"open","ping_status":"open","sticky":false,"template":"","format":"standard","meta":{"footnotes":""},"categories":[22],"tags":[],"class_list":["post-9173","post","type-post","status-publish","format-standard","hentry","category-hausmitteilung"],"_links":{"self":[{"href":"https:\/\/www.burks.de\/burksblog\/wp-json\/wp\/v2\/posts\/9173","targetHints":{"allow":["GET"]}}],"collection":[{"href":"https:\/\/www.burks.de\/burksblog\/wp-json\/wp\/v2\/posts"}],"about":[{"href":"https:\/\/www.burks.de\/burksblog\/wp-json\/wp\/v2\/types\/post"}],"author":[{"embeddable":true,"href":"https:\/\/www.burks.de\/burksblog\/wp-json\/wp\/v2\/users\/1"}],"replies":[{"embeddable":true,"href":"https:\/\/www.burks.de\/burksblog\/wp-json\/wp\/v2\/comments?post=9173"}],"version-history":[{"count":7,"href":"https:\/\/www.burks.de\/burksblog\/wp-json\/wp\/v2\/posts\/9173\/revisions"}],"predecessor-version":[{"id":9180,"href":"https:\/\/www.burks.de\/burksblog\/wp-json\/wp\/v2\/posts\/9173\/revisions\/9180"}],"wp:attachment":[{"href":"https:\/\/www.burks.de\/burksblog\/wp-json\/wp\/v2\/media?parent=9173"}],"wp:term":[{"taxonomy":"category","embeddable":true,"href":"https:\/\/www.burks.de\/burksblog\/wp-json\/wp\/v2\/categories?post=9173"},{"taxonomy":"post_tag","embeddable":true,"href":"https:\/\/www.burks.de\/burksblog\/wp-json\/wp\/v2\/tags?post=9173"}],"curies":[{"name":"wp","href":"https:\/\/api.w.org\/{rel}","templated":true}]}}