{"id":9131,"date":"2011-03-05T12:48:43","date_gmt":"2011-03-05T10:48:43","guid":{"rendered":"http:\/\/www.burks.de\/burksblog\/?p=9131"},"modified":"2020-05-28T08:39:21","modified_gmt":"2020-05-28T06:39:21","slug":"union-fordert-das-internet-muss-in-deutschland-mehr-zensiert-werden","status":"publish","type":"post","link":"https:\/\/www.burks.de\/burksblog\/2011\/03\/05\/union-fordert-das-internet-muss-in-deutschland-mehr-zensiert-werden","title":{"rendered":"Union fordert: Das Internet muss in Deutschland mehr zensiert werden"},"content":{"rendered":"<p>In \u00c4gypten wurde die <a href=\"http:\/\/www.taz.de\/1\/netz\/netzpolitik\/artikel\/1\/wie-aegypten-offline-ging\/\">Zensur des Internet<\/a> gerade wieder abgeschafft. Die CDU will ab M\u00e4rz die Zensur des Internet in Deutschland wieder einf\u00fchren.<\/p>\n<p>Laut <a href=\"http:\/\/www.noz.de\/deutschland-und-welt\/politik\/51732151\/union-fuer-erneute-internet-sperren-gegen-kinderpornos\">Osnabr\u00fccker Zeitung<\/a> (via <a href=\"http:\/\/www.netzpolitik.org\/2011\/zensursula-reloaded-netzsperren-bereits-ab-marz\/\">netzpolitik.org<\/a>) sagte der so genannte &#8222;Unionsexperte&#8220; (was ist das denn?) <a href=\"http:\/\/de.wikipedia.org\/wiki\/G%C3%BCnter_Krings\">G\u00fcnter Krings<\/a>: &#8222;Ich erwarte, dass die Bundesregierung nun Kinderporno-Sperren bei nachgewiesener Erforderlichkeit auch einsetzt \u2013 so, wie <a href=\"http:\/\/www.netzpolitik.org\/wp-upload\/100217_Erlass-ZugErschwG.pdf\">das Gesetz es vorsieht<\/a>&#8222;.<\/p>\n<p><sup>Der Titel der Doktorarbeit Krings&#8216; lautet: &#8222;Grund und Grenzen grundrechtlicher Schutzanspr\u00fcche &#8211; Die subjektiv-rechtliche Rekonstruktion der grundrechtlichen Schutzpflichten und ihre Auswirkung auf die verfassungsrechtliche Fundierung des Verbrauchervertragsrechts&#8220;.<\/sup><\/p>\n<p>&#8222;Wieder einf\u00fchren&#8220; ist nicht korrekt, weil das Internet in Deutschland <a href=\"http:\/\/de.wikipedia.org\/wiki\/Sperrungen_von_Internetinhalten_in_Deutschland\">ohnehin schon zensiert wird<\/a>. Das gr\u00f6\u00dfte Problem bei der Diskussion ist, dass die Medien sich fast ausnahmslos die Sprachregelungen der Zensur-Lobby aufschwatzen lassen. Sogar <a href=\"http:\/\/www.heise.de\/ct\/artikel\/Verschleierungstaktik-291986.html\">die c&#8217;t<\/a> spricht von &#8222;Kinderporno-Sperren&#8220;.<\/p>\n<p>Darum geht es aber \u00fcberhaupt nicht &#8211; niemandem w\u00fcrde es einfallen, die Internet-Zensur in China als &#8222;Falung-Gong-Sperren&#8220; zu benennen. Zensur machen nur die anderen, so sagt das deutsche Wahrheitsministerium, bei uns heisst das [Das-Ultimative-B\u00f6se]-Sperren. Was die Union will, ist ganz einfach: Das Internet muss in Deutschland mehr zensiert werden.<\/p>\n<p>Werden wir diese Schlagzeile in irgendeinem Holzmedium in Deutschland lesen? Nein, garantiert nicht. Die verstehen unter &#8222;Journalismus&#8220;, &#8222;Krieg&#8220; als &#8222;friedenserzwingende Ma\u00dfnahmen&#8220; zu bezeichnen oder &#8222;Internet-Zensur&#8220; als &#8222;<a href=\"http:\/\/de.wikipedia.org\/wiki\/Zugangserschwerungsgesetz\">ZugErschwG<\/a>&#8222;.<\/p>\n<div class=\"pdfprnt-buttons pdfprnt-buttons-post pdfprnt-bottom-right\"><a href=\"https:\/\/www.burks.de\/burksblog\/wp-json\/wp\/v2\/posts\/9131?print=pdf\" class=\"pdfprnt-button pdfprnt-button-pdf\" target=\"_blank\" ><img decoding=\"async\" src=\"https:\/\/www.burks.de\/burksblog\/wp-content\/plugins\/pdf-print\/images\/pdf.png\" alt=\"image_pdf\" title=\"PDF anzeigen\" \/><\/a><a href=\"https:\/\/www.burks.de\/burksblog\/wp-json\/wp\/v2\/posts\/9131?print=print\" class=\"pdfprnt-button pdfprnt-button-print\" target=\"_blank\" ><img decoding=\"async\" src=\"https:\/\/www.burks.de\/burksblog\/wp-content\/plugins\/pdf-print\/images\/print.png\" alt=\"image_print\" title=\"Inhalt drucken\" \/><\/a><\/div><div class=\"twoclick_social_bookmarks_post_9131 social_share_privacy clearfix 1.6.4 locale-de_DE sprite-de_DE\"><\/div><div class=\"twoclick-js\"><script type=\"text\/javascript\">\/* <![CDATA[ *\/\njQuery(document).ready(function($){if($('.twoclick_social_bookmarks_post_9131')){$('.twoclick_social_bookmarks_post_9131').socialSharePrivacy({\"services\":{\"facebook\":{\"status\":\"on\",\"txt_info\":\"2 Klicks f\\u00fcr mehr Datenschutz: Erst wenn Sie hier klicken, wird der Button aktiv und Sie k\\u00f6nnen Ihre Empfehlung an Facebook senden. Schon beim Aktivieren werden Daten an Dritte \\u00fcbertragen - siehe <em>i<\\\/em>.\",\"perma_option\":\"off\",\"action\":\"recommend\",\"language\":\"de_DE\"},\"twitter\":{\"reply_to\":\"\",\"tweet_text\":\"%20Union%20fordert%3A%20Das%20Internet%20muss%20in%20Deutschland%20mehr%20zensiert%20werden%20%C2%BB%20Burks%27%20...\",\"status\":\"on\",\"txt_info\":\"2 Klicks f\\u00fcr mehr Datenschutz: Erst wenn Sie hier klicken, wird der Button aktiv und Sie k\\u00f6nnen Ihre Empfehlung an Twitter senden. Schon beim Aktivieren werden Daten an Dritte \\u00fcbertragen - siehe <em>i<\\\/em>.\",\"perma_option\":\"off\",\"language\":\"de\",\"referrer_track\":\"\"}},\"txt_help\":\"Wenn Sie diese Felder durch einen Klick aktivieren, werden Informationen an Facebook, Twitter, Flattr, Xing, t3n, LinkedIn, Pinterest oder Google eventuell ins Ausland \\u00fcbertragen und unter Umst\\u00e4nden auch dort gespeichert. N\\u00e4heres erfahren Sie durch einen Klick auf das <em>i<\\\/em>.\",\"settings_perma\":\"Dauerhaft aktivieren und Daten\\u00fcber-tragung zustimmen:\",\"info_link\":\"http:\\\/\\\/www.heise.de\\\/ct\\\/artikel\\\/2-Klicks-fuer-mehr-Datenschutz-1333879.html\",\"uri\":\"https:\\\/\\\/www.burks.de\\\/burksblog\\\/2011\\\/03\\\/05\\\/union-fordert-das-internet-muss-in-deutschland-mehr-zensiert-werden\",\"post_id\":9131,\"post_title_referrer_track\":\"Union+fordert%3A+Das+Internet+muss+in+Deutschland+mehr+zensiert+werden\",\"display_infobox\":\"on\"});}});\n\/* ]]> *\/<\/script><\/div>","protected":false},"excerpt":{"rendered":"<p>In \u00c4gypten wurde die Zensur des Internet gerade wieder abgeschafft. Die CDU will ab M\u00e4rz die Zensur des Internet in Deutschland wieder einf\u00fchren. Laut Osnabr\u00fccker Zeitung (via netzpolitik.org) sagte der so genannte &#8222;Unionsexperte&#8220; (was ist das denn?) G\u00fcnter Krings: &#8222;Ich erwarte, dass die Bundesregierung nun Kinderporno-Sperren bei nachgewiesener Erforderlichkeit auch einsetzt \u2013 so, wie das [&hellip;]<\/p>\n","protected":false},"author":1,"featured_media":0,"comment_status":"open","ping_status":"open","sticky":false,"template":"","format":"standard","meta":{"footnotes":""},"categories":[21,23,15],"tags":[],"class_list":["post-9131","post","type-post","status-publish","format-standard","hentry","category-internet-and-computer","category-media","category-politics"],"_links":{"self":[{"href":"https:\/\/www.burks.de\/burksblog\/wp-json\/wp\/v2\/posts\/9131","targetHints":{"allow":["GET"]}}],"collection":[{"href":"https:\/\/www.burks.de\/burksblog\/wp-json\/wp\/v2\/posts"}],"about":[{"href":"https:\/\/www.burks.de\/burksblog\/wp-json\/wp\/v2\/types\/post"}],"author":[{"embeddable":true,"href":"https:\/\/www.burks.de\/burksblog\/wp-json\/wp\/v2\/users\/1"}],"replies":[{"embeddable":true,"href":"https:\/\/www.burks.de\/burksblog\/wp-json\/wp\/v2\/comments?post=9131"}],"version-history":[{"count":5,"href":"https:\/\/www.burks.de\/burksblog\/wp-json\/wp\/v2\/posts\/9131\/revisions"}],"predecessor-version":[{"id":40417,"href":"https:\/\/www.burks.de\/burksblog\/wp-json\/wp\/v2\/posts\/9131\/revisions\/40417"}],"wp:attachment":[{"href":"https:\/\/www.burks.de\/burksblog\/wp-json\/wp\/v2\/media?parent=9131"}],"wp:term":[{"taxonomy":"category","embeddable":true,"href":"https:\/\/www.burks.de\/burksblog\/wp-json\/wp\/v2\/categories?post=9131"},{"taxonomy":"post_tag","embeddable":true,"href":"https:\/\/www.burks.de\/burksblog\/wp-json\/wp\/v2\/tags?post=9131"}],"curies":[{"name":"wp","href":"https:\/\/api.w.org\/{rel}","templated":true}]}}