{"id":9099,"date":"2011-03-03T22:24:27","date_gmt":"2011-03-03T20:24:27","guid":{"rendered":"http:\/\/www.burks.de\/burksblog\/?p=9099"},"modified":"2011-03-03T22:26:41","modified_gmt":"2011-03-03T20:26:41","slug":"vorratsdatenspeicherung-dient-der-telefonseelsorge","status":"publish","type":"post","link":"https:\/\/www.burks.de\/burksblog\/2011\/03\/03\/vorratsdatenspeicherung-dient-der-telefonseelsorge","title":{"rendered":"Vorratsdatenspeicherung dient der Telefonseelsorge"},"content":{"rendered":"<p>Der neue Bundesinnenminister ist super.<\/p>\n<p><a href=\"http:\/\/ondemand-mp3.dradio.de\/file\/dradio\/2011\/03\/03\/dlf_20110303_1310_8d0cc6ff.mp3\">Deutschlandfunk<\/a> heute mittag (ab etwa 3:40):<br \/>\n&#8222;Es d\u00fcrfte sie nicht \u00fcberraschen, dass ich, was die Notwendigkeit der Vorratsdatenspeicherung betrifft, der gleichen Auffassung bin wie mein Vorg\u00e4nger, dass wir effizient auch das Instrumentarium nutzen, was m\u00f6glich ist, um Terrorismusverbrechen zu bek\u00e4mpfen und deswegen denke ich wird es wichtig sein, dass wir m\u00f6glichst schnell auch beim Thema VDS zu einem Ergebnis kommen.&#8220; <\/p>\n<p><a href=\"http:\/\/www.focus.de\/politik\/deutschland\/vorratsdatenspeicherung-csu-wirft-fdp-veralteten-liberalismusbegriff-vor_aid_591428.html\">Focus Offline<\/a>:<br \/>\n&#8222;Die Freiheit der B\u00fcrger sei heute aber nicht mehr bedroht durch einen Obrigkeitsstaat. Heute komme es darauf an, dass Kriminelle und Verbrecher nicht &#8218;die Oberhand gewinnen&#8216; und dass Deutschland nicht zum R\u00fcckzugsort f\u00fcr Terroristen werde. Ermittler m\u00fcssten auch die M\u00f6glichkeit haben herauszufinden, was f\u00fcr Kontakte ein Verd\u00e4chtiger in den letzten Monaten gehabt habe. (&#8230;) Auch k\u00f6nne Menschen in seelischen Notlagen, beispielsweise bei einer Selbstmordank\u00fcndigung \u00fcbers Telefon, &#8218;durch einen schnellen Zugriff auf Verkehrsdaten geholfen werden&#8216;, sagte Friedrich weiter.<\/p>\n<p>Man muss also ohne Anlass die Kommunikationsdaten aller B\u00fcrger f\u00fcr sechs Monate speichern, weil es der Telefonseelsorge dient.<\/p>\n<div class=\"pdfprnt-buttons pdfprnt-buttons-post pdfprnt-bottom-right\"><a href=\"https:\/\/www.burks.de\/burksblog\/wp-json\/wp\/v2\/posts\/9099?print=pdf\" class=\"pdfprnt-button pdfprnt-button-pdf\" target=\"_blank\" ><img decoding=\"async\" src=\"https:\/\/www.burks.de\/burksblog\/wp-content\/plugins\/pdf-print\/images\/pdf.png\" alt=\"image_pdf\" title=\"PDF anzeigen\" \/><\/a><a href=\"https:\/\/www.burks.de\/burksblog\/wp-json\/wp\/v2\/posts\/9099?print=print\" class=\"pdfprnt-button pdfprnt-button-print\" target=\"_blank\" ><img decoding=\"async\" src=\"https:\/\/www.burks.de\/burksblog\/wp-content\/plugins\/pdf-print\/images\/print.png\" alt=\"image_print\" title=\"Inhalt drucken\" \/><\/a><\/div><div class=\"twoclick_social_bookmarks_post_9099 social_share_privacy clearfix 1.6.4 locale-de_DE sprite-de_DE\"><\/div><div class=\"twoclick-js\"><script type=\"text\/javascript\">\/* <![CDATA[ *\/\njQuery(document).ready(function($){if($('.twoclick_social_bookmarks_post_9099')){$('.twoclick_social_bookmarks_post_9099').socialSharePrivacy({\"services\":{\"facebook\":{\"status\":\"on\",\"txt_info\":\"2 Klicks f\\u00fcr mehr Datenschutz: Erst wenn Sie hier klicken, wird der Button aktiv und Sie k\\u00f6nnen Ihre Empfehlung an Facebook senden. Schon beim Aktivieren werden Daten an Dritte \\u00fcbertragen - siehe <em>i<\\\/em>.\",\"perma_option\":\"off\",\"action\":\"recommend\",\"language\":\"de_DE\"},\"twitter\":{\"reply_to\":\"\",\"tweet_text\":\"%20Vorratsdatenspeicherung%20dient%20der%20Telefonseelsorge%20%C2%BB%20Burks%27%20Blog%20-%20in%20dubio%20pro%20...\",\"status\":\"on\",\"txt_info\":\"2 Klicks f\\u00fcr mehr Datenschutz: Erst wenn Sie hier klicken, wird der Button aktiv und Sie k\\u00f6nnen Ihre Empfehlung an Twitter senden. Schon beim Aktivieren werden Daten an Dritte \\u00fcbertragen - siehe <em>i<\\\/em>.\",\"perma_option\":\"off\",\"language\":\"de\",\"referrer_track\":\"\"}},\"txt_help\":\"Wenn Sie diese Felder durch einen Klick aktivieren, werden Informationen an Facebook, Twitter, Flattr, Xing, t3n, LinkedIn, Pinterest oder Google eventuell ins Ausland \\u00fcbertragen und unter Umst\\u00e4nden auch dort gespeichert. N\\u00e4heres erfahren Sie durch einen Klick auf das <em>i<\\\/em>.\",\"settings_perma\":\"Dauerhaft aktivieren und Daten\\u00fcber-tragung zustimmen:\",\"info_link\":\"http:\\\/\\\/www.heise.de\\\/ct\\\/artikel\\\/2-Klicks-fuer-mehr-Datenschutz-1333879.html\",\"uri\":\"https:\\\/\\\/www.burks.de\\\/burksblog\\\/2011\\\/03\\\/03\\\/vorratsdatenspeicherung-dient-der-telefonseelsorge\",\"post_id\":9099,\"post_title_referrer_track\":\"Vorratsdatenspeicherung+dient+der+Telefonseelsorge\",\"display_infobox\":\"on\"});}});\n\/* ]]> *\/<\/script><\/div>","protected":false},"excerpt":{"rendered":"<p>Der neue Bundesinnenminister ist super. Deutschlandfunk heute mittag (ab etwa 3:40): &#8222;Es d\u00fcrfte sie nicht \u00fcberraschen, dass ich, was die Notwendigkeit der Vorratsdatenspeicherung betrifft, der gleichen Auffassung bin wie mein Vorg\u00e4nger, dass wir effizient auch das Instrumentarium nutzen, was m\u00f6glich ist, um Terrorismusverbrechen zu bek\u00e4mpfen und deswegen denke ich wird es wichtig sein, dass wir [&hellip;]<\/p>\n","protected":false},"author":1,"featured_media":0,"comment_status":"open","ping_status":"open","sticky":false,"template":"","format":"standard","meta":{"footnotes":""},"categories":[15,31],"tags":[],"class_list":["post-9099","post","type-post","status-publish","format-standard","hentry","category-politics","category-protect-your-privacy"],"_links":{"self":[{"href":"https:\/\/www.burks.de\/burksblog\/wp-json\/wp\/v2\/posts\/9099","targetHints":{"allow":["GET"]}}],"collection":[{"href":"https:\/\/www.burks.de\/burksblog\/wp-json\/wp\/v2\/posts"}],"about":[{"href":"https:\/\/www.burks.de\/burksblog\/wp-json\/wp\/v2\/types\/post"}],"author":[{"embeddable":true,"href":"https:\/\/www.burks.de\/burksblog\/wp-json\/wp\/v2\/users\/1"}],"replies":[{"embeddable":true,"href":"https:\/\/www.burks.de\/burksblog\/wp-json\/wp\/v2\/comments?post=9099"}],"version-history":[{"count":2,"href":"https:\/\/www.burks.de\/burksblog\/wp-json\/wp\/v2\/posts\/9099\/revisions"}],"predecessor-version":[{"id":9101,"href":"https:\/\/www.burks.de\/burksblog\/wp-json\/wp\/v2\/posts\/9099\/revisions\/9101"}],"wp:attachment":[{"href":"https:\/\/www.burks.de\/burksblog\/wp-json\/wp\/v2\/media?parent=9099"}],"wp:term":[{"taxonomy":"category","embeddable":true,"href":"https:\/\/www.burks.de\/burksblog\/wp-json\/wp\/v2\/categories?post=9099"},{"taxonomy":"post_tag","embeddable":true,"href":"https:\/\/www.burks.de\/burksblog\/wp-json\/wp\/v2\/tags?post=9099"}],"curies":[{"name":"wp","href":"https:\/\/api.w.org\/{rel}","templated":true}]}}