{"id":8225,"date":"2011-01-17T18:44:14","date_gmt":"2011-01-17T16:44:14","guid":{"rendered":"http:\/\/www.burks.de\/burksblog\/?p=8225"},"modified":"2011-01-17T23:26:39","modified_gmt":"2011-01-17T21:26:39","slug":"vorratsdatenspeicherung-light-plus","status":"publish","type":"post","link":"https:\/\/www.burks.de\/burksblog\/2011\/01\/17\/vorratsdatenspeicherung-light-plus","title":{"rendered":"Vorratsdatenspeicherung light plus [Update]"},"content":{"rendered":"<p>Kurt Biedenkopf, Ex-Generalsekret\u00e4r der CDU, <a href=\"http:\/\/www.isk.rwth-aachen.de\/uploads\/media\/Gruppe_2_-_Sprachliche_Strategien.pdf\">soll 1973 gesagt haben<\/a>: &#8222;Was sich heute in unserem Land vollzieht, ist eine Revolution neuer Art. [\u2026] Revolutionen finden heute auf andere Weise statt. Statt der Geb\u00e4ude der Regierungen werden die Begriffe besetzt, mit denen sie regiert.&#8220;<\/p>\n<p>Richtig: Wenn man dem politiischen Gegner die eigenen Begriffe und Definitionen aufzwingt, dann infiltriert man ihn auch mit den eigenen Ideen. Bundesjustizministerin Sabine Leutheusser-Schnarrenberger <a href=\"http:\/\/www.heise.de\/newsticker\/meldung\/Justizministerin-fuer-Vorratsdatenspeicherung-light-1170207.html\">versucht es gerade wieder<\/a>, einerseits, um der \u00dcberwachungs- und Zensurmafia die halbherzige FDP-Position schmackhaft zu machen, andererseits um die Gegner der Vorratsdatenspeicherung ins Leere laufen zu lassen. <\/p>\n<p>Vorratsdatenspeicherung <a href=\"http:\/\/www.sueddeutsche.de\/politik\/neues-gesetz-geplant-ministerin-lehnt-vorratsdatenspeicherung-ab-1.1047169\">heisst jetzt<\/a> <i>Quick Freeze Plus<\/i>. Jawoll. Folter heisst jetzt &#8222;rubuste Wahrheitssuche&#8220;, das Atomm\u00fcllager nennen wir jetzt &#8222;Entsorgungspark&#8220;, und den Krieg kennen wir ohnehin schon als &#8222;Friedenserzwingung&#8220;. <\/p>\n<p>Noch mal zum Mitschreiben: &#8222;<a href=\"http:\/\/de.wikipedia.org\/wiki\/Vorratsdatenspeicherung\">Vorratsdatenspeicherung<\/a> bezeichnet die Verpflichtung der Anbieter von Telekommunikationsdiensten zur Registrierung von elektronischen Kommunikationsvorg\u00e4ngen, ohne dass ein Anfangsverdacht oder eine konkrete Gefahr besteht (Speicherung bestimmter Daten auf Vorrat).&#8220;<\/p>\n<p>Die Regierung will alle Verkehrs- und Kommunikationsdaten aller B\u00fcrger auf Vorrat sammeln &#8211; ohne konkreten Anlass. Im Prinzip ist die <a href=\"http:\/\/de.wikipedia.org\/wiki\/Richtlinie_2006\/24\/EG_%C3%BCber_die_Vorratsspeicherung_von_Daten\">Richtlinie 2006\/24\/EG<\/a> der Europ\u00e4ischen \u00fcber die Vorratsspeicherung von Daten schuld; wie diese Vorgabe juristisch umgesetzt wird, bleibt den Mitgliedsstaaten \u00fcberlassen. Das deutsche Bundesverfassungsgericht erkl\u00e4rte die deutschen Vorschriften &#8211; also den ersten Versuch zur Vorratsdatenspeicherung &#8211; mit seinem Urteil vom 2. M\u00e4rz 2010 f\u00fcr verfassungswidrig und nichtig.<\/p>\n<p>Das interessiert die Zensur- und \u00dcberwachungsmafia und deren politischen Lautsprecher nat\u00fcrlich nicht. Und Leutheusser-Schnarrenberger ist nur so eine Art feministische Theologin: Sie versucht, das Falsche, L\u00e4cherliche, B\u00f6se noch irgendwie angenehm zu kost\u00fcmieren und uns schmackhaft zu machen. Mit der Vorratsdatenspeicherung ist es aber wie mit der Schwangerschaft &#8211; ein bisschen geht nicht.<\/p>\n<p>Wie absurd die Diskussion mittlerweile ist, zeigt das Beispiel: Welche Reaktion w\u00fcrde jemand ernten, der forderte, alle Jogger und sonstigen Fu\u00dfg\u00e4nger w\u00fcrden ab sofort generall \u00fcberwacht und ihre Wegstrecken protokolliert werden, weil man auf diese Weise auch zu Fu\u00df fl\u00fcchtende Bankr\u00e4uber erwischen w\u00fcrde? Genau so argumentieren die Bef\u00fcrworter der Vorratsdatenspeicherung. Was offline gilt, muss auch online gelten: Anonymit\u00e4t im Internet ist ein B\u00fcrgerrecht! <\/p>\n<p>Die <a href=\"http:\/\/www.privacyfoundation.de\/verein\/vereinsprofil\/\">German Privacy Foundation<\/a> hat das so formuliert: &#8222;Die zunehmende \u00dcberwachung der Kommunikation erfordert das Recht auf und den Schutz der Privatsph\u00e4re. Die Freiheit in der digitalen Welt muss verteidigt werden. Das Recht auf ungehinderte Kommunikation ist ein Menschenrecht, das Recht auf informationelle Selbstbestimmung, also auch auf Anonymit\u00e4t, ein unverzichtbares B\u00fcrgerrecht und eine Grundfeste des Datenschutzes. Jeder hat das Recht, selbst zu entscheiden, welche Informationen er oder sie \u00fcber sich selbst preisgibt. Solange nicht ein staatliches Gesetz oder die Rechte anderer entgegenstehen, kann jeder Mensch sein Recht auf informationelle Selbstbestimmung in der Form aus\u00fcben, dass er anonym auftritt und sich insbesondere im Internet anonym bewegt.&#8220;<\/p>\n<p><i>Update<\/i>: Vgl. <a href=\"http:\/\/www.internet-law.de\/2011\/01\/der-zusammenhang-von-vorratsdatenspeicherung-und-datenschutz.html?utm_source=feedburner&#038;utm_medium=feed&#038;utm_campaign=Feed:%20internet-law\/djpq%20%28Internet-Law%29\">Thomas Stadler<\/a>: &#8222;Die Vorratsdatenspeicherung ist aus grunds\u00e4tzlichen rechtsstaatlichen Erw\u00e4gungen heraus abzulehnen und es hat dabei zu bleiben, dass deutschen Ermittlungsbeh\u00f6rden nicht dieselben Imstrumente an die Hand gegeben werden d\u00fcrfen, wie den Beh\u00f6rden totalit\u00e4rer Staaten. Zudem w\u00e4re w\u00fcnschenswert, dass die Diskussion um die Vorratsdatenspeicherung st\u00e4rker in den Kontext des Datenschutzes gestellt wird. Denn die Politik kann nicht einerseits ein hohes Datenschutzniveau, das nur durch die gesetzlich normierten Ziel der Datenvermeidung und Datensparsamkeit erreichbar ist, propagieren und andererseits eine Vorratsdatenspeicherung fordern.&#8220; <\/p>\n<div class=\"pdfprnt-buttons pdfprnt-buttons-post pdfprnt-bottom-right\"><a href=\"https:\/\/www.burks.de\/burksblog\/wp-json\/wp\/v2\/posts\/8225?print=pdf\" class=\"pdfprnt-button pdfprnt-button-pdf\" target=\"_blank\" ><img decoding=\"async\" src=\"https:\/\/www.burks.de\/burksblog\/wp-content\/plugins\/pdf-print\/images\/pdf.png\" alt=\"image_pdf\" title=\"PDF anzeigen\" \/><\/a><a href=\"https:\/\/www.burks.de\/burksblog\/wp-json\/wp\/v2\/posts\/8225?print=print\" class=\"pdfprnt-button pdfprnt-button-print\" target=\"_blank\" ><img decoding=\"async\" src=\"https:\/\/www.burks.de\/burksblog\/wp-content\/plugins\/pdf-print\/images\/print.png\" alt=\"image_print\" title=\"Inhalt drucken\" \/><\/a><\/div><div class=\"twoclick_social_bookmarks_post_8225 social_share_privacy clearfix 1.6.4 locale-de_DE sprite-de_DE\"><\/div><div class=\"twoclick-js\"><script type=\"text\/javascript\">\/* <![CDATA[ *\/\njQuery(document).ready(function($){if($('.twoclick_social_bookmarks_post_8225')){$('.twoclick_social_bookmarks_post_8225').socialSharePrivacy({\"services\":{\"facebook\":{\"status\":\"on\",\"txt_info\":\"2 Klicks f\\u00fcr mehr Datenschutz: Erst wenn Sie hier klicken, wird der Button aktiv und Sie k\\u00f6nnen Ihre Empfehlung an Facebook senden. Schon beim Aktivieren werden Daten an Dritte \\u00fcbertragen - siehe <em>i<\\\/em>.\",\"perma_option\":\"off\",\"action\":\"recommend\",\"language\":\"de_DE\"},\"twitter\":{\"reply_to\":\"\",\"tweet_text\":\"%20Vorratsdatenspeicherung%20light%20plus%20%5BUpdate%5D%20%C2%BB%20Burks%27%20Blog%20-%20in%20dubio%20pro%20...\",\"status\":\"on\",\"txt_info\":\"2 Klicks f\\u00fcr mehr Datenschutz: Erst wenn Sie hier klicken, wird der Button aktiv und Sie k\\u00f6nnen Ihre Empfehlung an Twitter senden. Schon beim Aktivieren werden Daten an Dritte \\u00fcbertragen - siehe <em>i<\\\/em>.\",\"perma_option\":\"off\",\"language\":\"de\",\"referrer_track\":\"\"}},\"txt_help\":\"Wenn Sie diese Felder durch einen Klick aktivieren, werden Informationen an Facebook, Twitter, Flattr, Xing, t3n, LinkedIn, Pinterest oder Google eventuell ins Ausland \\u00fcbertragen und unter Umst\\u00e4nden auch dort gespeichert. N\\u00e4heres erfahren Sie durch einen Klick auf das <em>i<\\\/em>.\",\"settings_perma\":\"Dauerhaft aktivieren und Daten\\u00fcber-tragung zustimmen:\",\"info_link\":\"http:\\\/\\\/www.heise.de\\\/ct\\\/artikel\\\/2-Klicks-fuer-mehr-Datenschutz-1333879.html\",\"uri\":\"https:\\\/\\\/www.burks.de\\\/burksblog\\\/2011\\\/01\\\/17\\\/vorratsdatenspeicherung-light-plus\",\"post_id\":8225,\"post_title_referrer_track\":\"Vorratsdatenspeicherung+light+plus+%5BUpdate%5D\",\"display_infobox\":\"on\"});}});\n\/* ]]> *\/<\/script><\/div>","protected":false},"excerpt":{"rendered":"<p>Kurt Biedenkopf, Ex-Generalsekret\u00e4r der CDU, soll 1973 gesagt haben: &#8222;Was sich heute in unserem Land vollzieht, ist eine Revolution neuer Art. [\u2026] Revolutionen finden heute auf andere Weise statt. Statt der Geb\u00e4ude der Regierungen werden die Begriffe besetzt, mit denen sie regiert.&#8220; Richtig: Wenn man dem politiischen Gegner die eigenen Begriffe und Definitionen aufzwingt, dann [&hellip;]<\/p>\n","protected":false},"author":1,"featured_media":0,"comment_status":"open","ping_status":"open","sticky":false,"template":"","format":"standard","meta":{"footnotes":""},"categories":[21,15,31],"tags":[],"class_list":["post-8225","post","type-post","status-publish","format-standard","hentry","category-internet-and-computer","category-politics","category-protect-your-privacy"],"_links":{"self":[{"href":"https:\/\/www.burks.de\/burksblog\/wp-json\/wp\/v2\/posts\/8225","targetHints":{"allow":["GET"]}}],"collection":[{"href":"https:\/\/www.burks.de\/burksblog\/wp-json\/wp\/v2\/posts"}],"about":[{"href":"https:\/\/www.burks.de\/burksblog\/wp-json\/wp\/v2\/types\/post"}],"author":[{"embeddable":true,"href":"https:\/\/www.burks.de\/burksblog\/wp-json\/wp\/v2\/users\/1"}],"replies":[{"embeddable":true,"href":"https:\/\/www.burks.de\/burksblog\/wp-json\/wp\/v2\/comments?post=8225"}],"version-history":[{"count":4,"href":"https:\/\/www.burks.de\/burksblog\/wp-json\/wp\/v2\/posts\/8225\/revisions"}],"predecessor-version":[{"id":8229,"href":"https:\/\/www.burks.de\/burksblog\/wp-json\/wp\/v2\/posts\/8225\/revisions\/8229"}],"wp:attachment":[{"href":"https:\/\/www.burks.de\/burksblog\/wp-json\/wp\/v2\/media?parent=8225"}],"wp:term":[{"taxonomy":"category","embeddable":true,"href":"https:\/\/www.burks.de\/burksblog\/wp-json\/wp\/v2\/categories?post=8225"},{"taxonomy":"post_tag","embeddable":true,"href":"https:\/\/www.burks.de\/burksblog\/wp-json\/wp\/v2\/tags?post=8225"}],"curies":[{"name":"wp","href":"https:\/\/api.w.org\/{rel}","templated":true}]}}