{"id":8212,"date":"2011-01-17T14:12:53","date_gmt":"2011-01-17T12:12:53","guid":{"rendered":"http:\/\/www.burks.de\/burksblog\/?p=8212"},"modified":"2011-01-17T14:12:53","modified_gmt":"2011-01-17T12:12:53","slug":"chachapoya-die-wolkenmenschen","status":"publish","type":"post","link":"https:\/\/www.burks.de\/burksblog\/2011\/01\/17\/chachapoya-die-wolkenmenschen","title":{"rendered":"Chachapoya &#8211; die Wolkenmenschen"},"content":{"rendered":"<p>Lieber <a href=\"http:\/\/www.carilat.de\/film_tv.htm#7\">Michael Tauchert<\/a>,<br \/>\nherzlichen Dank f\u00fcr den wunderbaren und <a href=\"http:\/\/www.zdf.de\/ZDFde\/inhalt\/12\/0,1872,1021580_idDispatch:10246731,00.html\">grossartigen Film<\/a> \u00fcber die<br \/>\n<a href=\"http:\/\/en.wikipedia.org\/wiki\/Chachapoyas_culture\">Chachapoya<\/a>. Und ich dachte, ich w\u00fcsste fast alles Wesentliche \u00fcber Peru&#8230;<br \/>\nWenn ich k\u00f6nnte, w\u00fcrde ich auch in Kolumbien leben.<br \/>\n(Ich schreibe nie Leserbriefe, dieser hier ist eine Ausnahme.)<br \/>\nMit freundlichen Gr\u00fcssen<br \/>\nBurkhard Schr\u00f6der<\/p>\n<div class=\"pdfprnt-buttons pdfprnt-buttons-post pdfprnt-bottom-right\"><a href=\"https:\/\/www.burks.de\/burksblog\/wp-json\/wp\/v2\/posts\/8212?print=pdf\" class=\"pdfprnt-button pdfprnt-button-pdf\" target=\"_blank\" ><img decoding=\"async\" src=\"https:\/\/www.burks.de\/burksblog\/wp-content\/plugins\/pdf-print\/images\/pdf.png\" alt=\"image_pdf\" title=\"PDF anzeigen\" \/><\/a><a href=\"https:\/\/www.burks.de\/burksblog\/wp-json\/wp\/v2\/posts\/8212?print=print\" class=\"pdfprnt-button pdfprnt-button-print\" target=\"_blank\" ><img decoding=\"async\" src=\"https:\/\/www.burks.de\/burksblog\/wp-content\/plugins\/pdf-print\/images\/print.png\" alt=\"image_print\" title=\"Inhalt drucken\" \/><\/a><\/div><div class=\"twoclick_social_bookmarks_post_8212 social_share_privacy clearfix 1.6.4 locale-de_DE sprite-de_DE\"><\/div><div class=\"twoclick-js\"><script type=\"text\/javascript\">\/* <![CDATA[ *\/\njQuery(document).ready(function($){if($('.twoclick_social_bookmarks_post_8212')){$('.twoclick_social_bookmarks_post_8212').socialSharePrivacy({\"services\":{\"facebook\":{\"status\":\"on\",\"txt_info\":\"2 Klicks f\\u00fcr mehr Datenschutz: Erst wenn Sie hier klicken, wird der Button aktiv und Sie k\\u00f6nnen Ihre Empfehlung an Facebook senden. Schon beim Aktivieren werden Daten an Dritte \\u00fcbertragen - siehe <em>i<\\\/em>.\",\"perma_option\":\"off\",\"action\":\"recommend\",\"language\":\"de_DE\"},\"twitter\":{\"reply_to\":\"\",\"tweet_text\":\"%20Chachapoya%20%E2%80%93%20die%20Wolkenmenschen%20%C2%BB%20Burks%27%20Blog%20-%20in%20dubio%20pro%20contra.%20...\",\"status\":\"on\",\"txt_info\":\"2 Klicks f\\u00fcr mehr Datenschutz: Erst wenn Sie hier klicken, wird der Button aktiv und Sie k\\u00f6nnen Ihre Empfehlung an Twitter senden. Schon beim Aktivieren werden Daten an Dritte \\u00fcbertragen - siehe <em>i<\\\/em>.\",\"perma_option\":\"off\",\"language\":\"de\",\"referrer_track\":\"\"}},\"txt_help\":\"Wenn Sie diese Felder durch einen Klick aktivieren, werden Informationen an Facebook, Twitter, Flattr, Xing, t3n, LinkedIn, Pinterest oder Google eventuell ins Ausland \\u00fcbertragen und unter Umst\\u00e4nden auch dort gespeichert. N\\u00e4heres erfahren Sie durch einen Klick auf das <em>i<\\\/em>.\",\"settings_perma\":\"Dauerhaft aktivieren und Daten\\u00fcber-tragung zustimmen:\",\"info_link\":\"http:\\\/\\\/www.heise.de\\\/ct\\\/artikel\\\/2-Klicks-fuer-mehr-Datenschutz-1333879.html\",\"uri\":\"https:\\\/\\\/www.burks.de\\\/burksblog\\\/2011\\\/01\\\/17\\\/chachapoya-die-wolkenmenschen\",\"post_id\":8212,\"post_title_referrer_track\":\"Chachapoya+%26%238211%3B+die+Wolkenmenschen\",\"display_infobox\":\"on\"});}});\n\/* ]]> *\/<\/script><\/div>","protected":false},"excerpt":{"rendered":"<p>Lieber Michael Tauchert, herzlichen Dank f\u00fcr den wunderbaren und grossartigen Film \u00fcber die Chachapoya. Und ich dachte, ich w\u00fcsste fast alles Wesentliche \u00fcber Peru&#8230; Wenn ich k\u00f6nnte, w\u00fcrde ich auch in Kolumbien leben. (Ich schreibe nie Leserbriefe, dieser hier ist eine Ausnahme.) Mit freundlichen Gr\u00fcssen Burkhard Schr\u00f6der<\/p>\n","protected":false},"author":1,"featured_media":0,"comment_status":"open","ping_status":"open","sticky":false,"template":"","format":"standard","meta":{"footnotes":""},"categories":[22],"tags":[],"class_list":["post-8212","post","type-post","status-publish","format-standard","hentry","category-hausmitteilung"],"_links":{"self":[{"href":"https:\/\/www.burks.de\/burksblog\/wp-json\/wp\/v2\/posts\/8212","targetHints":{"allow":["GET"]}}],"collection":[{"href":"https:\/\/www.burks.de\/burksblog\/wp-json\/wp\/v2\/posts"}],"about":[{"href":"https:\/\/www.burks.de\/burksblog\/wp-json\/wp\/v2\/types\/post"}],"author":[{"embeddable":true,"href":"https:\/\/www.burks.de\/burksblog\/wp-json\/wp\/v2\/users\/1"}],"replies":[{"embeddable":true,"href":"https:\/\/www.burks.de\/burksblog\/wp-json\/wp\/v2\/comments?post=8212"}],"version-history":[{"count":5,"href":"https:\/\/www.burks.de\/burksblog\/wp-json\/wp\/v2\/posts\/8212\/revisions"}],"predecessor-version":[{"id":8217,"href":"https:\/\/www.burks.de\/burksblog\/wp-json\/wp\/v2\/posts\/8212\/revisions\/8217"}],"wp:attachment":[{"href":"https:\/\/www.burks.de\/burksblog\/wp-json\/wp\/v2\/media?parent=8212"}],"wp:term":[{"taxonomy":"category","embeddable":true,"href":"https:\/\/www.burks.de\/burksblog\/wp-json\/wp\/v2\/categories?post=8212"},{"taxonomy":"post_tag","embeddable":true,"href":"https:\/\/www.burks.de\/burksblog\/wp-json\/wp\/v2\/tags?post=8212"}],"curies":[{"name":"wp","href":"https:\/\/api.w.org\/{rel}","templated":true}]}}