{"id":7944,"date":"2011-01-08T19:00:10","date_gmt":"2011-01-08T17:00:10","guid":{"rendered":"http:\/\/www.burks.de\/burksblog\/?p=7944"},"modified":"2011-01-08T23:07:49","modified_gmt":"2011-01-08T21:07:49","slug":"erschutternden-inkompetenz","status":"publish","type":"post","link":"https:\/\/www.burks.de\/burksblog\/2011\/01\/08\/erschutternden-inkompetenz","title":{"rendered":"Ersch\u00fctternden Inkompetenz"},"content":{"rendered":"<p>Ich wollte eigentlich zu dem Thema, dass <a href=\"http:\/\/www.heise.de\/newsticker\/meldung\/US-Regierung-fordert-personenbezogene-Daten-von-Twitter-Update-1165760.html\">Twitter aufgefordert wurde<\/a>, Nutzerdaten von Wikileaks-Sympathisanten herauszur\u00fccken, etwas bloggen. Aber <a href=\"http:\/\/feynsinn.org\/?p=6514\">Feynsinn<\/a> hat alles N\u00f6tige dazu schon gesagt, auch zu den Journalisten-DAUs, die <a href=\"http:\/\/www.freitag.de\/kultur\/1101-medientagebuch\">beim Freitag<\/a> haneb\u00fcchenen Unfug verbreiten. Mich ersch\u00fcttert die Inkompetenz jedoch eher nicht, ich erwarte es geradezu &#8211; deutsche Journaille eben.<\/p>\n<p>&#8222;Mir ist v\u00f6llig klar, dass ich mich mit meinen andauernden Rufen nicht beliebt mache und muss sogar davon ausgehen, dass die Mehrheit meiner Leser einen Facebook-Account hat,&#8220; schreibt Feynsinn. Bei mir macht er sich beliebt, und ich habe auch keinen Facebook-Accout mehr.<\/p>\n<div class=\"pdfprnt-buttons pdfprnt-buttons-post pdfprnt-bottom-right\"><a href=\"https:\/\/www.burks.de\/burksblog\/wp-json\/wp\/v2\/posts\/7944?print=pdf\" class=\"pdfprnt-button pdfprnt-button-pdf\" target=\"_blank\" ><img decoding=\"async\" src=\"https:\/\/www.burks.de\/burksblog\/wp-content\/plugins\/pdf-print\/images\/pdf.png\" alt=\"image_pdf\" title=\"PDF anzeigen\" \/><\/a><a href=\"https:\/\/www.burks.de\/burksblog\/wp-json\/wp\/v2\/posts\/7944?print=print\" class=\"pdfprnt-button pdfprnt-button-print\" target=\"_blank\" ><img decoding=\"async\" src=\"https:\/\/www.burks.de\/burksblog\/wp-content\/plugins\/pdf-print\/images\/print.png\" alt=\"image_print\" title=\"Inhalt drucken\" \/><\/a><\/div><div class=\"twoclick_social_bookmarks_post_7944 social_share_privacy clearfix 1.6.4 locale-de_DE sprite-de_DE\"><\/div><div class=\"twoclick-js\"><script type=\"text\/javascript\">\/* <![CDATA[ *\/\njQuery(document).ready(function($){if($('.twoclick_social_bookmarks_post_7944')){$('.twoclick_social_bookmarks_post_7944').socialSharePrivacy({\"services\":{\"facebook\":{\"status\":\"on\",\"txt_info\":\"2 Klicks f\\u00fcr mehr Datenschutz: Erst wenn Sie hier klicken, wird der Button aktiv und Sie k\\u00f6nnen Ihre Empfehlung an Facebook senden. Schon beim Aktivieren werden Daten an Dritte \\u00fcbertragen - siehe <em>i<\\\/em>.\",\"perma_option\":\"off\",\"action\":\"recommend\",\"language\":\"de_DE\"},\"twitter\":{\"reply_to\":\"\",\"tweet_text\":\"%20Ersch%C3%BCtternden%20Inkompetenz%20%C2%BB%20Burks%27%20Blog%20-%20in%20dubio%20pro%20contra.%20De%20omnibus%20...\",\"status\":\"on\",\"txt_info\":\"2 Klicks f\\u00fcr mehr Datenschutz: Erst wenn Sie hier klicken, wird der Button aktiv und Sie k\\u00f6nnen Ihre Empfehlung an Twitter senden. Schon beim Aktivieren werden Daten an Dritte \\u00fcbertragen - siehe <em>i<\\\/em>.\",\"perma_option\":\"off\",\"language\":\"de\",\"referrer_track\":\"\"}},\"txt_help\":\"Wenn Sie diese Felder durch einen Klick aktivieren, werden Informationen an Facebook, Twitter, Flattr, Xing, t3n, LinkedIn, Pinterest oder Google eventuell ins Ausland \\u00fcbertragen und unter Umst\\u00e4nden auch dort gespeichert. N\\u00e4heres erfahren Sie durch einen Klick auf das <em>i<\\\/em>.\",\"settings_perma\":\"Dauerhaft aktivieren und Daten\\u00fcber-tragung zustimmen:\",\"info_link\":\"http:\\\/\\\/www.heise.de\\\/ct\\\/artikel\\\/2-Klicks-fuer-mehr-Datenschutz-1333879.html\",\"uri\":\"https:\\\/\\\/www.burks.de\\\/burksblog\\\/2011\\\/01\\\/08\\\/erschutternden-inkompetenz\",\"post_id\":7944,\"post_title_referrer_track\":\"Ersch%C3%BCtternden+Inkompetenz\",\"display_infobox\":\"on\"});}});\n\/* ]]> *\/<\/script><\/div>","protected":false},"excerpt":{"rendered":"<p>Ich wollte eigentlich zu dem Thema, dass Twitter aufgefordert wurde, Nutzerdaten von Wikileaks-Sympathisanten herauszur\u00fccken, etwas bloggen. Aber Feynsinn hat alles N\u00f6tige dazu schon gesagt, auch zu den Journalisten-DAUs, die beim Freitag haneb\u00fcchenen Unfug verbreiten. Mich ersch\u00fcttert die Inkompetenz jedoch eher nicht, ich erwarte es geradezu &#8211; deutsche Journaille eben. &#8222;Mir ist v\u00f6llig klar, dass ich [&hellip;]<\/p>\n","protected":false},"author":1,"featured_media":0,"comment_status":"open","ping_status":"open","sticky":false,"template":"","format":"standard","meta":{"footnotes":""},"categories":[21,31],"tags":[],"class_list":["post-7944","post","type-post","status-publish","format-standard","hentry","category-internet-and-computer","category-protect-your-privacy"],"_links":{"self":[{"href":"https:\/\/www.burks.de\/burksblog\/wp-json\/wp\/v2\/posts\/7944","targetHints":{"allow":["GET"]}}],"collection":[{"href":"https:\/\/www.burks.de\/burksblog\/wp-json\/wp\/v2\/posts"}],"about":[{"href":"https:\/\/www.burks.de\/burksblog\/wp-json\/wp\/v2\/types\/post"}],"author":[{"embeddable":true,"href":"https:\/\/www.burks.de\/burksblog\/wp-json\/wp\/v2\/users\/1"}],"replies":[{"embeddable":true,"href":"https:\/\/www.burks.de\/burksblog\/wp-json\/wp\/v2\/comments?post=7944"}],"version-history":[{"count":4,"href":"https:\/\/www.burks.de\/burksblog\/wp-json\/wp\/v2\/posts\/7944\/revisions"}],"predecessor-version":[{"id":7963,"href":"https:\/\/www.burks.de\/burksblog\/wp-json\/wp\/v2\/posts\/7944\/revisions\/7963"}],"wp:attachment":[{"href":"https:\/\/www.burks.de\/burksblog\/wp-json\/wp\/v2\/media?parent=7944"}],"wp:term":[{"taxonomy":"category","embeddable":true,"href":"https:\/\/www.burks.de\/burksblog\/wp-json\/wp\/v2\/categories?post=7944"},{"taxonomy":"post_tag","embeddable":true,"href":"https:\/\/www.burks.de\/burksblog\/wp-json\/wp\/v2\/tags?post=7944"}],"curies":[{"name":"wp","href":"https:\/\/api.w.org\/{rel}","templated":true}]}}