{"id":791,"date":"2008-08-27T13:26:07","date_gmt":"2008-08-27T11:26:07","guid":{"rendered":"http:\/\/www.burks.de\/burksblog\/2008\/08\/27\/datenschutz-contra-opferschutz\/"},"modified":"2008-08-27T13:26:22","modified_gmt":"2008-08-27T11:26:22","slug":"datenschutz-contra-opferschutz","status":"publish","type":"post","link":"https:\/\/www.burks.de\/burksblog\/2008\/08\/27\/datenschutz-contra-opferschutz","title":{"rendered":"&#8222;Datenschutz contra Opferschutz&#8220;"},"content":{"rendered":"<p>Tendenzi\u00f6se Meinungsmache bei <a href=\"http:\/\/www.br-online.de\/daserste\/report\/archiv\/2008\/00500\/\">report<\/a> M\u00fcnchen: &#8222;Datenschutz contra Opferschutz&#8220;. Dazu <a href=\"http:\/\/netzpolitik.org\/2008\/report-muenchen-mit-falschinformationen-gegen-datenschutz\/\">netzpolitik.org<\/a>: &#8222;report M\u00fcnchen mit Falschinformationen gegen Datenschutz&#8220; &#8211; &#8222;Fazit: Schlecht recherchierte, plumpe Meinungsmache.&#8220; <a href=\"http:\/\/www.heise.de\/newsticker\/Datenschuetzer-werfen-Report-Muenchen-Meinungsmache-fuer-Vorratsdatenspeicherung-vor--\/meldung\/114910\">Heise<\/a>: &#8222;Datensch\u00fctzer werfen Report M\u00fcnchen Meinungsmache f\u00fcr Vorratsdatenspeicherung vor&#8220;.<br \/>\nBy the way: Der Autor des Beitrags, Oliver Bendixen, ist <a href=\"http:\/\/www.br-online.de\/download\/pdf\/alpha\/b\/bendixen.pdf\">Polizeireporter<\/a> beim bayerischen Rundfunk. Vermutlich ist er vorher &#8222;einschl\u00e4gig&#8220; gebrieft worden &#8211; wie <a href=\"http:\/\/www.tagesschau.de\/inland\/cannabisanbau2.html\">schon in anderen F\u00e4llen<\/a>. Wozu braucht die Polizei noch eine Pressestelle, wenn es solche Journalisten gibt?<\/p>\n<div class=\"pdfprnt-buttons pdfprnt-buttons-post pdfprnt-bottom-right\"><a href=\"https:\/\/www.burks.de\/burksblog\/wp-json\/wp\/v2\/posts\/791?print=pdf\" class=\"pdfprnt-button pdfprnt-button-pdf\" target=\"_blank\" ><img decoding=\"async\" src=\"https:\/\/www.burks.de\/burksblog\/wp-content\/plugins\/pdf-print\/images\/pdf.png\" alt=\"image_pdf\" title=\"PDF anzeigen\" \/><\/a><a href=\"https:\/\/www.burks.de\/burksblog\/wp-json\/wp\/v2\/posts\/791?print=print\" class=\"pdfprnt-button pdfprnt-button-print\" target=\"_blank\" ><img decoding=\"async\" src=\"https:\/\/www.burks.de\/burksblog\/wp-content\/plugins\/pdf-print\/images\/print.png\" alt=\"image_print\" title=\"Inhalt drucken\" \/><\/a><\/div><div class=\"twoclick_social_bookmarks_post_791 social_share_privacy clearfix 1.6.4 locale-de_DE sprite-de_DE\"><\/div><div class=\"twoclick-js\"><script type=\"text\/javascript\">\/* <![CDATA[ *\/\njQuery(document).ready(function($){if($('.twoclick_social_bookmarks_post_791')){$('.twoclick_social_bookmarks_post_791').socialSharePrivacy({\"services\":{\"facebook\":{\"status\":\"on\",\"txt_info\":\"2 Klicks f\\u00fcr mehr Datenschutz: Erst wenn Sie hier klicken, wird der Button aktiv und Sie k\\u00f6nnen Ihre Empfehlung an Facebook senden. Schon beim Aktivieren werden Daten an Dritte \\u00fcbertragen - siehe <em>i<\\\/em>.\",\"perma_option\":\"off\",\"action\":\"recommend\",\"language\":\"de_DE\"},\"twitter\":{\"reply_to\":\"\",\"tweet_text\":\"%20%E2%80%9EDatenschutz%20contra%20Opferschutz%E2%80%9C%20%C2%BB%20Burks%27%20Blog%20-%20in%20dubio%20pro%20...\",\"status\":\"on\",\"txt_info\":\"2 Klicks f\\u00fcr mehr Datenschutz: Erst wenn Sie hier klicken, wird der Button aktiv und Sie k\\u00f6nnen Ihre Empfehlung an Twitter senden. Schon beim Aktivieren werden Daten an Dritte \\u00fcbertragen - siehe <em>i<\\\/em>.\",\"perma_option\":\"off\",\"language\":\"de\",\"referrer_track\":\"\"}},\"txt_help\":\"Wenn Sie diese Felder durch einen Klick aktivieren, werden Informationen an Facebook, Twitter, Flattr, Xing, t3n, LinkedIn, Pinterest oder Google eventuell ins Ausland \\u00fcbertragen und unter Umst\\u00e4nden auch dort gespeichert. N\\u00e4heres erfahren Sie durch einen Klick auf das <em>i<\\\/em>.\",\"settings_perma\":\"Dauerhaft aktivieren und Daten\\u00fcber-tragung zustimmen:\",\"info_link\":\"http:\\\/\\\/www.heise.de\\\/ct\\\/artikel\\\/2-Klicks-fuer-mehr-Datenschutz-1333879.html\",\"uri\":\"https:\\\/\\\/www.burks.de\\\/burksblog\\\/2008\\\/08\\\/27\\\/datenschutz-contra-opferschutz\",\"post_id\":791,\"post_title_referrer_track\":\"%26%238222%3BDatenschutz+contra+Opferschutz%26%238220%3B\",\"display_infobox\":\"on\"});}});\n\/* ]]> *\/<\/script><\/div>","protected":false},"excerpt":{"rendered":"<p>Tendenzi\u00f6se Meinungsmache bei report M\u00fcnchen: &#8222;Datenschutz contra Opferschutz&#8220;. Dazu netzpolitik.org: &#8222;report M\u00fcnchen mit Falschinformationen gegen Datenschutz&#8220; &#8211; &#8222;Fazit: Schlecht recherchierte, plumpe Meinungsmache.&#8220; Heise: &#8222;Datensch\u00fctzer werfen Report M\u00fcnchen Meinungsmache f\u00fcr Vorratsdatenspeicherung vor&#8220;. By the way: Der Autor des Beitrags, Oliver Bendixen, ist Polizeireporter beim bayerischen Rundfunk. Vermutlich ist er vorher &#8222;einschl\u00e4gig&#8220; gebrieft worden &#8211; wie schon [&hellip;]<\/p>\n","protected":false},"author":1,"featured_media":0,"comment_status":"open","ping_status":"open","sticky":false,"template":"","format":"standard","meta":{"footnotes":""},"categories":[23,15,31],"tags":[],"class_list":["post-791","post","type-post","status-publish","format-standard","hentry","category-media","category-politics","category-protect-your-privacy"],"_links":{"self":[{"href":"https:\/\/www.burks.de\/burksblog\/wp-json\/wp\/v2\/posts\/791","targetHints":{"allow":["GET"]}}],"collection":[{"href":"https:\/\/www.burks.de\/burksblog\/wp-json\/wp\/v2\/posts"}],"about":[{"href":"https:\/\/www.burks.de\/burksblog\/wp-json\/wp\/v2\/types\/post"}],"author":[{"embeddable":true,"href":"https:\/\/www.burks.de\/burksblog\/wp-json\/wp\/v2\/users\/1"}],"replies":[{"embeddable":true,"href":"https:\/\/www.burks.de\/burksblog\/wp-json\/wp\/v2\/comments?post=791"}],"version-history":[{"count":0,"href":"https:\/\/www.burks.de\/burksblog\/wp-json\/wp\/v2\/posts\/791\/revisions"}],"wp:attachment":[{"href":"https:\/\/www.burks.de\/burksblog\/wp-json\/wp\/v2\/media?parent=791"}],"wp:term":[{"taxonomy":"category","embeddable":true,"href":"https:\/\/www.burks.de\/burksblog\/wp-json\/wp\/v2\/categories?post=791"},{"taxonomy":"post_tag","embeddable":true,"href":"https:\/\/www.burks.de\/burksblog\/wp-json\/wp\/v2\/tags?post=791"}],"curies":[{"name":"wp","href":"https:\/\/api.w.org\/{rel}","templated":true}]}}