{"id":7884,"date":"2011-01-06T18:53:56","date_gmt":"2011-01-06T16:53:56","guid":{"rendered":"http:\/\/www.burks.de\/burksblog\/?p=7884"},"modified":"2011-01-06T18:53:56","modified_gmt":"2011-01-06T16:53:56","slug":"guten-tag-herr-burks","status":"publish","type":"post","link":"https:\/\/www.burks.de\/burksblog\/2011\/01\/06\/guten-tag-herr-burks","title":{"rendered":"Guten Tag Herr Burks"},"content":{"rendered":"<p><i>Guten Tag Herr Burks,<br \/>\nvorgestern haben wir Ihnen bereits per Email eine Vorab-Einladung f\u00fcr unser Presse-Screening der dctp und VOX am 15. Februar 2011 zugemailt. Um Ihnen<br \/>\nnoch die pers\u00f6nliche Einladung per Post zukommen zu lassen, br\u00e4uchten wir Ihre postalische Adresse. Es w\u00e4re klasse, wenn Sie mir diese zukommen<br \/>\nlassen k\u00f6nnten. Zur Vervollst\u00e4ndigung Ihrer Kontaktdaten br\u00e4uchten wir zudem Ihre aktuelle Telefonnummer.<br \/>\nVielen Dank, ein frohes neues Jahr und beste Gr\u00fc\u00dfe w\u00fcnscht<br \/>\nxxxxxxx<br \/>\nPresse &#038; Kommunikation<\/i><\/p>\n<p>Nein, ich antworte nicht darauf. Ich wei\u00df ohnehin nicht, was ein &#8222;Presse-Screening&#8220; ist.<\/p>\n<div class=\"pdfprnt-buttons pdfprnt-buttons-post pdfprnt-bottom-right\"><a href=\"https:\/\/www.burks.de\/burksblog\/wp-json\/wp\/v2\/posts\/7884?print=pdf\" class=\"pdfprnt-button pdfprnt-button-pdf\" target=\"_blank\" ><img decoding=\"async\" src=\"https:\/\/www.burks.de\/burksblog\/wp-content\/plugins\/pdf-print\/images\/pdf.png\" alt=\"image_pdf\" title=\"PDF anzeigen\" \/><\/a><a href=\"https:\/\/www.burks.de\/burksblog\/wp-json\/wp\/v2\/posts\/7884?print=print\" class=\"pdfprnt-button pdfprnt-button-print\" target=\"_blank\" ><img decoding=\"async\" src=\"https:\/\/www.burks.de\/burksblog\/wp-content\/plugins\/pdf-print\/images\/print.png\" alt=\"image_print\" title=\"Inhalt drucken\" \/><\/a><\/div><div class=\"twoclick_social_bookmarks_post_7884 social_share_privacy clearfix 1.6.4 locale-de_DE sprite-de_DE\"><\/div><div class=\"twoclick-js\"><script type=\"text\/javascript\">\/* <![CDATA[ *\/\njQuery(document).ready(function($){if($('.twoclick_social_bookmarks_post_7884')){$('.twoclick_social_bookmarks_post_7884').socialSharePrivacy({\"services\":{\"facebook\":{\"status\":\"on\",\"txt_info\":\"2 Klicks f\\u00fcr mehr Datenschutz: Erst wenn Sie hier klicken, wird der Button aktiv und Sie k\\u00f6nnen Ihre Empfehlung an Facebook senden. Schon beim Aktivieren werden Daten an Dritte \\u00fcbertragen - siehe <em>i<\\\/em>.\",\"perma_option\":\"off\",\"action\":\"recommend\",\"language\":\"de_DE\"},\"twitter\":{\"reply_to\":\"\",\"tweet_text\":\"%20Guten%20Tag%20Herr%20Burks%20%C2%BB%20Burks%27%20Blog%20-%20in%20dubio%20pro%20contra.%20De%20omnibus%20...\",\"status\":\"on\",\"txt_info\":\"2 Klicks f\\u00fcr mehr Datenschutz: Erst wenn Sie hier klicken, wird der Button aktiv und Sie k\\u00f6nnen Ihre Empfehlung an Twitter senden. Schon beim Aktivieren werden Daten an Dritte \\u00fcbertragen - siehe <em>i<\\\/em>.\",\"perma_option\":\"off\",\"language\":\"de\",\"referrer_track\":\"\"}},\"txt_help\":\"Wenn Sie diese Felder durch einen Klick aktivieren, werden Informationen an Facebook, Twitter, Flattr, Xing, t3n, LinkedIn, Pinterest oder Google eventuell ins Ausland \\u00fcbertragen und unter Umst\\u00e4nden auch dort gespeichert. N\\u00e4heres erfahren Sie durch einen Klick auf das <em>i<\\\/em>.\",\"settings_perma\":\"Dauerhaft aktivieren und Daten\\u00fcber-tragung zustimmen:\",\"info_link\":\"http:\\\/\\\/www.heise.de\\\/ct\\\/artikel\\\/2-Klicks-fuer-mehr-Datenschutz-1333879.html\",\"uri\":\"https:\\\/\\\/www.burks.de\\\/burksblog\\\/2011\\\/01\\\/06\\\/guten-tag-herr-burks\",\"post_id\":7884,\"post_title_referrer_track\":\"Guten+Tag+Herr+Burks\",\"display_infobox\":\"on\"});}});\n\/* ]]> *\/<\/script><\/div>","protected":false},"excerpt":{"rendered":"<p>Guten Tag Herr Burks, vorgestern haben wir Ihnen bereits per Email eine Vorab-Einladung f\u00fcr unser Presse-Screening der dctp und VOX am 15. Februar 2011 zugemailt. Um Ihnen noch die pers\u00f6nliche Einladung per Post zukommen zu lassen, br\u00e4uchten wir Ihre postalische Adresse. Es w\u00e4re klasse, wenn Sie mir diese zukommen lassen k\u00f6nnten. Zur Vervollst\u00e4ndigung Ihrer Kontaktdaten [&hellip;]<\/p>\n","protected":false},"author":1,"featured_media":0,"comment_status":"open","ping_status":"open","sticky":false,"template":"","format":"standard","meta":{"footnotes":""},"categories":[22],"tags":[],"class_list":["post-7884","post","type-post","status-publish","format-standard","hentry","category-hausmitteilung"],"_links":{"self":[{"href":"https:\/\/www.burks.de\/burksblog\/wp-json\/wp\/v2\/posts\/7884","targetHints":{"allow":["GET"]}}],"collection":[{"href":"https:\/\/www.burks.de\/burksblog\/wp-json\/wp\/v2\/posts"}],"about":[{"href":"https:\/\/www.burks.de\/burksblog\/wp-json\/wp\/v2\/types\/post"}],"author":[{"embeddable":true,"href":"https:\/\/www.burks.de\/burksblog\/wp-json\/wp\/v2\/users\/1"}],"replies":[{"embeddable":true,"href":"https:\/\/www.burks.de\/burksblog\/wp-json\/wp\/v2\/comments?post=7884"}],"version-history":[{"count":3,"href":"https:\/\/www.burks.de\/burksblog\/wp-json\/wp\/v2\/posts\/7884\/revisions"}],"predecessor-version":[{"id":7887,"href":"https:\/\/www.burks.de\/burksblog\/wp-json\/wp\/v2\/posts\/7884\/revisions\/7887"}],"wp:attachment":[{"href":"https:\/\/www.burks.de\/burksblog\/wp-json\/wp\/v2\/media?parent=7884"}],"wp:term":[{"taxonomy":"category","embeddable":true,"href":"https:\/\/www.burks.de\/burksblog\/wp-json\/wp\/v2\/categories?post=7884"},{"taxonomy":"post_tag","embeddable":true,"href":"https:\/\/www.burks.de\/burksblog\/wp-json\/wp\/v2\/tags?post=7884"}],"curies":[{"name":"wp","href":"https:\/\/api.w.org\/{rel}","templated":true}]}}