{"id":7425,"date":"2010-12-01T22:37:12","date_gmt":"2010-12-01T20:37:12","guid":{"rendered":"http:\/\/www.burks.de\/burksblog\/?p=7425"},"modified":"2010-12-01T23:09:48","modified_gmt":"2010-12-01T21:09:48","slug":"eine-rote-linie-die-jeder-beachten-muss","status":"publish","type":"post","link":"https:\/\/www.burks.de\/burksblog\/2010\/12\/01\/eine-rote-linie-die-jeder-beachten-muss","title":{"rendered":"Eine rote Linie, die jeder beachten muss"},"content":{"rendered":"<p><a href=\"http:\/\/www.tagesschau.de\/ausland\/studieinternetzensur100.html\">Tagesschau.de<\/a>: &#8222;Das Internet wird in Birma, China, Iran, Nordkorea, Turkmenistan und Vietnam weltweit am sch\u00e4rfsten zensiert. Zu diesem Ergebnis kommt eine Studie der US-Universit\u00e4t Kansas, aus der die Fachzeitschrift &#8222;GeoJournal&#8220; zitiert.&#8220;<\/p>\n<p>Nat\u00fcrlich ist tagesschau.de zu bl\u00f6d oder zu faul oder zu feige (&#8222;\u00f6ffentlich-rechtliche <i>Anstalt<\/i>&#8222;) , irgendwelche Links zu setzen, etwa zu dem zitierten Professor <a href=\"http:\/\/www2.ku.edu\/~geography\/peoplepages\/Warf_B.shtml\">Barney Warf<\/a>. Witzig ist hingegen die <a href=\"http:\/\/www.bb-live.de\/krz_39_109622348-1-54389_Studie-nennt-Laender-mit-schaerfster-Internet-Zensur.html?BBLIVEID=77053ac7973c6bbb75c7043d405130b1\">Kreiszeitung &#8211; B\u00f6blinger Bote <\/a> (<a href=\"http:\/\/whois.domaintools.com\/bb-live.de\">whois<\/a>): &#8222;Der Download des Warf-Artikels &#8218;Geographies of global Internet censorship&#8216; (Geografien der globalen Internet-Zensur) in &#8218;GeoJournal&#8216; ist nur f\u00fcr Abonnenten oder per Einmalzahlung einer Geb\u00fchr m\u00f6glich&#8220; mit dem Hinweis: &#8222;Download des Artikels, PDF, 1 MB, 34 Euro&#8220;. Vierunddreissig Euro. Das ist doch mal ein Gesch\u00e4ftmodell einer deutschen Zeitung! Es bezieht sich aber auf <a href=\"https:\/\/springerlink3.metapress.com\/content\/x0g025347785722p\/resource-secured\/?target=fulltext.pdf&#038;sid=2w2j0q45sqej35453ldu2r45&#038;sh=www.springerlink.com\">springer.com<\/a>, wo das pdf eben so viel kostet &#8211; immerhin kein Surplusprofit&#8230;<\/p>\n<p>Das <i>abstract<\/i> bei springer.com lautet: &#8222;More than one-quarter of the planet\u2019s population uses the Internet today, although access to it is highly uneven throughout the world. While it is widely celebrated for its emancipatory potential, many governments view the Internet with alarm and have attempted to limit access or to control its contents. This project seeks to provide a comprehensive, theoretically informed analysis of the geographies of Internet censorship. It begins by clarifying the reasons, types, extent of, and opposition to, government limitations of Internet access and contents. Invoking an index of censorship by Reporters Without Borders, it maps the severity of censorship worldwide and assesses the numbers of people affected, and using the Freedom House index, it correlates political liberty with penetration rates. Second, it explores Internet censorship at several levels of severity to explicate the multiple means through which censorship is implemented and resisted. The third part offers a moral critique of Internet censorship via a <a href=\"http:\/\/www.jakeg.co.uk\/essays\/habermas.htm\">Habermasian interpretation<\/a> of cyberspace as the closest real-world approximation of an ideal speech situation. The summary notes the paradox of growing e-government and continued fears of an expanded domain of public discourse.&#8220; <\/p>\n<p>Das bringt es sehr sch\u00f6n auf den Punkt. Es ist ein Paradoxon, dass Regierungen von &#8222;E-government&#8220; reden und gleichzeitig das Internet zensieren und den Diskurs der B\u00fcrger dort f\u00fcrchten. Deutschland und seine <i>German Intenet Angst<\/i><sup>TM<\/sup> sind das beste Beispiel. Die <a href=\"http:\/\/www.sueddeutsche.de\/digital\/datenschutz-bei-street-view-und-co-schmerzensgeld-fuer-sammelopfer-1.10305912>S\u00fcddeutsche<\/a> u.a. berichtet von einem neuen Datenschutzgesetz: &#8222;Die Bundesregierung  will demnach eine &#8218;gezielte Verbreitung von Pers\u00f6nlichkeitsprofilen&#8216; nur dann erlauben, wenn die Betroffenen dem zugestimmt haben oder ein &#8218;klar \u00fcberwiegendes Interesse an der Ver\u00f6ffentlichung&#8216; bestehe. &#8218;Hier gibt es eine &#8222;rote Linie&#8220;, die jeder beachten muss.'&#8220;<\/p>\n<p>Gleichzeitig fordern die Hardliner und die Zensur- und \u00dcberwachungslobby, dass der Staat anlassloss in blinder Sammelwut die Kommunikationsprofile aller B\u00fcrger erfasst &#8211; durch die <a href=\"http:\/\/www.vorratsdatenspeicherung.de\/content\/view\/407\/55\/lang,de\/\">Vorratsdatenspeicherung<\/a>. Der AK Vorrat schreibt in einen offenen Brief an den Innenminister:<\/p>\n<p>&#8222;Die Zulassung einer Vorratsdatenspeicherung w\u00e4re &#8211; wie Sie es selbst formuliert haben &#8211; ein gro\u00dfer Dammbruch auf dem Weg in die \u00dcberwachungsgesellschaft. Die globale Speicherung von Daten allein f\u00fcr eine m\u00f6gliche k\u00fcnftige staatliche Verwendung w\u00fcrde allm\u00e4hlich alle Lebensbereiche erfassen, denn die vorsorgliche Protokollierung personenbezogener Daten ist f\u00fcr den Staat stets und in allen Bereichen n\u00fctzlich. Wenn dem Staat die permanente Aufzeichnung des Verhaltens s\u00e4mtlicher seiner B\u00fcrger ohne Anlass gestattet w\u00fcrde, w\u00fcrden schrittweise s\u00e4mtliche Lebensbereiche in einer Weise registriert werden, wie es selbst unter fr\u00fcheren totalit\u00e4ren Regimes wie der DDR undenkbar war. Sicherlich wollen Sie nicht, dass der Staat &#8218;kurzfristig&#8216; erfassen l\u00e4sst, wo Sie sich aufhalten, welche B\u00fccher Sie lesen und mit wem Sie den Tag \u00fcber sprechen und verkehren? (&#8230;) Leider \u00fcbernehmen Sie damit unbesehen die Behauptung ma\u00dfloser Innenpolitiker, man brauche insbesondere bei Pauschaltarifen (&#8222;Flatrates&#8220;) eine Protokollierung jeder Verbindung, um Straftaten verfolgen zu k\u00f6nnen. Gerade weil Union und Polizeifunktion\u00e4re eine durchsichtige Kampagne f\u00fcr eine neuerliche Aufzeichnung aller Verbindungen betreiben, ist es wichtig, dass wir die Argumente dieser Kampagne widerlegen, anstatt sie als &#8222;berechtigte Einw\u00e4nde&#8220; zu best\u00e4tigen.&#8220;<\/p>\n<p>Von so einem heuchlerischen Kerl lass ich mir nicht \u00fcber Datenschutz erz\u00e4hlen. (<a href=\"http:\/\/www.heise.de\/newsticker\/foren\/S-Brandstifter-besorgt-ueber-unaufhoerliche-Zunahme-von-Braenden\/forum-190106\/msg-19516055\/read\/\">Dieser Kommentar<\/a> bei Heise sagt alles.)<\/p>\n<p>Jetzt aber noch einmal tagessschau.de \u00fcber die Studie zur Zensur des Internet:<\/p>\n<p>&#8222;Warf f\u00fchrt Deutschland in der Kategorie &#8218;unzensiert&#8216;, macht allerdings zwei Einschr\u00e4nkungen: Kinderpornografische Seiten und Inhalte, die rassistisch oder neonazistisch sind, werden blockiert. So sei es etwa mit Google in Deutschland nicht m\u00f6glich, nach historischen Objekten mit NS-Symbolen zu suchen. Grundlage daf\u00fcr ist ein Gesetz, das die Holocaust-Leugnung in Deutschland unter Strafe stellt. Anders ist das in den Vereinigten Staaten: Wer dort die systematische Ermordung von Juden verharmlost oder negiert, kann sich auf das Grundrecht auf Meinungsfreiheit berufen.&#8220;<\/p>\n<p>Da irrt der gute Mann nat\u00fcrlich &#8211; in Nordrhein-Westfalen zum Beispiel <i>ist<\/i> <a href=\"http:\/\/odem.org\/informationsfreiheit\/o-ton--wieviel-und-was.html\">das Internet zensiert<\/a>. In Deutschland kost\u00fcmiert sich die eben nur <a href=\"http:\/\/ak-zensur.de\/\">als Jugendschutz<\/a>.<\/p>\n<div class=\"pdfprnt-buttons pdfprnt-buttons-post pdfprnt-bottom-right\"><a href=\"https:\/\/www.burks.de\/burksblog\/wp-json\/wp\/v2\/posts\/7425?print=pdf\" class=\"pdfprnt-button pdfprnt-button-pdf\" target=\"_blank\" ><img decoding=\"async\" src=\"https:\/\/www.burks.de\/burksblog\/wp-content\/plugins\/pdf-print\/images\/pdf.png\" alt=\"image_pdf\" title=\"PDF anzeigen\" \/><\/a><a href=\"https:\/\/www.burks.de\/burksblog\/wp-json\/wp\/v2\/posts\/7425?print=print\" class=\"pdfprnt-button pdfprnt-button-print\" target=\"_blank\" ><img decoding=\"async\" src=\"https:\/\/www.burks.de\/burksblog\/wp-content\/plugins\/pdf-print\/images\/print.png\" alt=\"image_print\" title=\"Inhalt drucken\" \/><\/a><\/div><div class=\"twoclick_social_bookmarks_post_7425 social_share_privacy clearfix 1.6.4 locale-de_DE sprite-de_DE\"><\/div><div class=\"twoclick-js\"><script type=\"text\/javascript\">\/* <![CDATA[ *\/\njQuery(document).ready(function($){if($('.twoclick_social_bookmarks_post_7425')){$('.twoclick_social_bookmarks_post_7425').socialSharePrivacy({\"services\":{\"facebook\":{\"status\":\"on\",\"txt_info\":\"2 Klicks f\\u00fcr mehr Datenschutz: Erst wenn Sie hier klicken, wird der Button aktiv und Sie k\\u00f6nnen Ihre Empfehlung an Facebook senden. Schon beim Aktivieren werden Daten an Dritte \\u00fcbertragen - siehe <em>i<\\\/em>.\",\"perma_option\":\"off\",\"action\":\"recommend\",\"language\":\"de_DE\"},\"twitter\":{\"reply_to\":\"\",\"tweet_text\":\"%20Eine%20rote%20Linie%2C%20die%20jeder%20beachten%20muss%20%C2%BB%20Burks%27%20Blog%20-%20in%20dubio%20pro%20...\",\"status\":\"on\",\"txt_info\":\"2 Klicks f\\u00fcr mehr Datenschutz: Erst wenn Sie hier klicken, wird der Button aktiv und Sie k\\u00f6nnen Ihre Empfehlung an Twitter senden. Schon beim Aktivieren werden Daten an Dritte \\u00fcbertragen - siehe <em>i<\\\/em>.\",\"perma_option\":\"off\",\"language\":\"de\",\"referrer_track\":\"\"}},\"txt_help\":\"Wenn Sie diese Felder durch einen Klick aktivieren, werden Informationen an Facebook, Twitter, Flattr, Xing, t3n, LinkedIn, Pinterest oder Google eventuell ins Ausland \\u00fcbertragen und unter Umst\\u00e4nden auch dort gespeichert. N\\u00e4heres erfahren Sie durch einen Klick auf das <em>i<\\\/em>.\",\"settings_perma\":\"Dauerhaft aktivieren und Daten\\u00fcber-tragung zustimmen:\",\"info_link\":\"http:\\\/\\\/www.heise.de\\\/ct\\\/artikel\\\/2-Klicks-fuer-mehr-Datenschutz-1333879.html\",\"uri\":\"https:\\\/\\\/www.burks.de\\\/burksblog\\\/2010\\\/12\\\/01\\\/eine-rote-linie-die-jeder-beachten-muss\",\"post_id\":7425,\"post_title_referrer_track\":\"Eine+rote+Linie%2C+die+jeder+beachten+muss\",\"display_infobox\":\"on\"});}});\n\/* ]]> *\/<\/script><\/div>","protected":false},"excerpt":{"rendered":"<p>Tagesschau.de: &#8222;Das Internet wird in Birma, China, Iran, Nordkorea, Turkmenistan und Vietnam weltweit am sch\u00e4rfsten zensiert. Zu diesem Ergebnis kommt eine Studie der US-Universit\u00e4t Kansas, aus der die Fachzeitschrift &#8222;GeoJournal&#8220; zitiert.&#8220; Nat\u00fcrlich ist tagesschau.de zu bl\u00f6d oder zu faul oder zu feige (&#8222;\u00f6ffentlich-rechtliche Anstalt&#8222;) , irgendwelche Links zu setzen, etwa zu dem zitierten Professor Barney [&hellip;]<\/p>\n","protected":false},"author":1,"featured_media":0,"comment_status":"open","ping_status":"open","sticky":false,"template":"","format":"standard","meta":{"footnotes":""},"categories":[21,15,31],"tags":[],"class_list":["post-7425","post","type-post","status-publish","format-standard","hentry","category-internet-and-computer","category-politics","category-protect-your-privacy"],"_links":{"self":[{"href":"https:\/\/www.burks.de\/burksblog\/wp-json\/wp\/v2\/posts\/7425","targetHints":{"allow":["GET"]}}],"collection":[{"href":"https:\/\/www.burks.de\/burksblog\/wp-json\/wp\/v2\/posts"}],"about":[{"href":"https:\/\/www.burks.de\/burksblog\/wp-json\/wp\/v2\/types\/post"}],"author":[{"embeddable":true,"href":"https:\/\/www.burks.de\/burksblog\/wp-json\/wp\/v2\/users\/1"}],"replies":[{"embeddable":true,"href":"https:\/\/www.burks.de\/burksblog\/wp-json\/wp\/v2\/comments?post=7425"}],"version-history":[{"count":5,"href":"https:\/\/www.burks.de\/burksblog\/wp-json\/wp\/v2\/posts\/7425\/revisions"}],"predecessor-version":[{"id":7435,"href":"https:\/\/www.burks.de\/burksblog\/wp-json\/wp\/v2\/posts\/7425\/revisions\/7435"}],"wp:attachment":[{"href":"https:\/\/www.burks.de\/burksblog\/wp-json\/wp\/v2\/media?parent=7425"}],"wp:term":[{"taxonomy":"category","embeddable":true,"href":"https:\/\/www.burks.de\/burksblog\/wp-json\/wp\/v2\/categories?post=7425"},{"taxonomy":"post_tag","embeddable":true,"href":"https:\/\/www.burks.de\/burksblog\/wp-json\/wp\/v2\/tags?post=7425"}],"curies":[{"name":"wp","href":"https:\/\/api.w.org\/{rel}","templated":true}]}}