{"id":6978,"date":"2010-10-17T19:49:39","date_gmt":"2010-10-17T17:49:39","guid":{"rendered":"http:\/\/www.burks.de\/burksblog\/?p=6978"},"modified":"2010-10-19T14:09:04","modified_gmt":"2010-10-19T12:09:04","slug":"damaris-yanay-hamuy-tusuykusun","status":"publish","type":"post","link":"https:\/\/www.burks.de\/burksblog\/2010\/10\/17\/damaris-yanay-hamuy-tusuykusun","title":{"rendered":"Damaris yanay hamuy, tusuykusun!"},"content":{"rendered":"<p><object width=\"480\" height=\"385\"><param name=\"movie\" value=\"http:\/\/www.youtube.com\/v\/TnzgriHk5ac?fs=1&amp;hl=de_DE\"><\/param><param name=\"allowFullScreen\" value=\"true\"><\/param><param name=\"allowscriptaccess\" value=\"always\"><\/param><embed src=\"http:\/\/www.youtube.com\/v\/TnzgriHk5ac?fs=1&amp;hl=de_DE\" type=\"application\/x-shockwave-flash\" allowscriptaccess=\"always\" allowfullscreen=\"true\" width=\"480\" height=\"385\"><\/embed><\/object><\/p>\n<p align=left><a href=\"http:\/\/www.damaris.com.pe\/\">Damaris<\/a>, auch bekannt als <a href=\"http:\/\/en.wikipedia.org\/wiki\/Damaris_%28singer%29\">Damaris Mallma Porras<\/a>, ist nicht nur eine der sch\u00f6nsten S\u00e4ngerinnen Lateinamerikas, sondern hat <a href=\"http:\/\/www.gogeometry.com\/incas\/inca_music_damaris_tusuy_kusun_peru.htm\">Quechua<\/a> in Peru Disko-tauglich gemacht. Ihre Musik in spanischer Sprache und in Quechua k\u00f6nnte ich mir stundenlang anh\u00f6ren. Wenn man diese &#8222;Folklore&#8220; mit dem uns\u00e4glichen Schei\u00df vergleicht, der einem hierzulande als &#8222;Volksmusik&#8220; angeboten wird, k\u00f6nnte einem ganz schlecht werden. Einwanderer, integriert euch blo\u00df nicht so, dass euch dieser deutsche &#8222;Volksmusik&#8220;-M\u00fcll gef\u00e4llt!<\/p>\n<div class=\"pdfprnt-buttons pdfprnt-buttons-post pdfprnt-bottom-right\"><a href=\"https:\/\/www.burks.de\/burksblog\/wp-json\/wp\/v2\/posts\/6978?print=pdf\" class=\"pdfprnt-button pdfprnt-button-pdf\" target=\"_blank\" ><img decoding=\"async\" src=\"https:\/\/www.burks.de\/burksblog\/wp-content\/plugins\/pdf-print\/images\/pdf.png\" alt=\"image_pdf\" title=\"PDF anzeigen\" \/><\/a><a href=\"https:\/\/www.burks.de\/burksblog\/wp-json\/wp\/v2\/posts\/6978?print=print\" class=\"pdfprnt-button pdfprnt-button-print\" target=\"_blank\" ><img decoding=\"async\" src=\"https:\/\/www.burks.de\/burksblog\/wp-content\/plugins\/pdf-print\/images\/print.png\" alt=\"image_print\" title=\"Inhalt drucken\" \/><\/a><\/div><div class=\"twoclick_social_bookmarks_post_6978 social_share_privacy clearfix 1.6.4 locale-de_DE sprite-de_DE\"><\/div><div class=\"twoclick-js\"><script type=\"text\/javascript\">\/* <![CDATA[ *\/\njQuery(document).ready(function($){if($('.twoclick_social_bookmarks_post_6978')){$('.twoclick_social_bookmarks_post_6978').socialSharePrivacy({\"services\":{\"facebook\":{\"status\":\"on\",\"txt_info\":\"2 Klicks f\\u00fcr mehr Datenschutz: Erst wenn Sie hier klicken, wird der Button aktiv und Sie k\\u00f6nnen Ihre Empfehlung an Facebook senden. Schon beim Aktivieren werden Daten an Dritte \\u00fcbertragen - siehe <em>i<\\\/em>.\",\"perma_option\":\"off\",\"action\":\"recommend\",\"language\":\"de_DE\"},\"twitter\":{\"reply_to\":\"\",\"tweet_text\":\"%20Damaris%20yanay%20hamuy%2C%20tusuykusun%21%20%C2%BB%20Burks%27%20Blog%20-%20in%20dubio%20pro%20contra.%20De%20...\",\"status\":\"on\",\"txt_info\":\"2 Klicks f\\u00fcr mehr Datenschutz: Erst wenn Sie hier klicken, wird der Button aktiv und Sie k\\u00f6nnen Ihre Empfehlung an Twitter senden. Schon beim Aktivieren werden Daten an Dritte \\u00fcbertragen - siehe <em>i<\\\/em>.\",\"perma_option\":\"off\",\"language\":\"de\",\"referrer_track\":\"\"}},\"txt_help\":\"Wenn Sie diese Felder durch einen Klick aktivieren, werden Informationen an Facebook, Twitter, Flattr, Xing, t3n, LinkedIn, Pinterest oder Google eventuell ins Ausland \\u00fcbertragen und unter Umst\\u00e4nden auch dort gespeichert. N\\u00e4heres erfahren Sie durch einen Klick auf das <em>i<\\\/em>.\",\"settings_perma\":\"Dauerhaft aktivieren und Daten\\u00fcber-tragung zustimmen:\",\"info_link\":\"http:\\\/\\\/www.heise.de\\\/ct\\\/artikel\\\/2-Klicks-fuer-mehr-Datenschutz-1333879.html\",\"uri\":\"https:\\\/\\\/www.burks.de\\\/burksblog\\\/2010\\\/10\\\/17\\\/damaris-yanay-hamuy-tusuykusun\",\"post_id\":6978,\"post_title_referrer_track\":\"Damaris+yanay+hamuy%2C+tusuykusun%21\",\"display_infobox\":\"on\"});}});\n\/* ]]> *\/<\/script><\/div>","protected":false},"excerpt":{"rendered":"<p>Damaris, auch bekannt als Damaris Mallma Porras, ist nicht nur eine der sch\u00f6nsten S\u00e4ngerinnen Lateinamerikas, sondern hat Quechua in Peru Disko-tauglich gemacht. Ihre Musik in spanischer Sprache und in Quechua k\u00f6nnte ich mir stundenlang anh\u00f6ren. Wenn man diese &#8222;Folklore&#8220; mit dem uns\u00e4glichen Schei\u00df vergleicht, der einem hierzulande als &#8222;Volksmusik&#8220; angeboten wird, k\u00f6nnte einem ganz schlecht [&hellip;]<\/p>\n","protected":false},"author":1,"featured_media":0,"comment_status":"open","ping_status":"open","sticky":false,"template":"","format":"standard","meta":{"footnotes":""},"categories":[1],"tags":[],"class_list":["post-6978","post","type-post","status-publish","format-standard","hentry","category-feuilleton"],"_links":{"self":[{"href":"https:\/\/www.burks.de\/burksblog\/wp-json\/wp\/v2\/posts\/6978","targetHints":{"allow":["GET"]}}],"collection":[{"href":"https:\/\/www.burks.de\/burksblog\/wp-json\/wp\/v2\/posts"}],"about":[{"href":"https:\/\/www.burks.de\/burksblog\/wp-json\/wp\/v2\/types\/post"}],"author":[{"embeddable":true,"href":"https:\/\/www.burks.de\/burksblog\/wp-json\/wp\/v2\/users\/1"}],"replies":[{"embeddable":true,"href":"https:\/\/www.burks.de\/burksblog\/wp-json\/wp\/v2\/comments?post=6978"}],"version-history":[{"count":5,"href":"https:\/\/www.burks.de\/burksblog\/wp-json\/wp\/v2\/posts\/6978\/revisions"}],"predecessor-version":[{"id":6993,"href":"https:\/\/www.burks.de\/burksblog\/wp-json\/wp\/v2\/posts\/6978\/revisions\/6993"}],"wp:attachment":[{"href":"https:\/\/www.burks.de\/burksblog\/wp-json\/wp\/v2\/media?parent=6978"}],"wp:term":[{"taxonomy":"category","embeddable":true,"href":"https:\/\/www.burks.de\/burksblog\/wp-json\/wp\/v2\/categories?post=6978"},{"taxonomy":"post_tag","embeddable":true,"href":"https:\/\/www.burks.de\/burksblog\/wp-json\/wp\/v2\/tags?post=6978"}],"curies":[{"name":"wp","href":"https:\/\/api.w.org\/{rel}","templated":true}]}}