{"id":66468,"date":"2026-09-04T14:32:57","date_gmt":"2026-09-04T12:32:57","guid":{"rendered":"https:\/\/www.burks.de\/burksblog\/?p=66468"},"modified":"2026-09-04T14:33:16","modified_gmt":"2026-09-04T12:33:16","slug":"brainshaming","status":"publish","type":"post","link":"https:\/\/www.burks.de\/burksblog\/2026\/09\/04\/brainshaming","title":{"rendered":"Brainshaming"},"content":{"rendered":"<p><a href=\"https:\/\/www.instagram.com\/das_herz_pocht_links\"><img decoding=\"async\" src=\"https:\/\/www.burks.de\/burksblog\/pix\/2026\/09\/040926_1.jpg\" border=\"0\" width=\"480\" alt=\"brainshaming\"\/><\/a><\/p>\n<p>Man darf ja nichts mehr sagen, wenn Leute total h\u00e4sslich oder fett sind. Das w\u00e4re gemein und unh\u00f6flich und <a href=\"https:\/\/de.wikipedia.org\/wiki\/Bodyshaming\">Bodyshaming<\/a> und <a href=\"https:\/\/de.wikipedia.org\/wiki\/Lookism\">Diskriminierung<\/a>. Wir wollen, dass im Kapitalismus alle gl\u00fccklich sind und tun so etwas nicht.<\/p>\n<p>Aber ist es eigentlich erlaubt, Leute wegen ihrer abgrundtiefen Dummheit anzup\u00f6beln? Oder ist Brainshaming jetzt auch verboten?<\/p>\n<div class=\"pdfprnt-buttons pdfprnt-buttons-post pdfprnt-bottom-right\"><a href=\"https:\/\/www.burks.de\/burksblog\/wp-json\/wp\/v2\/posts\/66468?print=pdf\" class=\"pdfprnt-button pdfprnt-button-pdf\" target=\"_blank\" ><img decoding=\"async\" src=\"https:\/\/www.burks.de\/burksblog\/wp-content\/plugins\/pdf-print\/images\/pdf.png\" alt=\"image_pdf\" title=\"PDF anzeigen\" \/><\/a><a href=\"https:\/\/www.burks.de\/burksblog\/wp-json\/wp\/v2\/posts\/66468?print=print\" class=\"pdfprnt-button pdfprnt-button-print\" target=\"_blank\" ><img decoding=\"async\" src=\"https:\/\/www.burks.de\/burksblog\/wp-content\/plugins\/pdf-print\/images\/print.png\" alt=\"image_print\" title=\"Inhalt drucken\" \/><\/a><\/div><div class=\"twoclick_social_bookmarks_post_66468 social_share_privacy clearfix 1.6.4 locale-de_DE sprite-de_DE\"><\/div><div class=\"twoclick-js\"><script type=\"text\/javascript\">\/* <![CDATA[ *\/\njQuery(document).ready(function($){if($('.twoclick_social_bookmarks_post_66468')){$('.twoclick_social_bookmarks_post_66468').socialSharePrivacy({\"services\":{\"facebook\":{\"status\":\"on\",\"txt_info\":\"2 Klicks f\\u00fcr mehr Datenschutz: Erst wenn Sie hier klicken, wird der Button aktiv und Sie k\\u00f6nnen Ihre Empfehlung an Facebook senden. Schon beim Aktivieren werden Daten an Dritte \\u00fcbertragen - siehe <em>i<\\\/em>.\",\"perma_option\":\"off\",\"action\":\"recommend\",\"language\":\"de_DE\"},\"twitter\":{\"reply_to\":\"\",\"tweet_text\":\"Brainshaming%20%C2%BB%20Burks%27%20Blog%20-%20in%20dubio%20pro%20contra.%20De%20omnibus%20dubitandum.\",\"status\":\"on\",\"txt_info\":\"2 Klicks f\\u00fcr mehr Datenschutz: Erst wenn Sie hier klicken, wird der Button aktiv und Sie k\\u00f6nnen Ihre Empfehlung an Twitter senden. Schon beim Aktivieren werden Daten an Dritte \\u00fcbertragen - siehe <em>i<\\\/em>.\",\"perma_option\":\"off\",\"language\":\"de\",\"referrer_track\":\"\"}},\"txt_help\":\"Wenn Sie diese Felder durch einen Klick aktivieren, werden Informationen an Facebook, Twitter, Flattr, Xing, t3n, LinkedIn, Pinterest oder Google eventuell ins Ausland \\u00fcbertragen und unter Umst\\u00e4nden auch dort gespeichert. N\\u00e4heres erfahren Sie durch einen Klick auf das <em>i<\\\/em>.\",\"settings_perma\":\"Dauerhaft aktivieren und Daten\\u00fcber-tragung zustimmen:\",\"info_link\":\"http:\\\/\\\/www.heise.de\\\/ct\\\/artikel\\\/2-Klicks-fuer-mehr-Datenschutz-1333879.html\",\"uri\":\"https:\\\/\\\/www.burks.de\\\/burksblog\\\/2026\\\/09\\\/04\\\/brainshaming\",\"post_id\":66468,\"post_title_referrer_track\":\"Brainshaming\",\"display_infobox\":\"on\"});}});\n\/* ]]> *\/<\/script><\/div>","protected":false},"excerpt":{"rendered":"<p>Man darf ja nichts mehr sagen, wenn Leute total h\u00e4sslich oder fett sind. Das w\u00e4re gemein und unh\u00f6flich und Bodyshaming und Diskriminierung. Wir wollen, dass im Kapitalismus alle gl\u00fccklich sind und tun so etwas nicht. Aber ist es eigentlich erlaubt, Leute wegen ihrer abgrundtiefen Dummheit anzup\u00f6beln? Oder ist Brainshaming jetzt auch verboten?<\/p>\n","protected":false},"author":1,"featured_media":0,"comment_status":"open","ping_status":"open","sticky":false,"template":"","format":"standard","meta":{"footnotes":""},"categories":[15],"tags":[],"class_list":["post-66468","post","type-post","status-publish","format-standard","hentry","category-politics"],"_links":{"self":[{"href":"https:\/\/www.burks.de\/burksblog\/wp-json\/wp\/v2\/posts\/66468","targetHints":{"allow":["GET"]}}],"collection":[{"href":"https:\/\/www.burks.de\/burksblog\/wp-json\/wp\/v2\/posts"}],"about":[{"href":"https:\/\/www.burks.de\/burksblog\/wp-json\/wp\/v2\/types\/post"}],"author":[{"embeddable":true,"href":"https:\/\/www.burks.de\/burksblog\/wp-json\/wp\/v2\/users\/1"}],"replies":[{"embeddable":true,"href":"https:\/\/www.burks.de\/burksblog\/wp-json\/wp\/v2\/comments?post=66468"}],"version-history":[{"count":2,"href":"https:\/\/www.burks.de\/burksblog\/wp-json\/wp\/v2\/posts\/66468\/revisions"}],"predecessor-version":[{"id":66470,"href":"https:\/\/www.burks.de\/burksblog\/wp-json\/wp\/v2\/posts\/66468\/revisions\/66470"}],"wp:attachment":[{"href":"https:\/\/www.burks.de\/burksblog\/wp-json\/wp\/v2\/media?parent=66468"}],"wp:term":[{"taxonomy":"category","embeddable":true,"href":"https:\/\/www.burks.de\/burksblog\/wp-json\/wp\/v2\/categories?post=66468"},{"taxonomy":"post_tag","embeddable":true,"href":"https:\/\/www.burks.de\/burksblog\/wp-json\/wp\/v2\/tags?post=66468"}],"curies":[{"name":"wp","href":"https:\/\/api.w.org\/{rel}","templated":true}]}}