{"id":66434,"date":"2026-09-02T17:20:08","date_gmt":"2026-09-02T15:20:08","guid":{"rendered":"https:\/\/www.burks.de\/burksblog\/?p=66434"},"modified":"2026-09-02T17:24:02","modified_gmt":"2026-09-02T15:24:02","slug":"arbeitsam-blond-und-gewalttaetig","status":"publish","type":"post","link":"https:\/\/www.burks.de\/burksblog\/2026\/09\/02\/arbeitsam-blond-und-gewalttaetig","title":{"rendered":"Arbeitsam, blond und gewaltt\u00e4tig"},"content":{"rendered":"<p><a href=\"https:\/\/www.burks.de\/burksblog\/pix\/2026\/09\/020926_2gr.jpg\"><img decoding=\"async\" src=\"https:\/\/www.burks.de\/burksblog\/pix\/2026\/09\/020926_2kl.jpg\" border=\"0\" width=\"480\" alt=\"brief\"\/><\/a><\/p>\n<p>Das ist der letzte meiner Briefe aus S\u00fcdamerika, den meine Mutter aufgehoben hatte. Aus Venezuela (1998) habe ich nur einen geschrieben.<\/p>\n<p><a href=\"https:\/\/www.burks.de\/burksblog\/pix\/2026\/09\/020926_4gr.jpg\"><img decoding=\"async\" src=\"https:\/\/www.burks.de\/burksblog\/pix\/2026\/09\/020926_4kl.jpg\" border=\"0\" width=\"480\" alt=\"brief\"\/><\/a><br \/>\n<small>Das Hotel <a href=\"https:\/\/www.google.de\/maps\/place\/Hotel+Gran+Duque\/@9.9277873,-69.6124615,122m\/data=!3m1!1e3!4m14!1m7!3m6!1s0x8e7d80fd062386fd:0x1304e17639d414a5!2sHotel+Gran+Duque!8m2!3d9.9277822!4d-69.6122516!16s%2Fg%2F11g9q9dg0m!3m5!1s0x8e7d80fd062386fd:0x1304e17639d414a5!8m2!3d9.9277822!4d-69.6122516!16s%2Fg%2F11g9q9dg0m?hl=de&#038;entry=ttu&#038;g_ep=EgoyMDI2MDgzMC4wIKXMDSoASAFQAw%3D%3D\">El Gran Duque<\/a> gibt es noch in Quibor! Leider ist noch nicht einmal die Hauptverkehrsstra\u00dfe von Google erfasst worden.<\/small><\/p>\n<p><a href=\"https:\/\/www.google.de\/maps\/place\/Qu%C3%ADbor+3061,+Lara,+Venezuela\/@9.972632,-69.5523466,11.67z\/data=!4m6!3m5!1s0x8e7d8053462f35e1:0x53146337cf04bd5a!8m2!3d9.9312927!4d-69.6154982!16s%2Fm%2F0fqrxgp?hl=de&#038;entry=ttu&#038;g_ep=EgoyMDI2MDgzMC4wIKXMDSoASAFQAw%3D%3D\">Qu\u00edbor<\/a>, 28.1. [1998, s\u00fcdwestlich von Barquisimeto]<\/p>\n<p>Liebe Eltern!<br \/>\nVenezuela ist leider teurer als ich dachte, ich darf nicht mehr als 20 Mark pro Tag ausgeben, und ein Hotel von der billigsten Sorte kostet schon mindestens 10 Mark. Aber es macht trotzdem Spa\u00df. Ich bin braun wie ein Indianer, und wenn ich nicht etwas andere Kleidung tr\u00fcge, w\u00fcrden mich alle f\u00fcr einen Einheimischen halten. So bin ich f\u00fcr die meisten ein etwas merkw\u00fcrdig aussehender Gro\u00dfst\u00e4dter, wahrscheinlich aus Caracas, wo die Verr\u00fcckten alle wohnen. <\/p>\n<p>Hier ist es geradezu br\u00fcllend hei\u00df, an die 40 Grad am Mittag, und beim frischen Brise wie in <a href=\"https:\/\/www.burks.de\/burksblog\/2011\/01\/20\/von-caracas-nach-santa-ana-de-coro\">Coro<\/a>. Ein kleiner, quirliger Ort mit viel Rinderzucht, obwohl die Berge nicht bewaldet sind. Es sieht aus wie in der Steinw\u00fcste, aber es ist Trockenzeit, der n\u00e4chste Regen f\u00e4llt erst wieder im April. <\/p>\n<p>Morgen werde ich hoffentlich das Datum des R\u00fcckflugs festlegen k\u00f6nnen, es ist billiger, von hier aus mit einem Lokalbus nach Barquisimeto [<i>Vgl. &#8222;Im Tal der Frauen&#8220;, <a href=\"https:\/\/www.burks.de\/burksblog\/2023\/03\/05\/im-tal-der-frauen\">05.03.2023<\/a><\/i>] zu fahren als dort ein Hotel zu haben. <a href=\"https:\/\/de.wikipedia.org\/wiki\/Barquisimeto\">Barquisimeto<\/a> ist so gro\u00df wie Dortmund, ca. 1 Mio, demgleichen. [<i>Wurde von 1552 von <a href=\"https:\/\/es.wikipedia.org\/wiki\/Juan_de_Villegas\">Juan de Villegas<\/a> gegr\u00fcndet, der einer meine Protagonisten in &#8222;<a href=\"https:\/\/www.burks.de\/burksblog\/die-konquistadoren\">Die Konquistadoren<\/a>&#8220; ist.<\/i>] <\/p>\n<p><a href=\"https:\/\/www.burks.de\/burksblog\/pix\/2026\/09\/020926_5gr.jpg\"><img decoding=\"async\" src=\"https:\/\/www.burks.de\/burksblog\/pix\/2026\/09\/020926_5kl.jpg\" border=\"0\" width=\"480\" alt=\"brief\"\/><\/a><br \/>\n<small>Die <a href=\"https:\/\/www.google.de\/maps\/place\/Iglesia+Nuestra+Se%C3%B1ora+de+Altagracia\/@9.9258974,-69.6216085,142m\/data=!3m1!1e3!4m6!3m5!1s0x8e7d81000493ac8f:0x7d1f7b542f0f1a7e!8m2!3d9.9259305!4d-69.6208388!16s%2Fg%2F11b6f11xyj?hl=de\">Iglesia de la Virgen de Altagracia<\/a> &#8222;La Caimana&#8220; in Quibor an der Avenida Baudilio Lara, vgl. Iglesia de la Virgen de Altagracia &#8222;La Caimana&#8220; <a href=\"https:\/\/www.burks.de\/burksblog\/2023\/04\/30\/iglesia-de-la-virgen-de-altagracia-la-caimana\">30.04.2023<\/a>.<\/small><\/p>\n<p>Ich hab schon einige Male mehr oder minder lustige Abenteuer hinter mir. Coro war ruhig, ich habe <a href=\"https:\/\/www.burks.de\/burksblog\/2023\/01\/21\/la-vela-de-coro\">im Meer gebadet<\/a> und den ersten Sonnenbrand nur sehr knapp vermieden. Dann bin ich bald eine Woche ca. 50 km nach S\u00fcden, ca. 1500 m hoch, angenehmes subtropisches Klima \u2013 um die 25 Grad. Dort gibt es nur einige kleine Bergd\u00f6rfer, und es ist etwas schwer, dort wieder wegzukommen. Die Konquistadoren hatten ja damals indianische Tr\u00e4ger.<\/p>\n<p><a href=\"https:\/\/www.burks.de\/burksblog\/pix\/2023\/03\/180323_7gr.jpg\"><img decoding=\"async\" src=\"https:\/\/www.burks.de\/burksblog\/pix\/2023\/03\/180323_7kl.jpg\" alt=\"sierra de San luis\" border=\"0\" hspace=\"0\" vspace=\"0\" width=\"480\"\/><\/a><br \/>\n<small>In der Sierra de San Luis<\/small><\/p>\n<p>Am Samstag bin ich \u2013 ohne Rucksack \u2013 ca. 10 km ins n\u00e4chste Dorf marschiert, nur um festzustellen, da\u00df dort der Hund begraben war und auch kein Auto zur\u00fcckfuhr. Also mu\u00dfte ich zu Fu\u00df zur\u00fcck. Am n\u00e4chsten Tag hatte ich Blasen und konnte mich kaum bewegen. Die H\u00fcfte schmerzt ein wenig, macht aber alles mit [<i>es war drei Jahre nach meinem doppelten <a href=\"https:\/\/www.burks.de\/burksblog\/2022\/05\/10\/inside-titan\">H\u00fcftbruch<\/a><\/i>]. Es kam aber noch viel h\u00e4rter: Am dritten Tag nahm mich der Wirt der Herberge ein St\u00fcck mit dem Auto mit. Dann bin ich getrampt, weil es keine Busse gab. Ein Rinderz\u00fcchter hielt an und nahm mich mit, zeigte mir aber alle Rinder auf seiner Hazienda, ich mu\u00dfte gute Miene zum Spiel machen. <\/p>\n<p>Nach etwa 100 km von einem kleinen Ort zum anderen] gelangte ich an den S\u00fcdrand der <a href=\"https:\/\/en.wikipedia.org\/wiki\/Juan_Cris%C3%B3stomo_Falc%C3%B3n_National_Park\">Sierra de San Luis<\/a> [<i>aka Juan Cris\u00f3stomo Falc\u00f3n National Park]<\/i>, nach <a href=\"https:\/\/www.google.de\/maps\/place\/Churuguara+4152,+Falc%C3%B3n,+Venezuela\/@10.8192192,-69.6010353,31844m\/data=!3m1!1e3!4m6!3m5!1s0x8e86fa7724e2f5e9:0xc0d8748f1b20a019!8m2!3d10.8139379!4d-69.5372743!16s%2Fm%2F0vzrzvv?hl=de&#038;entry=ttu&#038;g_ep=EgoyMDI2MDgzMC4wIKXMDSoASAFQAw%3D%3D\">Churuguara<\/a>. Von dort fahren Sammeltaxis, und ich kam f\u00fcr 2 Mark wieder 30 km weit, und so fort, bis an einen gottverlassenen Ort, \u00f6stlich von <a href=\"https:\/\/www.google.de\/maps\/place\/Santa+Cruz+de+Brucaral+4154,+Falc%C3%B3n,+Venezuela\/@10.8359249,-69.290746,11363m\/data=!3m1!1e3!4m6!3m5!1s0x8e86c2a2a4c32297:0x7ab18b23cbd0b72c!8m2!3d10.83419!4d-69.2698737!16s%2Fg%2F1236srcr?hl=de&#038;entry=ttu&#038;g_ep=EgoyMDI2MDgzMC4wIKXMDSoASAFQAw%3D%3D\">Santa Cruz de Bucaral<\/a>. Da gab es nur ein paar H\u00e4user und ein Posten der Polizei, die f\u00fcr die \u201eBewachung\u201c des Nationalparks zust\u00e4ndig ist. Die erkl\u00e4rten bereitwillig, der sei 9 km entfernt, ihnen sei aber das Benzin ausgegangen \u2013 ich m\u00fc\u00dfte laufen oder umkehren. Es war grad 12 Uhr mittags und ich schon seit 5 Uhr auf den Beinen. Ich habe f\u00fcr die Strecke \u2013 mit Rucksack \u2013 mehr als vier Stunden gebraucht, in gl\u00fchender Hitze.<\/p>\n<p><a href=\"https:\/\/www.burks.de\/burksblog\/pix\/2023\/04\/020423_5gr.jpg\"><img decoding=\"async\" src=\"https:\/\/www.burks.de\/burksblog\/pix\/2023\/04\/020423_5kl.jpg\" alt=\"Santa Cruz de Bucaral\" border=\"0\" hspace=\"0\" vspace=\"0\" width=\"480\"\/><\/a><br \/>\n<small><a href=\"https:\/\/www.google.de\/maps\/search\/Cueva+de+la+Quebrada+El+Toro+National+Park\/@10.8222815,-69.2197994,30585m\/data=!3m1!1e3?hl=de\">Santa Cruz de Bucaral<\/a><\/small><\/p>\n<p>Aber ich hab es geschafft! Zwischendurch gab es in den Bergen ein paar schreklich arme Bauern, die mir ein Glas lauwarmes Wasser spendierten. Der \u201eNationalpark\u201c ist eigentlich Urwald, am Eingang ist ein kleines Wasserwerk, das den Strom f\u00fcr die Ortschaften der Sierra liefert. Dort war ein einsamer Mechaniker, der sich sehr \u00fcber den Gringo zu Fu\u00df wunderte und der mir eine gro\u00dfe Flasche eiskaltes Bergwasser spendierte. Dort ist ein unterirdischer Flu\u00df, der eine 2 km lange H\u00f6hle in den Fels gewaschen hat. [Die <a href=\"https:\/\/www.google.de\/maps\/place\/Cuevas+de+Cuarzo\/@11.1189101,-69.5971556,30455m\/data=!3m1!1e3!4m6!3m5!1s0x8e868700482d7bd1:0x513d98ed7d14836!8m2!3d11.171403!4d-69.628353!16s%2Fg%2F11vswbh9_f?hl=de&#038;entry=ttu&#038;g_ep=EgoyMDI2MDgzMC4wIKXMDSoASAFQAw%3D%3D\">Cuevas de Cuarzos<\/a> &#8211; leider habe ich kein Foto, weil es schon fast dunkel war, als ich ankam.] Es war sehr eindrucksvoll. Ich hab dort \u00fcbernachtet, und am n\u00e4chsten Morgen bei Sonnenaufgang kam ein kleiner Jeep, die Abl\u00f6sung, und die haben mich gratis mitgenommen. Das ist das typische Gef\u00fchl: Hinten auf der Ladefl\u00e4che (vgl. Foto unten), kurz nach Sonnenaufgang, und der Jeep rumpelt in Serpentinen einen Weg die Berge hinauf und hinunter, und eine grandiose Aussicht&#8230;<\/p>\n<p><a href=\"https:\/\/www.burks.de\/burksblog\/pix\/2020\/08\/100820_5gr.jpg\"><img decoding=\"async\" src=\"https:\/\/www.burks.de\/burksblog\/pix\/2020\/08\/100820_5kl.jpg\" alt=\"Parque nacional Cueva de la Quebrada del Toro\" border=\"0\" hspace=\"0\" vspace=\"0\" width=\"480\"\/><\/a><br \/>\n<small>Auf einem Jeep durch den  <a href=\"https:\/\/es.wikipedia.org\/wiki\/Parque_nacional_Cueva_de_la_Quebrada_del_Toro\">Parque nacional Cueva de la Quebrada del Toro<\/a>.<\/small><\/p>\n<p>Daf\u00fcr hab ich mir dann f\u00fcr die 200 km nach Barquisimeto ein Sammeltaxi geg\u00f6nnt, einen uralten amerikanischen Stra\u00dfenkreuzer, in den sich 6 Personen quetschen, kostete 10 DM. Direkt auf der Br\u00fccke am Rio Tocuyo, die Grenze zwischen den venezolanischen Bundesstaaten Falc\u00f3n und Lara, hatten wir eine Panne. So kann ich an meinem Foto des Rio Tocuyo, den meine Konquistadoren damals auf Fl\u00f6\u00dfen \u00fcberquert haben. Nachdem sich ein halbes Dutzend Autos versammelt hatten, aber keiner weiter wu\u00dfte, wurden wir abgeschleppt. Und irgendwie haben sie das Auto dann repariert, und wir erreichten den chaotischen <a href=\"https:\/\/www.burks.de\/burksblog\/2023\/04\/17\/terminal-de-pasajeros\">Busbahnhof von Barquisimeto<\/a>.<\/p>\n<p><a href=\"https:\/\/www.burks.de\/burksblog\/pix\/2023\/05\/050523_1gr.jpg\"><img decoding=\"async\" src=\"https:\/\/www.burks.de\/burksblog\/pix\/2023\/05\/050523_1kl.jpg\" alt=\"rio tocuyo\" border=\"0\" hspace=\"0\" vspace=\"0\" width=\"480\"\/><\/a><br \/>\n<small>Die <a href=\"google.de\/maps\/place\/La+Cruz+de+Taratara+4114,+Falc\u00f3n,+Venezuela\/@10.6970666,-69.2837612,1141m\/data=!3m1!1e3!4m6!3m5!1s0x8e86619e2c9316a9:0xe765f512f1987e6f!8m2!3d11.0606917!4d-69.7137997!16s%2Fg%2F1219blvw?hl=de\">Br\u00fccke \u00fcber den Rio Tocuyo<\/a>, vgl. &#8222;Am Rio Tocuyo&#8220; <a href=\"https:\/\/www.burks.de\/burksblog\/2023\/05\/05\/am-rio-tocuyo-revisited\">05.05.2023<\/a><\/small><\/p>\n<p>Und da ich mich recht gut an die Sitten und Gebr\u00e4uche gew\u00f6hnt habe, kriegte ich sofort einen Lokalbus nach <a href=\"https:\/\/de.wikipedia.org\/wiki\/Qu%C3%ADbor\">Qu\u00edbor<\/a>, wo ich jetzt bin. Ich lasse meine Sachen waschen, war heute morgen bei einem der drei Schustern, der mir gratis ein St\u00fcckchen Sohle angeklebt hat \u2013 f\u00fcr eine halbst\u00fcndige Unterhaltung als Gegenleistung. Der \u00f6rtliche <a href=\"https:\/\/en.ultimasnoticias.com.ve\/general\/Quibor-Archaeological-Museum-returns-to-Playa-Bonita-in-Lara\/\">anthropologische Museum<\/a>, das mich interessiert h\u00e4tte, war v\u00f6llig leer, bis auf ein einziges Bild einer Grabst\u00e4tte. Ich hatte nach dem langen Tag gestern gut geschlafen: das Hotel ist zwar das billigste am Ort, hat aber eine gute Matratze. Daf\u00fcr liegt es erstens an der Hauptverkehrsstra\u00dfe, mein Fenster geht zur Tankstelle hinaus, und zweitens gewann leider gestern die einheimische Baseball-Mannschaft gegen die von Caracas. Baseball ist so verbreitet wie Fu\u00dfball in Deutschland, und es gab die ganze Nacht einen Autokorso, und die Leute tanzten auf der Stra\u00dfe. Das ist eben Lateinamerika&#8230;<\/p>\n<p><a href=\"https:\/\/www.burks.de\/burksblog\/pix\/2023\/03\/050323_7gr.jpg\"><img decoding=\"async\" src=\"https:\/\/www.burks.de\/burksblog\/pix\/2023\/03\/050323_7kl.jpg\" alt=\"venezuela map\" border=\"0\" hspace=\"0\" vspace=\"0\" width=\"480\"\/><\/a><br \/>\n<small>Ausschnitt aus der Karte Venezuelas, die ich damals benutzt habe. <a href=\"https:\/\/www.burks.de\/grafik\/ven_small.jpg\">Meine Reiseroute<\/a> 1998 folgte zun\u00e4chst der Route der Konquistadoren im 16. Jahrhundert, soweit das m\u00f6glich war. S\u00fcdlich von <a href=\"https:\/\/www.burks.de\/burksblog\/?s=barinas\">Barinas<\/a> bin ich dann nach Osten abgebogen.<\/small><\/p>\n<p>Heute bin ich mit einem klapprigen Lokalbus in einen kleinen Ort gefahren und habe mir eine H\u00e4ngematte gekauft, die leider nicht biller als 50 DM zu kriegen war. Sie ist das Geld wert das sind aber drei Tagess\u00e4tze [<i>meines Reisebudgets<\/i>]&#8230; Ich hatte daf\u00fcr ein paar interessante Unterhaltungen \u00fcber die Geschichte der Gegend hier, und dabei gibt es einen Ort, in dem viele Leute blond sind und blaue Augen haben und der seit dem 16. Jahrhundert existiert \u2013 da fahre ich \u00fcbermorgen hin. <\/p>\n<p><a href=\"https:\/\/www.burks.de\/grafik\/latino_america\/venezuela\/ven98_12gr.jpg\"><img decoding=\"async\" src=\"https:\/\/www.burks.de\/grafik\/latino_america\/venezuela\/ven98_12kl.jpg\" alt=\"hamaca\" border=\"0\" hspace=\"0\" vspace=\"0\" width=\"480\" \/><\/a><br \/>\n<small>Meine <a href=\"https:\/\/www.burks.de\/burksblog\/2009\/10\/03\/endlich-hangt-sie-wieder\">H\u00e4ngematte<\/a> stammt aus <a href=\"http:\/\/www.mintur.gob.ve\/mintur\/blog\/aldea-artesanal-de-tintotero-estrena-un-nuevo-piso\/\">Tintorero<\/a> bei Quibor im venezolanischen Bundesstaat Lara. Das M\u00e4del war im Verhandeln eisenhart und gefiel mir au\u00dferordentlich. Die H\u00e4ngematten werden von einer Kooperative hergestellt und verkauft, und man hat dort Festpreise, was extrem un-s\u00fcdamerikanisch ist.<\/small><\/p>\n<p>Ansonsten geht es mir blendend, der G\u00fcrtel l\u00e4\u00dft sich schon zwei L\u00f6cher enger schnallen.<\/p>\n<p>Gru\u00df Burkhard<\/p>\n<p><a href=\"https:\/\/www.burks.de\/burksblog\/pix\/2026\/09\/020926_1gr.jpg\"><img decoding=\"async\" src=\"https:\/\/www.burks.de\/burksblog\/pix\/2026\/09\/020926_1kl.jpg\" border=\"0\" width=\"480\" alt=\"buchtitel\"\/><\/a><\/p>\n<p>Nachtrag:<\/p>\n<p>In Quibor sprach es sich schnell herum, dass ich an der Geschichte des Ortes interessiert war. Irgendwann klopfte jemand an der T\u00fcr und sagte mir, er solle mich zu <a href=\"https:\/\/www.instagram.com\/p\/DC7BMhcOx3M\/\">Dr. Tarquino Barreto<\/a> f\u00fchren, der ein Buch dazu geschrieben habe. Dessen Haus war grandios, eine Villa mit Atrium und k\u00fchlem Steinparkett, auf dem Katzen herumspazierten. Nachdem klar war, was ich wollte, schenkte er mir seine beiden B\u00fccher.<\/p>\n<p><a href=\"https:\/\/www.burks.de\/burksblog\/pix\/2026\/09\/020926_3gr.jpg\"><img decoding=\"async\" src=\"https:\/\/www.burks.de\/burksblog\/pix\/2026\/09\/020926_3kl.jpg\" border=\"0\" width=\"480\" alt=\"buchauszug\"\/><\/a><\/p>\n<div style=\"background-color:#f2f2f2; padding:10px 12px; margin:12px 0;\">LEGENDEN:<\/p>\n<p>Das Geheimnis h\u00fctet ihr Geheimnis \u00fcber die Urspr\u00fcnge der Gr\u00fcndung von Qu\u00edbor; allein die von Jahrhundert zu Jahrhundert und von Generation zu Generation weitergegebene \u00dcberlieferung hat die Legende bewahrt &#8211; denn anders kann man etwas, das nicht bewiesen werden kann, nicht nennen -, wonach eines Tages um die Mitte des 16. Jahrhunderts die deutschen Konquistadoren im Namen der Welser ihre Lager auf dem Land der <a hrer=\"https:\/\/es.wikipedia.org\/wiki\/Cuiba\">Cuiba<\/a>-Indianer, am Fu\u00dfe der Serran\u00eda de Cubiro, aufschlugen, und zwar an dem Ort, den heute <a href=\"https:\/\/www.google.de\/maps\/place\/Cuara+3061,+Lara,+Venezuela\/@9.887454,-69.6152437,7029m\/data=!3m1!1e3!4m15!1m8!3m7!1s0x8e7d8053462f35e1:0x53146337cf04bd5a!2sQu%C3%ADbor+3061,+Lara,+Venezuela!3b1!8m2!3d9.9312927!4d-69.6154982!16s%2Fm%2F0fqrxgp!3m5!1s0x8e7d8163e56ba2a1:0x251a43b47b4f8d66!8m2!3d9.8857164!4d-69.6065612!16s%2Fg%2F122pkww2?hl=de&#038;entry=ttu&#038;g_ep=EgoyMDI2MDgzMC4wIKXMDSoASAFQAw%3D%3D\">Buenavista de Cuara<\/a> einnimmt, f\u00fcnf Kilometer s\u00fcdlich der heutigen Ortschaft; dort blieb <a href=\"https:\/\/www.biblioteca-antologica.org\/es\/wp-content\/uploads\/2019\/08\/OVIEDO-Y-BA%C3%91OS-Historia-de-la-Conquista-de-Venezuela.pdf\">Lope Montalvo de Lugo<\/a> mit einer Kompanie deutscher Soldaten zur\u00fcck.<\/p>\n<p>Wahrheit oder Legende? Sicher ist nur, dass in Cuara der Keim einer ethnologisch von den \u00fcbrigen Bev\u00f6lkerungsgruppen des Bundesstaates Lara verschiedenen Rasse zur\u00fcckblieb: einer starken, arbeitsamen und genialen Rasse von gewaltt\u00e4tigem Charakter, mit gro\u00dfen und blonden M\u00e4nnern und Frauen, blauen Augen und einer ausgepr\u00e4gten \u00c4hnlichkeit mit der deutschen Rasse.<\/p><\/div>\n<p>Dem Buch habe ich meine Romanfigur Lope Montalvo de Lugo entnommen.<\/p>\n<div class=\"pdfprnt-buttons pdfprnt-buttons-post pdfprnt-bottom-right\"><a href=\"https:\/\/www.burks.de\/burksblog\/wp-json\/wp\/v2\/posts\/66434?print=pdf\" class=\"pdfprnt-button pdfprnt-button-pdf\" target=\"_blank\" ><img decoding=\"async\" src=\"https:\/\/www.burks.de\/burksblog\/wp-content\/plugins\/pdf-print\/images\/pdf.png\" alt=\"image_pdf\" title=\"PDF anzeigen\" \/><\/a><a href=\"https:\/\/www.burks.de\/burksblog\/wp-json\/wp\/v2\/posts\/66434?print=print\" class=\"pdfprnt-button pdfprnt-button-print\" target=\"_blank\" ><img decoding=\"async\" src=\"https:\/\/www.burks.de\/burksblog\/wp-content\/plugins\/pdf-print\/images\/print.png\" alt=\"image_print\" title=\"Inhalt drucken\" \/><\/a><\/div><div class=\"twoclick_social_bookmarks_post_66434 social_share_privacy clearfix 1.6.4 locale-de_DE sprite-de_DE\"><\/div><div class=\"twoclick-js\"><script type=\"text\/javascript\">\/* <![CDATA[ *\/\njQuery(document).ready(function($){if($('.twoclick_social_bookmarks_post_66434')){$('.twoclick_social_bookmarks_post_66434').socialSharePrivacy({\"services\":{\"facebook\":{\"status\":\"on\",\"txt_info\":\"2 Klicks f\\u00fcr mehr Datenschutz: Erst wenn Sie hier klicken, wird der Button aktiv und Sie k\\u00f6nnen Ihre Empfehlung an Facebook senden. Schon beim Aktivieren werden Daten an Dritte \\u00fcbertragen - siehe <em>i<\\\/em>.\",\"perma_option\":\"off\",\"action\":\"recommend\",\"language\":\"de_DE\"},\"twitter\":{\"reply_to\":\"\",\"tweet_text\":\"%20Arbeitsam%2C%20blond%20und%20gewaltt%C3%A4tig%20%C2%BB%20Burks%27%20Blog%20-%20in%20dubio%20pro%20contra.%20...\",\"status\":\"on\",\"txt_info\":\"2 Klicks f\\u00fcr mehr Datenschutz: Erst wenn Sie hier klicken, wird der Button aktiv und Sie k\\u00f6nnen Ihre Empfehlung an Twitter senden. Schon beim Aktivieren werden Daten an Dritte \\u00fcbertragen - siehe <em>i<\\\/em>.\",\"perma_option\":\"off\",\"language\":\"de\",\"referrer_track\":\"\"}},\"txt_help\":\"Wenn Sie diese Felder durch einen Klick aktivieren, werden Informationen an Facebook, Twitter, Flattr, Xing, t3n, LinkedIn, Pinterest oder Google eventuell ins Ausland \\u00fcbertragen und unter Umst\\u00e4nden auch dort gespeichert. N\\u00e4heres erfahren Sie durch einen Klick auf das <em>i<\\\/em>.\",\"settings_perma\":\"Dauerhaft aktivieren und Daten\\u00fcber-tragung zustimmen:\",\"info_link\":\"http:\\\/\\\/www.heise.de\\\/ct\\\/artikel\\\/2-Klicks-fuer-mehr-Datenschutz-1333879.html\",\"uri\":\"https:\\\/\\\/www.burks.de\\\/burksblog\\\/2026\\\/09\\\/02\\\/arbeitsam-blond-und-gewalttaetig\",\"post_id\":66434,\"post_title_referrer_track\":\"Arbeitsam%2C+blond+und+gewaltt%C3%A4tig\",\"display_infobox\":\"on\"});}});\n\/* ]]> *\/<\/script><\/div>","protected":false},"excerpt":{"rendered":"<p>Das ist der letzte meiner Briefe aus S\u00fcdamerika, den meine Mutter aufgehoben hatte. Aus Venezuela (1998) habe ich nur einen geschrieben. Das Hotel El Gran Duque gibt es noch in Quibor! Leider ist noch nicht einmal die Hauptverkehrsstra\u00dfe von Google erfasst worden. Qu\u00edbor, 28.1. [1998, s\u00fcdwestlich von Barquisimeto] Liebe Eltern! Venezuela ist leider teurer als [&hellip;]<\/p>\n","protected":false},"author":1,"featured_media":0,"comment_status":"open","ping_status":"open","sticky":false,"template":"","format":"standard","meta":{"footnotes":""},"categories":[592],"tags":[],"class_list":["post-66434","post","type-post","status-publish","format-standard","hentry","category-venezuela-2"],"_links":{"self":[{"href":"https:\/\/www.burks.de\/burksblog\/wp-json\/wp\/v2\/posts\/66434","targetHints":{"allow":["GET"]}}],"collection":[{"href":"https:\/\/www.burks.de\/burksblog\/wp-json\/wp\/v2\/posts"}],"about":[{"href":"https:\/\/www.burks.de\/burksblog\/wp-json\/wp\/v2\/types\/post"}],"author":[{"embeddable":true,"href":"https:\/\/www.burks.de\/burksblog\/wp-json\/wp\/v2\/users\/1"}],"replies":[{"embeddable":true,"href":"https:\/\/www.burks.de\/burksblog\/wp-json\/wp\/v2\/comments?post=66434"}],"version-history":[{"count":22,"href":"https:\/\/www.burks.de\/burksblog\/wp-json\/wp\/v2\/posts\/66434\/revisions"}],"predecessor-version":[{"id":66460,"href":"https:\/\/www.burks.de\/burksblog\/wp-json\/wp\/v2\/posts\/66434\/revisions\/66460"}],"wp:attachment":[{"href":"https:\/\/www.burks.de\/burksblog\/wp-json\/wp\/v2\/media?parent=66434"}],"wp:term":[{"taxonomy":"category","embeddable":true,"href":"https:\/\/www.burks.de\/burksblog\/wp-json\/wp\/v2\/categories?post=66434"},{"taxonomy":"post_tag","embeddable":true,"href":"https:\/\/www.burks.de\/burksblog\/wp-json\/wp\/v2\/tags?post=66434"}],"curies":[{"name":"wp","href":"https:\/\/api.w.org\/{rel}","templated":true}]}}