{"id":65812,"date":"2026-06-20T18:26:57","date_gmt":"2026-06-20T16:26:57","guid":{"rendered":"https:\/\/www.burks.de\/burksblog\/?p=65812"},"modified":"2026-06-20T19:36:29","modified_gmt":"2026-06-20T17:36:29","slug":"algen-fuer-das-volk-vom-antisemitenpack","status":"publish","type":"post","link":"https:\/\/www.burks.de\/burksblog\/2026\/06\/20\/algen-fuer-das-volk-vom-antisemitenpack","title":{"rendered":"Algen f\u00fcr das Volk vom Antisemitenpack"},"content":{"rendered":"<p><a href=\"https:\/\/www.zeit.de\/politik\/deutschland\/2026-06\/bundesparteitag-die-linke-israel-gaza-voelkermord\"><img decoding=\"async\" src=\"https:\/\/www.burks.de\/burksblog\/pix\/2026\/06\/200626_2.jpg\" border=\"1\" width=\"480\" alt=\"zeit\"\/><\/a><\/p>\n<p>Die so genannte &#8222;Linke&#8220;, eine v\u00f6lkisch-antisemitische Partei, also typisch deutsch, unterh\u00e4lt uns pr\u00e4chtig. Wir hatten schon ein gefordertes Bordellverbot, nur f\u00fcr &#8222;linke&#8220; Genossen, nicht aber f\u00fcr Genossinnen. Oder: Alle Zoos schlie\u00dfen. Reichstumsferne Leute (so sagt man das in Neusprech) <a href=\"https:\/\/www.bild.de\/politik\/inland\/bordell-verbot-fuer-genossen-die-verrueckten-forderungen-der-linkspartei-6a325ceaa7834e0047eec915\">sollen<\/a> Obst, Getreide, H\u00fclsenfr\u00fcchte, Gem\u00fcse, Algen, pflanzliche \u00d6le und Babynahrung essen, aber kein Fleisch. <\/p>\n<p>&#8222;Die Gesetze der Physik sollen k\u00fcnftig auch f\u00fcr Linke gelten. Die <a href=\"https:\/\/www.oekologische-plattform.de\/\">\u00d6kologische Plattform<\/a> fordert, das neue Parteiprogramm auf die &#8222;Vereinbarkeit mit der physikalischen Realit\u00e4t&#8220; zu pr\u00fcfen.&#8220;<\/p>\n<p>Au weia. Vielleicht sollte man auch pr\u00fcfen, ob die Gehirne der so genannten &#8222;Linken&#8220; mit <a href=\"https:\/\/de.wikipedia.org\/wiki\/Dialektik\">herk\u00f6mmlicher Logik<\/a> vereinbar sind. Vermutlich nicht.<\/p>\n<p>Die sind doch total durchgeknallt. Wer w\u00e4hlt die eigentlich &#8211; und warum? (Ich m\u00f6chte es wirklich gern wissen.)<\/p>\n<p>Thomas von der Osten-Sacken <a href=\"https:\/\/www.jungle.world\/blog\/von-tunis-nach-teheran\/2026\/06\/gazagenozidjubel\">kommentiert in der Jungle World<\/a>: &#8222;&#8220;Unter Jubel&#8220;, wie es in dem Artikel hei\u00dft, habe Ines Schwerdtner &#8222;sich entschieden, es einen V\u00f6lkermord zu nennen&#8220;.<\/p>\n<p>Jubel! Man stelle sich einmal kurz vor, der Bundestag sei, als er den Genozid an den Jesiden als solchen anerkannte, danach in Jubel ausgebrochen. Oder im Falle Ruandas oder Darfurs.<\/p>\n<p>Jubel und Genozid, das, dachte man bisher, passt so gar nicht zusammen, egal in welchem Zusammenhang. Aber Gaza und die Linkspartei machen es m\u00f6glich.<\/p>\n<p>Und fortan geht es dann auch darum, dass Personen, die weder \u00fcber die juristische Expertise verf\u00fcgen noch in entsprechend institutionell verankert sind, sich entscheiden d\u00fcrfen, was sie einen &#8222;Genozid nennen&#8220;, wenn das dem innerparteilichen Kalk\u00fcl entgegenkommt.&#8220;<\/p>\n<p>Und: &#8222;Die Frage (m\u00fcsste) eigentlich lauten, warum und aus welcher Motivation heraus mit solcher Energie darauf bestanden wird, die Katastrophe unbedingt als Genozid klassifizieren zu wollen. Eine weitere Frage m\u00fcsste lauten, ob diejenigen, die so lautstarke Advokaten dieses Begriffs sind, anderswo je derart insistierten, dass es sich um einen Genozid gehandelt habe &#8211; und ob sie es derart tun w\u00fcrden, ginge es nicht um Israel.&#8220;<\/p>\n<p>Der Scho\u00df ist fruchtbar noch. Bald wird die &#8222;Linke&#8220; wieder Braunhemden tragen, aber dieses Mal &#8222;klimagerechte&#8220;.<\/p>\n<div class=\"pdfprnt-buttons pdfprnt-buttons-post pdfprnt-bottom-right\"><a href=\"https:\/\/www.burks.de\/burksblog\/wp-json\/wp\/v2\/posts\/65812?print=pdf\" class=\"pdfprnt-button pdfprnt-button-pdf\" target=\"_blank\" ><img decoding=\"async\" src=\"https:\/\/www.burks.de\/burksblog\/wp-content\/plugins\/pdf-print\/images\/pdf.png\" alt=\"image_pdf\" title=\"PDF anzeigen\" \/><\/a><a href=\"https:\/\/www.burks.de\/burksblog\/wp-json\/wp\/v2\/posts\/65812?print=print\" class=\"pdfprnt-button pdfprnt-button-print\" target=\"_blank\" ><img decoding=\"async\" src=\"https:\/\/www.burks.de\/burksblog\/wp-content\/plugins\/pdf-print\/images\/print.png\" alt=\"image_print\" title=\"Inhalt drucken\" \/><\/a><\/div><div class=\"twoclick_social_bookmarks_post_65812 social_share_privacy clearfix 1.6.4 locale-de_DE sprite-de_DE\"><\/div><div class=\"twoclick-js\"><script type=\"text\/javascript\">\/* <![CDATA[ *\/\njQuery(document).ready(function($){if($('.twoclick_social_bookmarks_post_65812')){$('.twoclick_social_bookmarks_post_65812').socialSharePrivacy({\"services\":{\"facebook\":{\"status\":\"on\",\"txt_info\":\"2 Klicks f\\u00fcr mehr Datenschutz: Erst wenn Sie hier klicken, wird der Button aktiv und Sie k\\u00f6nnen Ihre Empfehlung an Facebook senden. Schon beim Aktivieren werden Daten an Dritte \\u00fcbertragen - siehe <em>i<\\\/em>.\",\"perma_option\":\"off\",\"action\":\"recommend\",\"language\":\"de_DE\"},\"twitter\":{\"reply_to\":\"\",\"tweet_text\":\"%20Algen%20f%C3%BCr%20das%20Volk%20vom%20Antisemitenpack%20%C2%BB%20Burks%27%20Blog%20-%20in%20dubio%20pro%20...\",\"status\":\"on\",\"txt_info\":\"2 Klicks f\\u00fcr mehr Datenschutz: Erst wenn Sie hier klicken, wird der Button aktiv und Sie k\\u00f6nnen Ihre Empfehlung an Twitter senden. Schon beim Aktivieren werden Daten an Dritte \\u00fcbertragen - siehe <em>i<\\\/em>.\",\"perma_option\":\"off\",\"language\":\"de\",\"referrer_track\":\"\"}},\"txt_help\":\"Wenn Sie diese Felder durch einen Klick aktivieren, werden Informationen an Facebook, Twitter, Flattr, Xing, t3n, LinkedIn, Pinterest oder Google eventuell ins Ausland \\u00fcbertragen und unter Umst\\u00e4nden auch dort gespeichert. N\\u00e4heres erfahren Sie durch einen Klick auf das <em>i<\\\/em>.\",\"settings_perma\":\"Dauerhaft aktivieren und Daten\\u00fcber-tragung zustimmen:\",\"info_link\":\"http:\\\/\\\/www.heise.de\\\/ct\\\/artikel\\\/2-Klicks-fuer-mehr-Datenschutz-1333879.html\",\"uri\":\"https:\\\/\\\/www.burks.de\\\/burksblog\\\/2026\\\/06\\\/20\\\/algen-fuer-das-volk-vom-antisemitenpack\",\"post_id\":65812,\"post_title_referrer_track\":\"Algen+f%C3%BCr+das+Volk+vom+Antisemitenpack\",\"display_infobox\":\"on\"});}});\n\/* ]]> *\/<\/script><\/div>","protected":false},"excerpt":{"rendered":"<p>Die so genannte &#8222;Linke&#8220;, eine v\u00f6lkisch-antisemitische Partei, also typisch deutsch, unterh\u00e4lt uns pr\u00e4chtig. Wir hatten schon ein gefordertes Bordellverbot, nur f\u00fcr &#8222;linke&#8220; Genossen, nicht aber f\u00fcr Genossinnen. Oder: Alle Zoos schlie\u00dfen. Reichstumsferne Leute (so sagt man das in Neusprech) sollen Obst, Getreide, H\u00fclsenfr\u00fcchte, Gem\u00fcse, Algen, pflanzliche \u00d6le und Babynahrung essen, aber kein Fleisch. &#8222;Die Gesetze [&hellip;]<\/p>\n","protected":false},"author":1,"featured_media":0,"comment_status":"open","ping_status":"open","sticky":false,"template":"","format":"standard","meta":{"footnotes":""},"categories":[15],"tags":[],"class_list":["post-65812","post","type-post","status-publish","format-standard","hentry","category-politics"],"_links":{"self":[{"href":"https:\/\/www.burks.de\/burksblog\/wp-json\/wp\/v2\/posts\/65812","targetHints":{"allow":["GET"]}}],"collection":[{"href":"https:\/\/www.burks.de\/burksblog\/wp-json\/wp\/v2\/posts"}],"about":[{"href":"https:\/\/www.burks.de\/burksblog\/wp-json\/wp\/v2\/types\/post"}],"author":[{"embeddable":true,"href":"https:\/\/www.burks.de\/burksblog\/wp-json\/wp\/v2\/users\/1"}],"replies":[{"embeddable":true,"href":"https:\/\/www.burks.de\/burksblog\/wp-json\/wp\/v2\/comments?post=65812"}],"version-history":[{"count":4,"href":"https:\/\/www.burks.de\/burksblog\/wp-json\/wp\/v2\/posts\/65812\/revisions"}],"predecessor-version":[{"id":65823,"href":"https:\/\/www.burks.de\/burksblog\/wp-json\/wp\/v2\/posts\/65812\/revisions\/65823"}],"wp:attachment":[{"href":"https:\/\/www.burks.de\/burksblog\/wp-json\/wp\/v2\/media?parent=65812"}],"wp:term":[{"taxonomy":"category","embeddable":true,"href":"https:\/\/www.burks.de\/burksblog\/wp-json\/wp\/v2\/categories?post=65812"},{"taxonomy":"post_tag","embeddable":true,"href":"https:\/\/www.burks.de\/burksblog\/wp-json\/wp\/v2\/tags?post=65812"}],"curies":[{"name":"wp","href":"https:\/\/api.w.org\/{rel}","templated":true}]}}