{"id":64646,"date":"2026-03-23T19:09:39","date_gmt":"2026-03-23T18:09:39","guid":{"rendered":"https:\/\/www.burks.de\/burksblog\/?p=64646"},"modified":"2026-03-24T10:32:45","modified_gmt":"2026-03-24T09:32:45","slug":"unter-heuchlern-2","status":"publish","type":"post","link":"https:\/\/www.burks.de\/burksblog\/2026\/03\/23\/unter-heuchlern-2","title":{"rendered":"Unter Heuchlern"},"content":{"rendered":"<p><img decoding=\"async\" src=\"https:\/\/www.burks.de\/burksblog\/pix\/2026\/03\/230326_1.jpg\" border=\"0\" width=\"480\" alt=\"heuchelei\"\/><\/p>\n<p>Wie das Publikum schon <a href=\"https:\/\/www.burks.de\/burksblog\/2026\/03\/22\/unpaesslich#comments\">anmerkte<\/a>, wurde j\u00fcngst* <a href=\"https:\/\/www.n-tv.de\/panorama\/Tausende-folgen-Demo-Aufruf-von-Collien-Fernandes-in-Berlin-id30498761.html\">demonstriert<\/a>. Bei dem Thema suchen sich die Fotografen ausnahmsweise M\u00e4nner heraus.<\/p>\n<p>Wait a minute: &#8222;Fake-Profile, Deepfakes, intime Bilder ohne Zustimmung &#8211; Tausende Menschen demonstrieren in Berlin gegen sexualisierte digitale Gewalt. Ausgel\u00f6st wurde der Protest durch Vorw\u00fcrfe von Collien Fernandes gegen ihren Ex-Mann Christian Ulmen. Er weist die Anschuldigungen zur\u00fcck.&#8220;<\/p>\n<p>Also gibt es erst einen Verdacht. Dieser mir bisher unbekannte Ulmen k\u00f6nnte auch unschuldig sein. Aber das ist gar nicht der relevante Punkt. Ich finde es sehr befremdlich, dass mitnichten gegen die Vergewaltigung eines kurdischen M\u00e4dchens durch Araber demonstriert wird, obwohl das erst vor kurzem in den Medien thematisiert wurde, sondern gegen &#8222;virtuelle Gewalt&#8220;. Man h\u00e4tte das immerhin erw\u00e4hnen k\u00f6nnen, aber weglassen ist auch eine L\u00fcge.<\/p>\n<p>Ich konnte mir die Demonstration von vorn bis hinten ansehen, weil ich gesten direkt neben dem Brandenburger Tor 12 Stunden gearbeitet hatte, mit Blick auf den Pariser Platz und trotz heftigen M\u00e4nnerschnupfens, erb\u00e4rmlicher R\u00f6chelei und einer zerbrochenen Zahnprothese (letzteres passiert bekanntlich immer nur an Freitagen). Und wenn ich das hysterische Gekreische und Geheule von drau\u00dfen h\u00f6rte, wurde meine Stimmung nicht besser. <\/p>\n<p>Es war zum Fremdsch\u00e4men: Die verzweifelten Versuche derjenigen, der gerade redete, die &#8222;Massen&#8220; zum Skandieren irgendwelcher Parolen zu animieren, die Musik war <del>unter aller Sau<\/del> unfassbar schlecht, der Applaus f\u00fcr das, was schon Fantastilliarden Mal gesagt wurde und was man immer exakt vorhersagen k\u00f6nnte. Gebt mir eine Minute, und ich lasse ChatGPT eine Rede schreiben, die besser ist als die von Neubauer &#8211; und keiner w\u00fcrde merken, wenn alles nur Karaoke w\u00e4re.<\/p>\n<p>Die Klima-Mischpoke &#8211; ein ganz kleines, enges und engstirniges gro\u00dfst\u00e4dtisches Milieu mit eigenem Sprach- und Kleidungscode &#8211; kommt mir vor wie eine h\u00f6here Tochter, die sich auf einem sinkenden Schiff \u00fcber den mangelnden Anstrich beschwert.<\/p>\n<p>Zitat des Tages: &#8222;Ich w\u00fcrde mich gerne nur ums Klima k\u00fcmmern. Aber es geht nicht. Nicht in dieser Gesellschaft und dieser Zeit und bei diesen M\u00e4nnern.&#8220; <\/p>\n<p>Dem Kapitalismus gef\u00e4llt das.<\/p>\n<p> * Wolf Schneider, vom dem ich Deutsch gelernt habe, sagte sinngem\u00e4\u00df: &#8222;Wer <i>j\u00fcngst<\/i> benutzt, will damit ausdr\u00fccken, dass er f\u00fcr&#8217;s Feuilleton qualifiziert sei. Es k\u00f6nnte auch sein, dass er <i>weiland<\/i> geschrieben hat&#8230;.<\/p>\n<div class=\"pdfprnt-buttons pdfprnt-buttons-post pdfprnt-bottom-right\"><a href=\"https:\/\/www.burks.de\/burksblog\/wp-json\/wp\/v2\/posts\/64646?print=pdf\" class=\"pdfprnt-button pdfprnt-button-pdf\" target=\"_blank\" ><img decoding=\"async\" src=\"https:\/\/www.burks.de\/burksblog\/wp-content\/plugins\/pdf-print\/images\/pdf.png\" alt=\"image_pdf\" title=\"PDF anzeigen\" \/><\/a><a href=\"https:\/\/www.burks.de\/burksblog\/wp-json\/wp\/v2\/posts\/64646?print=print\" class=\"pdfprnt-button pdfprnt-button-print\" target=\"_blank\" ><img decoding=\"async\" src=\"https:\/\/www.burks.de\/burksblog\/wp-content\/plugins\/pdf-print\/images\/print.png\" alt=\"image_print\" title=\"Inhalt drucken\" \/><\/a><\/div><div class=\"twoclick_social_bookmarks_post_64646 social_share_privacy clearfix 1.6.4 locale-de_DE sprite-de_DE\"><\/div><div class=\"twoclick-js\"><script type=\"text\/javascript\">\/* <![CDATA[ *\/\njQuery(document).ready(function($){if($('.twoclick_social_bookmarks_post_64646')){$('.twoclick_social_bookmarks_post_64646').socialSharePrivacy({\"services\":{\"facebook\":{\"status\":\"on\",\"txt_info\":\"2 Klicks f\\u00fcr mehr Datenschutz: Erst wenn Sie hier klicken, wird der Button aktiv und Sie k\\u00f6nnen Ihre Empfehlung an Facebook senden. Schon beim Aktivieren werden Daten an Dritte \\u00fcbertragen - siehe <em>i<\\\/em>.\",\"perma_option\":\"off\",\"action\":\"recommend\",\"language\":\"de_DE\"},\"twitter\":{\"reply_to\":\"\",\"tweet_text\":\"Unter%20Heuchlern%20%C2%BB%20Burks%27%20Blog%20-%20in%20dubio%20pro%20contra.%20De%20omnibus%20dubitandum.\",\"status\":\"on\",\"txt_info\":\"2 Klicks f\\u00fcr mehr Datenschutz: Erst wenn Sie hier klicken, wird der Button aktiv und Sie k\\u00f6nnen Ihre Empfehlung an Twitter senden. Schon beim Aktivieren werden Daten an Dritte \\u00fcbertragen - siehe <em>i<\\\/em>.\",\"perma_option\":\"off\",\"language\":\"de\",\"referrer_track\":\"\"}},\"txt_help\":\"Wenn Sie diese Felder durch einen Klick aktivieren, werden Informationen an Facebook, Twitter, Flattr, Xing, t3n, LinkedIn, Pinterest oder Google eventuell ins Ausland \\u00fcbertragen und unter Umst\\u00e4nden auch dort gespeichert. N\\u00e4heres erfahren Sie durch einen Klick auf das <em>i<\\\/em>.\",\"settings_perma\":\"Dauerhaft aktivieren und Daten\\u00fcber-tragung zustimmen:\",\"info_link\":\"http:\\\/\\\/www.heise.de\\\/ct\\\/artikel\\\/2-Klicks-fuer-mehr-Datenschutz-1333879.html\",\"uri\":\"https:\\\/\\\/www.burks.de\\\/burksblog\\\/2026\\\/03\\\/23\\\/unter-heuchlern-2\",\"post_id\":64646,\"post_title_referrer_track\":\"Unter+Heuchlern\",\"display_infobox\":\"on\"});}});\n\/* ]]> *\/<\/script><\/div>","protected":false},"excerpt":{"rendered":"<p>Wie das Publikum schon anmerkte, wurde j\u00fcngst* demonstriert. Bei dem Thema suchen sich die Fotografen ausnahmsweise M\u00e4nner heraus. Wait a minute: &#8222;Fake-Profile, Deepfakes, intime Bilder ohne Zustimmung &#8211; Tausende Menschen demonstrieren in Berlin gegen sexualisierte digitale Gewalt. Ausgel\u00f6st wurde der Protest durch Vorw\u00fcrfe von Collien Fernandes gegen ihren Ex-Mann Christian Ulmen. Er weist die Anschuldigungen [&hellip;]<\/p>\n","protected":false},"author":1,"featured_media":0,"comment_status":"open","ping_status":"open","sticky":false,"template":"","format":"standard","meta":{"footnotes":""},"categories":[15],"tags":[],"class_list":["post-64646","post","type-post","status-publish","format-standard","hentry","category-politics"],"_links":{"self":[{"href":"https:\/\/www.burks.de\/burksblog\/wp-json\/wp\/v2\/posts\/64646","targetHints":{"allow":["GET"]}}],"collection":[{"href":"https:\/\/www.burks.de\/burksblog\/wp-json\/wp\/v2\/posts"}],"about":[{"href":"https:\/\/www.burks.de\/burksblog\/wp-json\/wp\/v2\/types\/post"}],"author":[{"embeddable":true,"href":"https:\/\/www.burks.de\/burksblog\/wp-json\/wp\/v2\/users\/1"}],"replies":[{"embeddable":true,"href":"https:\/\/www.burks.de\/burksblog\/wp-json\/wp\/v2\/comments?post=64646"}],"version-history":[{"count":6,"href":"https:\/\/www.burks.de\/burksblog\/wp-json\/wp\/v2\/posts\/64646\/revisions"}],"predecessor-version":[{"id":64653,"href":"https:\/\/www.burks.de\/burksblog\/wp-json\/wp\/v2\/posts\/64646\/revisions\/64653"}],"wp:attachment":[{"href":"https:\/\/www.burks.de\/burksblog\/wp-json\/wp\/v2\/media?parent=64646"}],"wp:term":[{"taxonomy":"category","embeddable":true,"href":"https:\/\/www.burks.de\/burksblog\/wp-json\/wp\/v2\/categories?post=64646"},{"taxonomy":"post_tag","embeddable":true,"href":"https:\/\/www.burks.de\/burksblog\/wp-json\/wp\/v2\/tags?post=64646"}],"curies":[{"name":"wp","href":"https:\/\/api.w.org\/{rel}","templated":true}]}}