{"id":6311,"date":"2010-08-02T08:28:10","date_gmt":"2010-08-02T06:28:10","guid":{"rendered":"http:\/\/www.burks.de\/burksblog\/?p=6311"},"modified":"2010-08-02T08:28:10","modified_gmt":"2010-08-02T06:28:10","slug":"vorratsdatenspeicherung-sechs-von-siebenundzwanzig","status":"publish","type":"post","link":"https:\/\/www.burks.de\/burksblog\/2010\/08\/02\/vorratsdatenspeicherung-sechs-von-siebenundzwanzig","title":{"rendered":"Vorratsdatenspeicherung: Sechs von siebenundzwanzig"},"content":{"rendered":"<p>&#8222;Zum gegenw\u00e4rtigen Zeitpunkt haben sechs Mitgliedstaaten, Luxemburg eingeschlossen, die Richtlinie noch nicht umgesetzt. Ende 2009 und im Februar 2010 entschied der Europ\u00e4ische Gerichtshof, dass Irland und Griechenland einerseits und Schweden andererseits gegen das EU-Recht versto\u00dfen haben. (\u2026) In Rum\u00e4nien wurde das einzelstaatliche Gesetz zur Umsetzung der Richtlinie vom Verfassungsgericht f\u00fcr verfassungswidrig erkl\u00e4rt. In Deutschland wurde ein \u00e4hnliches Urteil verk\u00fcndet; gegen Ungarn ist ebenfalls ein Verfahren anh\u00e4ngig.&#8220; (via <a href=\"http:\/\/www.netzpolitik.org\/2010\/vorratsdatenspeicherung-in-6-eu-staaten-nicht-umgesetzt\/\">netzpolitik.org<\/a>)<\/p>\n<div class=\"pdfprnt-buttons pdfprnt-buttons-post pdfprnt-bottom-right\"><a href=\"https:\/\/www.burks.de\/burksblog\/wp-json\/wp\/v2\/posts\/6311?print=pdf\" class=\"pdfprnt-button pdfprnt-button-pdf\" target=\"_blank\" ><img decoding=\"async\" src=\"https:\/\/www.burks.de\/burksblog\/wp-content\/plugins\/pdf-print\/images\/pdf.png\" alt=\"image_pdf\" title=\"PDF anzeigen\" \/><\/a><a href=\"https:\/\/www.burks.de\/burksblog\/wp-json\/wp\/v2\/posts\/6311?print=print\" class=\"pdfprnt-button pdfprnt-button-print\" target=\"_blank\" ><img decoding=\"async\" src=\"https:\/\/www.burks.de\/burksblog\/wp-content\/plugins\/pdf-print\/images\/print.png\" alt=\"image_print\" title=\"Inhalt drucken\" \/><\/a><\/div><div class=\"twoclick_social_bookmarks_post_6311 social_share_privacy clearfix 1.6.4 locale-de_DE sprite-de_DE\"><\/div><div class=\"twoclick-js\"><script type=\"text\/javascript\">\/* <![CDATA[ *\/\njQuery(document).ready(function($){if($('.twoclick_social_bookmarks_post_6311')){$('.twoclick_social_bookmarks_post_6311').socialSharePrivacy({\"services\":{\"facebook\":{\"status\":\"on\",\"txt_info\":\"2 Klicks f\\u00fcr mehr Datenschutz: Erst wenn Sie hier klicken, wird der Button aktiv und Sie k\\u00f6nnen Ihre Empfehlung an Facebook senden. Schon beim Aktivieren werden Daten an Dritte \\u00fcbertragen - siehe <em>i<\\\/em>.\",\"perma_option\":\"off\",\"action\":\"recommend\",\"language\":\"de_DE\"},\"twitter\":{\"reply_to\":\"\",\"tweet_text\":\"%20Vorratsdatenspeicherung%3A%20Sechs%20von%20siebenundzwanzig%20%C2%BB%20Burks%27%20Blog%20-%20in%20dubio%20...\",\"status\":\"on\",\"txt_info\":\"2 Klicks f\\u00fcr mehr Datenschutz: Erst wenn Sie hier klicken, wird der Button aktiv und Sie k\\u00f6nnen Ihre Empfehlung an Twitter senden. Schon beim Aktivieren werden Daten an Dritte \\u00fcbertragen - siehe <em>i<\\\/em>.\",\"perma_option\":\"off\",\"language\":\"de\",\"referrer_track\":\"\"}},\"txt_help\":\"Wenn Sie diese Felder durch einen Klick aktivieren, werden Informationen an Facebook, Twitter, Flattr, Xing, t3n, LinkedIn, Pinterest oder Google eventuell ins Ausland \\u00fcbertragen und unter Umst\\u00e4nden auch dort gespeichert. N\\u00e4heres erfahren Sie durch einen Klick auf das <em>i<\\\/em>.\",\"settings_perma\":\"Dauerhaft aktivieren und Daten\\u00fcber-tragung zustimmen:\",\"info_link\":\"http:\\\/\\\/www.heise.de\\\/ct\\\/artikel\\\/2-Klicks-fuer-mehr-Datenschutz-1333879.html\",\"uri\":\"https:\\\/\\\/www.burks.de\\\/burksblog\\\/2010\\\/08\\\/02\\\/vorratsdatenspeicherung-sechs-von-siebenundzwanzig\",\"post_id\":6311,\"post_title_referrer_track\":\"Vorratsdatenspeicherung%3A+Sechs+von+siebenundzwanzig\",\"display_infobox\":\"on\"});}});\n\/* ]]> *\/<\/script><\/div>","protected":false},"excerpt":{"rendered":"<p>&#8222;Zum gegenw\u00e4rtigen Zeitpunkt haben sechs Mitgliedstaaten, Luxemburg eingeschlossen, die Richtlinie noch nicht umgesetzt. Ende 2009 und im Februar 2010 entschied der Europ\u00e4ische Gerichtshof, dass Irland und Griechenland einerseits und Schweden andererseits gegen das EU-Recht versto\u00dfen haben. (\u2026) In Rum\u00e4nien wurde das einzelstaatliche Gesetz zur Umsetzung der Richtlinie vom Verfassungsgericht f\u00fcr verfassungswidrig erkl\u00e4rt. In Deutschland wurde [&hellip;]<\/p>\n","protected":false},"author":1,"featured_media":0,"comment_status":"open","ping_status":"open","sticky":false,"template":"","format":"standard","meta":{"footnotes":""},"categories":[15,31],"tags":[],"class_list":["post-6311","post","type-post","status-publish","format-standard","hentry","category-politics","category-protect-your-privacy"],"_links":{"self":[{"href":"https:\/\/www.burks.de\/burksblog\/wp-json\/wp\/v2\/posts\/6311","targetHints":{"allow":["GET"]}}],"collection":[{"href":"https:\/\/www.burks.de\/burksblog\/wp-json\/wp\/v2\/posts"}],"about":[{"href":"https:\/\/www.burks.de\/burksblog\/wp-json\/wp\/v2\/types\/post"}],"author":[{"embeddable":true,"href":"https:\/\/www.burks.de\/burksblog\/wp-json\/wp\/v2\/users\/1"}],"replies":[{"embeddable":true,"href":"https:\/\/www.burks.de\/burksblog\/wp-json\/wp\/v2\/comments?post=6311"}],"version-history":[{"count":1,"href":"https:\/\/www.burks.de\/burksblog\/wp-json\/wp\/v2\/posts\/6311\/revisions"}],"predecessor-version":[{"id":6312,"href":"https:\/\/www.burks.de\/burksblog\/wp-json\/wp\/v2\/posts\/6311\/revisions\/6312"}],"wp:attachment":[{"href":"https:\/\/www.burks.de\/burksblog\/wp-json\/wp\/v2\/media?parent=6311"}],"wp:term":[{"taxonomy":"category","embeddable":true,"href":"https:\/\/www.burks.de\/burksblog\/wp-json\/wp\/v2\/categories?post=6311"},{"taxonomy":"post_tag","embeddable":true,"href":"https:\/\/www.burks.de\/burksblog\/wp-json\/wp\/v2\/tags?post=6311"}],"curies":[{"name":"wp","href":"https:\/\/api.w.org\/{rel}","templated":true}]}}