{"id":61293,"date":"2025-08-13T17:39:59","date_gmt":"2025-08-13T15:39:59","guid":{"rendered":"https:\/\/www.burks.de\/burksblog\/?p=61293"},"modified":"2025-08-13T17:40:21","modified_gmt":"2025-08-13T15:40:21","slug":"alle-rassisten-ausser-mutti","status":"publish","type":"post","link":"https:\/\/www.burks.de\/burksblog\/2025\/08\/13\/alle-rassisten-ausser-mutti","title":{"rendered":"Alle Rassisten au\u00dfer Mutti"},"content":{"rendered":"<p><a href=\"https:\/\/gelbart.legal\/erfolg-fuer-ahmad-mansour-landgericht-berlin-bestaetigt-einstweilige-verfuegung-gegen-taz-redakteur-auf-unterlassung-persoenlichkeitsrechtsverletzender-aeusserungen\/\">Gelbart Legal<\/a> (&#8222;Rechtsanwaltsgesellschaft mbH &#038; Co. KG&#8220;): <i>&#8222;Ein weiterer Erfolg f\u00fcr <a href=\"https:\/\/x.com\/AhmadMansour__\">Ahmad Mansour<\/a>: Das Landgericht Berlin hat einem prominenten Redakteur der taz im Wege einer Einstweiligen Verf\u00fcgung untersagt, ehrverletzende \u00c4u\u00dferungen \u00fcber Ahmad Mansour weiter zu verbreiten. Der Journalist hatte auf der Plattform \u201eX\u201c zu einem bei der \u201eWelt\u201c ver\u00f6ffentlichten Interview mit Ahmad Mansour erkl\u00e4rt: \u201eAhmad Mansour lebt seit 20 Jahren in Deutschland. Sein Rassismus und seine Radikalisierung machen mir Sorgen. Wie kann sich unsere Gesellschaft dagegen sch\u00fctzen ?\u201c&#8220;<\/i><\/p>\n<p>Diese Aussage finde ich auch ungeheuerlich und nicht mehr von der Meinungsfreiheit gedeckt. Schon klar: wer gegen den Islam das Wort erhebt, ist Rassist. Vielleicht f\u00fchren die bei der <i>Taz<\/i> ja bald die Scharia ein oder machen Frau Chebli zur Chefredakteurin.<\/p>\n<div class=\"pdfprnt-buttons pdfprnt-buttons-post pdfprnt-bottom-right\"><a href=\"https:\/\/www.burks.de\/burksblog\/wp-json\/wp\/v2\/posts\/61293?print=pdf\" class=\"pdfprnt-button pdfprnt-button-pdf\" target=\"_blank\" ><img decoding=\"async\" src=\"https:\/\/www.burks.de\/burksblog\/wp-content\/plugins\/pdf-print\/images\/pdf.png\" alt=\"image_pdf\" title=\"PDF anzeigen\" \/><\/a><a href=\"https:\/\/www.burks.de\/burksblog\/wp-json\/wp\/v2\/posts\/61293?print=print\" class=\"pdfprnt-button pdfprnt-button-print\" target=\"_blank\" ><img decoding=\"async\" src=\"https:\/\/www.burks.de\/burksblog\/wp-content\/plugins\/pdf-print\/images\/print.png\" alt=\"image_print\" title=\"Inhalt drucken\" \/><\/a><\/div><div class=\"twoclick_social_bookmarks_post_61293 social_share_privacy clearfix 1.6.4 locale-de_DE sprite-de_DE\"><\/div><div class=\"twoclick-js\"><script type=\"text\/javascript\">\/* <![CDATA[ *\/\njQuery(document).ready(function($){if($('.twoclick_social_bookmarks_post_61293')){$('.twoclick_social_bookmarks_post_61293').socialSharePrivacy({\"services\":{\"facebook\":{\"status\":\"on\",\"txt_info\":\"2 Klicks f\\u00fcr mehr Datenschutz: Erst wenn Sie hier klicken, wird der Button aktiv und Sie k\\u00f6nnen Ihre Empfehlung an Facebook senden. Schon beim Aktivieren werden Daten an Dritte \\u00fcbertragen - siehe <em>i<\\\/em>.\",\"perma_option\":\"off\",\"action\":\"recommend\",\"language\":\"de_DE\"},\"twitter\":{\"reply_to\":\"\",\"tweet_text\":\"%20Alle%20Rassisten%20au%C3%9Fer%20Mutti%20%C2%BB%20Burks%27%20Blog%20-%20in%20dubio%20pro%20contra.%20De%20...\",\"status\":\"on\",\"txt_info\":\"2 Klicks f\\u00fcr mehr Datenschutz: Erst wenn Sie hier klicken, wird der Button aktiv und Sie k\\u00f6nnen Ihre Empfehlung an Twitter senden. Schon beim Aktivieren werden Daten an Dritte \\u00fcbertragen - siehe <em>i<\\\/em>.\",\"perma_option\":\"off\",\"language\":\"de\",\"referrer_track\":\"\"}},\"txt_help\":\"Wenn Sie diese Felder durch einen Klick aktivieren, werden Informationen an Facebook, Twitter, Flattr, Xing, t3n, LinkedIn, Pinterest oder Google eventuell ins Ausland \\u00fcbertragen und unter Umst\\u00e4nden auch dort gespeichert. N\\u00e4heres erfahren Sie durch einen Klick auf das <em>i<\\\/em>.\",\"settings_perma\":\"Dauerhaft aktivieren und Daten\\u00fcber-tragung zustimmen:\",\"info_link\":\"http:\\\/\\\/www.heise.de\\\/ct\\\/artikel\\\/2-Klicks-fuer-mehr-Datenschutz-1333879.html\",\"uri\":\"https:\\\/\\\/www.burks.de\\\/burksblog\\\/2025\\\/08\\\/13\\\/alle-rassisten-ausser-mutti\",\"post_id\":61293,\"post_title_referrer_track\":\"Alle+Rassisten+au%C3%9Fer+Mutti\",\"display_infobox\":\"on\"});}});\n\/* ]]> *\/<\/script><\/div>","protected":false},"excerpt":{"rendered":"<p>Gelbart Legal (&#8222;Rechtsanwaltsgesellschaft mbH &#038; Co. KG&#8220;): &#8222;Ein weiterer Erfolg f\u00fcr Ahmad Mansour: Das Landgericht Berlin hat einem prominenten Redakteur der taz im Wege einer Einstweiligen Verf\u00fcgung untersagt, ehrverletzende \u00c4u\u00dferungen \u00fcber Ahmad Mansour weiter zu verbreiten. Der Journalist hatte auf der Plattform \u201eX\u201c zu einem bei der \u201eWelt\u201c ver\u00f6ffentlichten Interview mit Ahmad Mansour erkl\u00e4rt: \u201eAhmad [&hellip;]<\/p>\n","protected":false},"author":1,"featured_media":0,"comment_status":"open","ping_status":"open","sticky":false,"template":"","format":"standard","meta":{"footnotes":""},"categories":[23,15],"tags":[],"class_list":["post-61293","post","type-post","status-publish","format-standard","hentry","category-media","category-politics"],"_links":{"self":[{"href":"https:\/\/www.burks.de\/burksblog\/wp-json\/wp\/v2\/posts\/61293","targetHints":{"allow":["GET"]}}],"collection":[{"href":"https:\/\/www.burks.de\/burksblog\/wp-json\/wp\/v2\/posts"}],"about":[{"href":"https:\/\/www.burks.de\/burksblog\/wp-json\/wp\/v2\/types\/post"}],"author":[{"embeddable":true,"href":"https:\/\/www.burks.de\/burksblog\/wp-json\/wp\/v2\/users\/1"}],"replies":[{"embeddable":true,"href":"https:\/\/www.burks.de\/burksblog\/wp-json\/wp\/v2\/comments?post=61293"}],"version-history":[{"count":2,"href":"https:\/\/www.burks.de\/burksblog\/wp-json\/wp\/v2\/posts\/61293\/revisions"}],"predecessor-version":[{"id":61295,"href":"https:\/\/www.burks.de\/burksblog\/wp-json\/wp\/v2\/posts\/61293\/revisions\/61295"}],"wp:attachment":[{"href":"https:\/\/www.burks.de\/burksblog\/wp-json\/wp\/v2\/media?parent=61293"}],"wp:term":[{"taxonomy":"category","embeddable":true,"href":"https:\/\/www.burks.de\/burksblog\/wp-json\/wp\/v2\/categories?post=61293"},{"taxonomy":"post_tag","embeddable":true,"href":"https:\/\/www.burks.de\/burksblog\/wp-json\/wp\/v2\/tags?post=61293"}],"curies":[{"name":"wp","href":"https:\/\/api.w.org\/{rel}","templated":true}]}}