{"id":60178,"date":"2025-05-07T17:20:56","date_gmt":"2025-05-07T15:20:56","guid":{"rendered":"https:\/\/www.burks.de\/burksblog\/?p=60178"},"modified":"2025-05-07T17:25:05","modified_gmt":"2025-05-07T15:25:05","slug":"staatsknete-fuer-bitte-selbst-ausfuellen","status":"publish","type":"post","link":"https:\/\/www.burks.de\/burksblog\/2025\/05\/07\/staatsknete-fuer-bitte-selbst-ausfuellen","title":{"rendered":"Staatsknete f\u00fcr [bitte selbst ausf\u00fcllen]"},"content":{"rendered":"<p><img decoding=\"async\" src=\"https:\/\/www.burks.de\/burksblog\/pix\/2025\/05\/070525_2.jpg\" border=\"1\" width=\"480\" alt=\"netzwerk recherche\"\/><br \/>\n<sup>&#8222;Die Meldung \u201enetzwerkrecherche.org hat dich zu oft weitergeleitet. L\u00f6sche deine Cookies.\u201c bedeutet, dass dein Browser beim Versuch, die Webseite zu laden, in eine Endlosschleife von Weiterleitungen geraten ist. Das kann z.\u202fB. passieren, wenn eine Seite st\u00e4ndig zwischen zwei oder mehr Adressen hin- und herleitet (z.\u202fB. A \u2192 B \u2192 A \u2192 B &#8230;), ohne eine g\u00fcltige Zielseite zu erreichen.&#8220; (ChatGPT &#8211; das passiert mit allen Browsern und liegt nicht an mir, sondern an den Pappnasen, die dort die Website &#8222;pflegen&#8220;.)<\/sup><\/p>\n<p>In verschiedenen Medien kann man die aktuellen Fragen <a href=\"https:\/\/www.steinhoefel.de\/ueber-uns\/\">Steinh\u00f6fels<\/a> an die Bundesregierung nachlesen. Ich dokumentiere sie. Die Links musste ich mir m\u00fchsam zusammensuchen. So etwas k\u00f6nnen deutsche Journalisten offenbar immer noch nicht. <\/p>\n<p>Es ist jedoch seltsam, dass die Antwort verweigert wurde: Warum sollte das geheim bleiben? Ein Schelm, wer B\u00f6ses dabei denkt. Der Begriff &#8222;Vorfeldorganisation&#8220;, den die so genannten &#8222;Linken&#8220; fr\u00fcher oft gebrauchten, wenn es &#8222;gegen Rechts&#8220; ging, bekommt eine ganz neue Bedeutung&#8230;<\/p>\n<p>&#8222;Die ersten 31 Fragen stammen aus der Feder Steinh\u00f6fels selbst, die \u00fcbrigen 60 basieren auf den urspr\u00fcnglichen Punkten der <a href=\"https:\/\/www.zeit.de\/politik\/deutschland\/2025-02\/anfrage-union-foerderung-nichtregierungsorganisationen-demonstrationen-gegen-rechts-gemeinnuetzig\">Unionsanfrage<\/a>,  wurden jedoch in Teilen sprachlich \u00fcberarbeitet, um gezielter auf Ausk\u00fcnfte zu tats\u00e4chlichen Vorg\u00e4ngen abzuzielen:&#8220;<\/p>\n<p>1) Welche B\u00fcndnisse, Vereine, Organisationen und sonstige private Tr\u00e4ger erhielten und erhalten 2024 und 2025 institutionelle und projektbezogene F\u00f6rdermittel aus dem Bundesministerium f\u00fcr Familie, Senioren, Frauen und Jugend? In welcher H\u00f6he liegen diese?<\/p>\n<p>2) Welche B\u00fcndnisse, Vereine, Organisationen und sonstige private Tr\u00e4ger erhielten und erhalten 2024 und 2025 institutionelle und projektbezogene F\u00f6rdermittel aus dem Ausw\u00e4rtigen Amt? In welcher H\u00f6he liegen diese?<\/p>\n<p>3) Welche B\u00fcndnisse, Vereine, Organisationen und sonstige private Tr\u00e4ger erhielten und erhalten 2024 und 2025 institutionelle und projektbezogene F\u00f6rdermittel aus dem Bundesministerium f\u00fcr Wirtschaft und Klimaschutz? In welcher H\u00f6he liegen diese?<\/p>\n<p>4) Welche B\u00fcndnisse, Vereine, Organisationen und sonstige private Tr\u00e4ger erhielten und erhalten 2024 und 2025 institutionelle und projektbezogene F\u00f6rdermittel aus dem Bundesministerium f\u00fcr wirtschaftliche Zusammenarbeit und Entwicklung? In welcher H\u00f6he liegen diese?<\/p>\n<p>5) Welche B\u00fcndnisse, Vereine, Organisationen und sonstige private Tr\u00e4ger erhielten und erhalten 2024 und 2025 institutionelle und projektbezogene F\u00f6rdermittel aus dem Bundesministerium f\u00fcr Justiz? In welcher H\u00f6he liegen diese?<\/p>\n<p>6) Welche B\u00fcndnisse, Vereine, Organisationen und sonstige private Tr\u00e4ger erhielten und erhalten 2024 und 2025 institutionelle und projektbezogene F\u00f6rdermittel aus dem Bundesministerium f\u00fcr Bildung und Forschung? In welcher H\u00f6he liegen diese?<\/p>\n<p>7) Welche B\u00fcndnisse, Vereine, Organisationen und sonstige private Tr\u00e4ger erhielten und erhalten 2024 und 2025 institutionelle und projektbezogene F\u00f6rdermittel aus dem Bundesministerium des Innern und f\u00fcr Heimat? In welcher H\u00f6he liegen diese?<\/p>\n<p>8) Welche B\u00fcndnisse, Vereine, Organisationen und sonstige private Tr\u00e4ger erhielten und erhalten 2024 und 2025 institutionelle und projektbezogene F\u00f6rdermittel aus dem Bundesministerium f\u00fcr Arbeit und Soziales? In welcher H\u00f6he liegen diese?<\/p>\n<p>9) Welche B\u00fcndnisse, Vereine, Organisationen und sonstige private Tr\u00e4ger erhielten und erhalten 2024 und 2025 institutionelle und projektbezogene F\u00f6rdermittel aus dem Bundesministerium der Finanzen? In welcher H\u00f6he liegen diese?<\/p>\n<p>10) Welche B\u00fcndnisse, Vereine, Organisationen und sonstige private Tr\u00e4ger erhielten und erhalten 2024 und 2025 institutionelle und projektbezogene F\u00f6rdermittel aus dem Bundesministerium der Verteidigung? In welcher H\u00f6he liegen diese?<\/p>\n<p>11) Welche B\u00fcndnisse, Vereine, Organisationen und sonstige private Tr\u00e4ger erhielten und erhalten 2024 und 2025 institutionelle und projektbezogene F\u00f6rdermittel aus dem Bundesministerium f\u00fcr Ern\u00e4hrung und Landwirtschaft? In welcher H\u00f6he liegen diese?<\/p>\n<p>12) Welche B\u00fcndnisse, Vereine, Organisationen und sonstige private Tr\u00e4ger erhielten und erhalten 2024 und 2025 institutionelle und projektbezogene F\u00f6rdermittel aus dem Bundesministerium f\u00fcr Gesundheit? In welcher H\u00f6he liegen diese?<\/p>\n<p>13) Welche B\u00fcndnisse, Vereine, Organisationen und sonstige private Tr\u00e4ger erhielten und erhalten 2024 und 2025 institutionelle und projektbezogene F\u00f6rdermittel aus dem Bundesministerium f\u00fcr Digitales und Verkehr? In welcher H\u00f6he liegen diese?<\/p>\n<p>14) Welche B\u00fcndnisse, Vereine und Organisationen erhielten und erhalten 2024 und 2025 institutionelle und projektbezogene F\u00f6rdermittel aus dem Bundesministerium f\u00fcr Umwelt, Naturschutz, nukleare Sicherheit und Verbraucherschutz? In welcher H\u00f6he liegen diese?<\/p>\n<p>15) Welche B\u00fcndnisse, Vereine und Organisationen erhielten und erhalten 2024 und 2025 institutionelle und projektbezogene F\u00f6rdermittel aus Bundesministerium f\u00fcr Wohnen, Stadtentwicklung und Bauwesen? In welcher H\u00f6he liegen diese?<\/p>\n<p>16) Welche B\u00fcndnisse, Vereine, Organisationen und sonstige private Tr\u00e4ger erhielten und erhalten 2024 und 2025 institutionelle und projektbezogene F\u00f6rdermittel aus dem Budget der Beauftragten der Bundesregierung f\u00fcr Kultur und Medien? In welcher H\u00f6he liegen diese?<\/p>\n<p>17) Welche B\u00fcndnisse, Vereine, Organisationen und sonstige private Tr\u00e4ger erhielten und erhalten 2024 und 2025 institutionelle und projektbezogene F\u00f6rdermittel aus dem Budget der Beauftragten der Bundesregierung f\u00fcr Migration, Fl\u00fcchtlinge und Integration? In welcher H\u00f6he liegen diese?<\/p>\n<p>18) Auf welche H\u00f6he taxiert die Bundesregierung die Gesamtausgaben der institutionellen und projektbezogenen F\u00f6rdermittel f\u00fcr B\u00fcndnisse, Vereine, Organisationen und sonstige private Tr\u00e4ger im Bereich der Nichtregierungsorganisationen im Jahr 2024?<\/p>\n<p>19) Welche B\u00fcndnisse, Vereine, Organisationen und sonstige private Tr\u00e4ger verantworteten und verantworten im Bundesprogramm \u201eDemokratie leben!\u201c die \u201ePartnerschaften f\u00fcr Demokratie\u201c in den Jahren 2024 und 2025? Welche Zuwendungen erhielten (2024) und erhalten (2025) sie aus dem Familienministerium? (Bitte aufschl\u00fcsseln nach Tr\u00e4ger und Ort)<\/p>\n<p>20) An welche B\u00fcndnisse, Vereine, Organisationen und sonstige private Tr\u00e4ger wurden und werden 2024 und 2025 im Rahmen der \u201ePartnerschaften f\u00fcr Demokratie\u201c des Bundesprogramms \u201eDemokratie leben!\u201c Zuwendungen als Letztempf\u00e4nger weitergeleitet? (Bitte aufschl\u00fcsseln nach \u00f6rtlicher \u201ePartnerschaft f\u00fcr Demokratie\u201c und allen jeweiligen Letztempf\u00e4ngern)<\/p>\n<p>21) Welche B\u00fcndnisse, Vereine, Organisationen und sonstige private Tr\u00e4ger verantworteten und verantworten die \u201eLandes-Demokratiezentren\u201c des Bundesprogramms \u201eDemokratie leben!\u201c in den Jahren 2024 und 2025? Welche Zuwendungen erhielten sie aus dem Familienministerium? (Bitte aufschl\u00fcsseln nach Tr\u00e4ger und Ort)<\/p>\n<p>22) An welche B\u00fcndnisse, Vereine und Organisationen wurden und werden 2024 und 2025 im Rahmen der \u201eLandes-Demokratiezentren\u201c Zuwendungen als Letztempf\u00e4nger weitergeleitet? (Bitte aufschl\u00fcsseln nach \u00f6rtlichem Landes-Demokratiezentrum und allen jeweiligen Letztempf\u00e4ngern)<\/p>\n<p>23) Anfang des Jahres ver\u00f6ffentliche das Bundesfamilienministerium die \u201e<a href=\"https:\/\/www.demokratie-leben.de\/resource\/blob\/253648\/b5aa49827f816f869cde1e2da8607a33\/fp2-bundesprogramm-abschliessender-schwerpunktbericht-2020-2024-data.pdf\">Gesamtevaluation des Bundesprogramms<\/a> \u201aDemokratie leben!\u2018 in der zweiten F\u00f6rderphase 2020-2024\u201c. Trifft es zu, dass das mit der Evaluation beauftragte <a href=\"https:\/\/www.dji.de\/\">Deutsche Jugendinstitut<\/a> F\u00f6rdermittel aus dem Bundesfamilienministerium erhalten hat? Wenn ja, beabsichtigt die Bundesregierung die Evaluation zur\u00fcckzuziehen? Wenn nein, beabsichtigt die Bundesregierung der Evaluation einen sinngem\u00e4\u00dfen Hinweis darauf hinzuzuf\u00fcgen, dass die Evaluation durch einen abh\u00e4ngigen Leistungsempf\u00e4nger und keine unabh\u00e4ngige wissenschaftliche Institution beauftragt wurde?<\/p>\n<p>24) Erkennt die Bundesregierung ein Problem darin, dass an der Evaluation des Bundesprogramms \u201e<a href=\"https:\/\/www.demokratie-leben.de\/\">Demokratie leben<\/a>!\u201c in Gestalt von <a href=\"https:\/\/www.praeventionstag.de\/nano.cms\/personen\/id\/3542\">Diana Zierold<\/a> auch eine Kommunalpolitikerin der Gr\u00fcnen beteiligt war, wenn ein zentrales Wahlversprechen der Gr\u00fcnen die Ausweitung von F\u00f6rdermitteln f\u00fcr \u201ezivilgesellschaftliche Akteure\u201c \u00fcber Bundesprogramme wie \u201eDemokratie leben!\u201c ist?<\/p>\n<p>25) Liegen der Bundesregierung dazu Erkenntnisse vor, ob abgesehen von Frau Zierold auch die vier weiteren verantwortlichen Wissenschaftler der Evaluation (<a href=\"https:\/\/www.dji.de\/ueber-uns\/mitarbeiterinnen\/detailansicht\/mitarbeiter\/maren-juetz.html\">Maren J\u00fctz<\/a>, <a href=\"https:\/\/www.dji.de\/ueber-uns\/mitarbeiterinnen\/detailansicht\/mitarbeiter\/frank-koenig.html\">Frank K\u00f6nig<\/a>, <a href=\"https:\/\/www.dji.de\/ueber-uns\/mitarbeiterinnen\/detailansicht\/mitarbeiter\/tobias-roscher.html?print=1&#038;cHash=dfeaea8c66e08f5bd8d666cabb4dc26b\">Tobias Roscher<\/a> und <a href=\"https:\/\/www.dji.de\/ueber-uns\/mitarbeiterinnen\/detailansicht\/mitarbeiter\/diana-wilken.html\">Diana Wilken<\/a>) Mitglied einer Partei sind und wenn ja welcher?<\/p>\n<p>26) Als Beweis f\u00fcr die Wirkung von \u201eDemokratie leben!\u201c dient in der Evaluation eine Umfrage unter \u201eprogrammexternen Fach-Expert:innen und Politiker:innen auf der Ebene der Bundesl\u00e4nder\u201c. Eine deutliche Mehrheit dieser Experten und Politiker stimmt demnach der Aussage zu, wonach \u201eDemokratie leben!\u201c daf\u00fcr sorgt, \u201edass neue Ideen, Arbeitsans\u00e4tze und\/oder Strukturen f\u00fcr die St\u00e4rkung von Demokratie und die Pr\u00e4vention von Rassismus und Extremismus entstehen\u201c. Bitte benennen Sie die befragten Politiker und deren Parteizugeh\u00f6rigkeit? Welche \u201eprogrammexternen Fach-Expert:innen\u201c haben die Umfrage beantwortet? Wie viele \u201eprogrammexterne Fach-Expert:innen und Politiker:innen auf der Ebene der Bundesl\u00e4nder\u201c von wie vielen befragten Personen dieser Gruppe insgesamt waren Mitglieder von Vereinen oder Organisationen, die F\u00f6rdermittel \u00fcber das Bundesprogramm \u201eDemokratie leben!\u201c erhalten?<\/p>\n<p>27) Die dritte F\u00f6rderperiode des Bundesprogramms \u201eDemokratie leben!\u201c l\u00e4uft von 2025 bis 2032, also \u00fcber acht Jahre und nicht wie zuvor \u00fcber vier Jahre. War die Verl\u00e4ngerung der F\u00f6rderperiode von vier auf acht Jahre eine Idee der Ministerin Lisa Paus? Falls nein, von wem ging im Bundesfamilienministerium der Vorschlag aus?<\/p>\n<p>Hat die Bundesregierung a) die rechtliche M\u00f6glichkeit oder b) die Absicht, die F\u00f6rderperiode wieder zu verk\u00fcrzen?<\/p>\n<p>28) Welche institutionellen und projektbezogenen F\u00f6rdermittel erhielt der Verein \u201e<a href=\"https:\/\/www.vatmh.org\/de\/villa-aurora-teams.html\">Villa Aurora &#038; Thomas Mann House<\/a>\u201c in den vergangenen f\u00fcnf Jahren (2019 bis 2024) durch das Ausw\u00e4rtige Amt und die Bundesbeauftragte f\u00fcr Kultur und Medien?<\/p>\n<p>29) Der Vorstand der Villa Aurora &#038; Thomas Mann House e.V. hat beschlossen, keine AfD-Mitglieder und AfD-Politiker in den Residenzh\u00e4usern in Los Angeles zu empfangen. Sieht die Bundesregierung aufgrund des Neutralit\u00e4tsgebots der Verfassung ein Problem darin, dass ein durch Steuermittel finanzierter Verein Politikern von im Bundestag vertretenen Parteien den Zutritt zu ihren R\u00e4umlichkeiten verwehrt?<\/p>\n<p>30) Welche institutionellen und projektbezogenen F\u00f6rdermittel hat der Bund f\u00fcr das in K\u00f6ln geplante \u201e<a href=\"https:\/\/www.mkjfgfi.nrw\/pressemitteilung\/haus-der-einwanderungsgesellschaft-nordrhein-westfalen-wird-standort-fuer\">Haus der Einwanderungsgesellschaft<\/a>\u201c seit Projektbeginn bereitgestellt und welche k\u00fcnftigen Ausgaben sind bereits eingeplant? Wann soll das Museum nach jetzigem Stand er\u00f6ffnet werden? Welche Vereine und Organisationen sind an der Planung des Migrationsmuseums beteiligt? Wer hat die unterschiedlichen Kooperationspartner f\u00fcr das Museum und den Tr\u00e4gerverein \u201e<a href=\"https:\/\/domid.org\/\">DOMiD e.V.<\/a> \u2014 Dokumentationszentrum und Museum u\u0308ber die Migration in Deutschland\u201c ausgew\u00e4hlt und was waren die f\u00fcr die Auswahl entscheidenden Gr\u00fcnde?<\/p>\n<p>31) Welche institutionellen und projektbezogenen F\u00f6rdermittel erhielt die <a href=\"https:\/\/www.amadeu-antonio-stiftung.de\/\">Amadeu Antonio Stiftung<\/a> durch den Bund seit ihrer Gr\u00fcndung 1998? Welche institutionellen und projektbezogenen F\u00f6rdermittel sind f\u00fcr 2025 eingeplant?<\/p>\n<p>32) Gibt es personelle \u00dcberschneidungen und\/oder famili\u00e4re Verbindungen zwischen Organen, Vorst\u00e4nden oder sonstigem leitenden Personal der <a href=\"https:\/\/correctiv.org\/\">CORRECTIV gGmbH<\/a> und Regierungsbeh\u00f6rden, wenn ja, welche? Wenn ja, sind hiervon auf Seite der Regierungsbeh\u00f6rden Mitarbeiter von Abteilungen betroffen, die mit der Mittelvergabe an die CORRECTIV gGmbH befasst sind?<\/p>\n<p>33) Hat die Bundesregierung Kenntnis davon, ob die CORRECTIV gGmbH von internationalen Organisationen oder NGOs aus dem Ausland Gelder erh\u00e4lt, wenn ja, von welchen internationalen Organisationen oder NGOs und in welcher H\u00f6he jeweils? \u2007<\/p>\n<p>34) Hat die CORRECTIV gGmbH nach Kenntnis der Bundesregierung in den letzten vier Jahren eine Erh\u00f6hung oder K\u00fcrzung staatlicher Mittel erfahren?<\/p>\n<p>35) Gibt es personelle \u00dcberschneidungen und\/oder famili\u00e4re Verbindungen zwischen Organen, Vorst\u00e4nden oder sonstigem leitenden Personal des Vereins <a href=\"https:\/\/www.omas-gegen-rechts.org\/\">Omas gegen Rechts Deutschland e. V.<\/a> und Regierungsbeh\u00f6rden, wenn ja, welche? Sind hiervon auf Seite der Regierungsbeh\u00f6rden Mitarbeiter von Abteilungen betroffen, die mit der Mittelvergabe an den Verein Omas gegen Rechts Deutschland e. V. befasst sind?<\/p>\n<p>36) Hat die Bundesregierung Kenntnis davon, ob der Verein Omas gegen Rechts Deutschland e. V. von internationalen Organisationen oder NGOs aus dem Ausland Gelder erh\u00e4lt, wenn ja, von welchen Organisationen oder NGOs und in welcher H\u00f6he? \u2007<\/p>\n<p>37) Hat der Verein Omas gegen Rechts Deutschland e. V. in den letzten vier Jahren eine Erh\u00f6hung oder K\u00fcrzung staatlicher Mittel erfahren? \u2007<\/p>\n<p>38) Gibt es personelle \u00dcberschneidungen und\/oder famili\u00e4re Verbindungen zwischen Organen, Vorst\u00e4nden oder sonstigem leitenden Personal des Vereins Campact e. V. und Regierungsbeh\u00f6rden, wenn ja, welche? Sind hiervon auf Seite der Regierungsbeh\u00f6rden Mitarbeiter von Abteilungen betroffen, die mit der Mittelvergabe an den Campact e. V. befasst sind?<\/p>\n<p>39) Hat die Bundesregierung Kenntnis davon, ob der Verein <a href=\"https:\/\/www.campact.de\/\">Campact e. V.<\/a> von internationalen Organisationen oder NGOs aus dem Ausland Gelder erh\u00e4lt, wenn ja, von welchen Organisationen oder NGOs und in welcher H\u00f6he? \u2007<\/p>\n<p>40) Hat der Verein Campact e. V. in den letzten vier Jahren eine Erh\u00f6hung oder K\u00fcrzung staatlicher Mittel erfahren? \u2007<\/p>\n<p>41) Ist der Bundesregierung bekannt, welcher prozentuale Anteil an den finanziellen Mitteln des <a href=\"https:\/\/www.attac.de\/\">Attac Tr\u00e4gervereins e. V.<\/a> aus staatlichen F\u00f6rderprogrammen stammt? \u2007<\/p>\n<p>42) Gibt es nach Kenntnis der Bundesregierung personelle \u00dcberschneidungen und\/oder famili\u00e4re Verbindungen zwischen dem Attac Tr\u00e4gerverein e. V. und Regierungsbeh\u00f6rden, wenn ja, welche? Sind hiervon auf Seite der Regierungsbeh\u00f6rden Mitarbeiter von Abteilungen betroffen, die mit der Mittelvergabe an den Attac Tr\u00e4gerverein e.V. befasst sind?<\/p>\n<p>43) Hat die Bundesregierung davon Kenntnis, ob der Attac Tr\u00e4gerverein e. V. von internationalen Organisationen oder NGOs aus dem Ausland Gelder erh\u00e4lt, wenn ja, von welchen Organisationen oder NGOs und in welcher H\u00f6he?<\/p>\n<p>44) Hat der Attac Tr\u00e4gerverein e. V. in den letzten vier Jahren eine Erh\u00f6hung oder K\u00fcrzung staatlicher Mittel erfahren?<\/p>\n<p>45) Gibt es personelle \u00dcberschneidungen und\/oder famili\u00e4re Verbindungen zwischen Organen, Vorst\u00e4nden oder sonstigem leitenden Personal der Amadeu Antonio Stiftung und Regierungsbeh\u00f6rden, wenn ja, welche? Sind hiervon auf Seite der Regierungsbeh\u00f6rden Mitarbeiter von Abteilungen betroffen, die mit der Mittelvergabe an die Amadeu Antonio Stiftung befasst sind?<\/p>\n<p>46) Welche \u00f6ffentlichen F\u00f6rdermittel erh\u00e4lt die Amadeu Antonio Stiftung nach Kenntnis der Bundesregierung, und aus welchen Einzelpl\u00e4nen stammen diese?<\/p>\n<p>47) Hat die Bundesregierung Kenntnis davon, ob die Amadeu Antonio Stiftung von internationalen Organisationen oder NGOs aus dem Ausland Gelder erh\u00e4lt, wenn ja, von welchen internationalen Organisationen oder NGOs und in welcher H\u00f6he?<\/p>\n<p>48) Hat die Amadeu Antonio Stiftung nach Kenntnis der Bundesregierung in den letzten vier Jahren eine Erh\u00f6hung oder K\u00fcrzung staatlicher Mittel erfahren?<\/p>\n<p>49) Gibt es personelle \u00dcberschneidungen und\/oder famili\u00e4re Verbindungen zwischen Organen, Vorst\u00e4nden oder sonstigem leitenden Personal des Peta Deutschland e. V. und Regierungsbeh\u00f6rden, wenn ja, welche? Sind hiervon auf Seite der Regierungsbeh\u00f6rden Mitarbeiter von Abteilungen betroffen, die mit der Mittelvergabe an Peta Deutschland e.V. befasst sind?<\/p>\n<p>50) Hat die Bundesregierung Kenntnis dar\u00fcber, ob der <a href=\"https:\/\/www.peta.de\/\">Peta Deutschland e. V.<\/a> von internationalen Organisationen oder NGOs aus dem Ausland Gelder erh\u00e4lt, wenn ja, von welchen und in welcher H\u00f6he?<\/p>\n<p>51) Hat der Peta Deutschland e. V. in den letzten vier Jahren eine Erh\u00f6hung oder K\u00fcrzung staatlicher Mittel erfahren?<\/p>\n<p>52) Ist der Bundesregierung bekannt, welcher prozentuale Anteil an den finanziellen Mitteln des <a href=\"https:\/\/www.ariwa.org\/\">Vereins Animal Rights Watch e. V.<\/a> aus staatlichen F\u00f6rderprogrammen stammt?<\/p>\n<p>53) Gibt es nach Kenntnis der Bundesregierung personelle \u00dcberschneidungen und\/oder famili\u00e4re Verbindungen zwischen Organen, Vorst\u00e4nden oder sonstigem leitenden Personal des Animal Rights Watch e. V. und Regierungsbeh\u00f6rden, wenn ja, welche? Sind hiervon auf Seite der Regierungsbeh\u00f6rden Mitarbeiter von Abteilungen betroffen, die mit der Mittelvergabe an den Animal Rights Watch e. V. befasst sind?<\/p>\n<p>54) Welche \u00f6ffentlichen F\u00f6rdermittel erh\u00e4lt die Animal Rights Watch e. V. nach Kenntnis der Bundesregierung und aus welchen Einzelpl\u00e4nen stammen diese?<\/p>\n<p>55) Hat die Bundesregierung Kenntnis davon, ob Animal Rights Watch e. V. von internationalen Organisationen oder NGOs aus dem Ausland finanzielle Zuwendungen erh\u00e4lt, wenn ja, von welchen internationalen Organisationen oder NGOs und in welcher H\u00f6he jeweils?<\/p>\n<p>56) Hat die Animal Rights Watch e. V. in den letzten vier Jahren nach Kenntnis der Bundesregierung eine Erh\u00f6hung oder K\u00fcrzung staatlicher Mittel erfahren?<\/p>\n<p>57) Gibt es personelle \u00dcberschneidungen und\/oder famili\u00e4re Verbindungen zwischen Organen, Vorst\u00e4nden oder sonstigem leitenden Personal des <a href=\"https:\/\/www.foodwatch.org\/de\/startseite\/\">Foodwatch e.V.<\/a> und Regierungsbeh\u00f6rden, wenn ja, welche? Sind hiervon auf Seite der Regierungsbeh\u00f6rden Mitarbeiter von Abteilungen betroffen, die mit der Mittelvergabe an Foodwatch e.V. befasst sind?<\/p>\n<p>58) Hat die Bundesregierung Kenntnis davon, ob Foodwatch e. V. von internationalen Organisationen oder NGOs aus dem Ausland Zuwendungen erh\u00e4lt, wenn ja, von welchen Organisationen oder NGOs und in welcher H\u00f6he jeweils?<\/p>\n<p>59) Hat Foodwatch e. V. nach Kenntnis der Bundesregierung in den letzten vier Jahren eine Erh\u00f6hung oder K\u00fcrzung staatlicher Mittel erfahren?<\/p>\n<p>59) Ist der Bundesregierung bekannt, welcher prozentuale Anteil an den finanziellen Mitteln des Vereins <a href=\"https:\/\/dezernatzukunft.org\/\">Dezernat Zukunft e. V.<\/a> aus staatlichen F\u00f6rderprogrammen stammt? \u2007<\/p>\n<p>60) Gibt es nach Kenntnis der Bundesregierung personelle \u00dcberschneidungen und\/oder famili\u00e4re Verbindungen zwischen Organen, Vorst\u00e4nden oder sonstigem leitenden Personal des Dezernat Zukunft e. V. und Regierungsbeh\u00f6rden, wenn ja, welche? Sind hiervon auf Seite der Regierungsbeh\u00f6rden Mitarbeiter von Abteilungen betroffen, die mit der Mittelvergabe an den Dezernat Zukunft e. V. befasst sind?<\/p>\n<p>61) Hat die Bundesregierung Kenntnis davon, ob der Dezernat Zukunft e. V. von internationalen Organisationen oder NGOs aus dem Ausland Zuwendungen erh\u00e4lt, wenn ja, von welchen von Organisationen oder NGOs und in welcher H\u00f6he jeweils?<\/p>\n<p>62) Hat der Dezernat Zukunft e. V. nach Kenntnis der Bundesregierung in den letzten vier Jahren eine Erh\u00f6hung oder K\u00fcrzung staatlicher Mittel erfahren?<\/p>\n<p>63) Ist der Bundesregierung bekannt, welcher prozentuale Anteil an den finanziellen Mitteln der <a href=\"https:\/\/www.duh.de\/\">Deutschen Umwelthilfe e.V.<\/a> aus staatlichen F\u00f6rderprogrammen stammt? \u2007<\/p>\n<p>64) Gibt es nach Kenntnis der Bundesregierung personelle \u00dcberschneidungen und\/oder famili\u00e4re Verbindungen zwischen Organen, Vorst\u00e4nden oder sonstigem leitenden Personal der Deutschen Umwelthilfe e.V. und Regierungsbeh\u00f6rden, wenn ja, welche? Sind hiervon auf Seite der Regierungsbeh\u00f6rden Mitarbeiter von Abteilungen betroffen, die mit der Mittelvergabe an die Deutsche Umwelthilfe e. V. befasst sind?<\/p>\n<p>65) Hat die Bundesregierung Kenntnis davon, ob die Deutsche Umwelthilfe e. V. von internationalen Organisationen oder NGOs aus dem Ausland Zuwendungen erh\u00e4lt, wenn ja, von welchen Organisationen oder NGOs und in welcher H\u00f6he jeweils?<\/p>\n<p>66) Hat die Deutsche Umwelthilfe e. V. nach Kenntnis der Bundesregierung in den letzten vier Jahren eine Erh\u00f6hung oder K\u00fcrzung staatlicher Mittel erfahren?<\/p>\n<p>67) Ist der Bundesregierung bekannt, welcher prozentuale Anteil an den finanziellen Mitteln der <a href=\"https:\/\/www.agora-agrar.de\/\">Agora Agrar gGmbH<\/a> aus staatlichen F\u00f6rderprogrammen stammt? \u2007<\/p>\n<p>68) Gibt es nach Kenntnis der Bundesregierung personelle \u00dcberschneidungen und\/oder famili\u00e4re Verbindungen zwischen Organen, Vorst\u00e4nden oder sonstigem leitenden Personal der Agora Agrar gGmbH und Regierungsbeh\u00f6rden, wenn ja, welche? Sind hiervon auf Seiten der Regierungsbeh\u00f6rden Mitarbeiter von Abteilungen betroffen, die mit der Mittelvergabe an die Agora Agrar gGmbH befasst sind?<\/p>\n<p>69) Hat die Bundesregierung Kenntnis davon, ob die Agora Agrar gGmbH von internationalen Organisationen oder NGOs aus dem Ausland Gelder erh\u00e4lt, wenn ja, von welchen Organisationen oder NGOs und in welcher H\u00f6he jeweils?<\/p>\n<p>70) Hat die Agora Agrar gGmbH nach Kenntnis der Bundesregierung in den letzten vier Jahren eine Erh\u00f6hung oder K\u00fcrzung staatlicher Mittel erfahren?<\/p>\n<p>71) Hat die Bundesregierung Kenntnis davon, ob die <a href=\"https:\/\/www.agora-energiewende.de\/\">Agora Energiewende gGmbH<\/a> von internationalen Organisationen oder NGOs aus dem Ausland Zuwendungen erh\u00e4lt, wenn ja, von welchen Organisationen oder NGOs und in welcher H\u00f6he jeweils?<\/p>\n<p>72) Hat die Agora Energiewende gGmbH nach Kenntnis der Bundesregierung in den letzten vier Jahren eine Erh\u00f6hung oder K\u00fcrzung staatlicher Mittel erfahren?<\/p>\n<p>73) Ist der Bundesregierung bekannt, welcher prozentuale Anteil an den finanziellen Mitteln des Vereins <a href=\"https:\/\/www.greenpeace.de\/\">Greenpeace e. V.<\/a> aus staatlichen F\u00f6rderprogrammen stammt? \u2007<\/p>\n<p>74) Gibt es nach Kenntnis der Bundesregierung personelle \u00dcberschneidungen und\/oder famili\u00e4re Verbindungen zwischen Organen, Vorst\u00e4nden oder sonstigem leitenden Personal des Greenpeace e. V. und Regierungsbeh\u00f6rden, wenn ja, welche? Sind hiervon auf Seite der Regierungsbeh\u00f6rden Mitarbeiter von Abteilungen betroffen, die mit der Mittelvergabe an Greenpeace e. V. befasst sind?<\/p>\n<p>75) Hat die Bundesregierung Kenntnis davon, ob Greenpeace e. V. von internationalen Organisationen oder NGOs aus dem Ausland Gelder erh\u00e4lt, wenn ja, von welchen Organisationen oder NGOs und in welcher H\u00f6he jeweils?<\/p>\n<p>76) Hat Greenpeace e. V. nach Kenntnis der Bundesregierung in den letzten Jahren eine Erh\u00f6hung oder K\u00fcrzung staatlicher Mittel erfahren?<\/p>\n<p>77) Ist der Bundesregierung bekannt, welcher prozentuale Anteil an den finanziellen Mitteln des <a href=\"https:\/\/www.bund.net\/\">BUND e. V.<\/a> aus staatlichen F\u00f6rderprogrammen stammt?<\/p>\n<p>78) Gibt es nach Kenntnis der Bundesregierung personelle \u00dcberschneidungen und\/oder famili\u00e4re Verbindungen zwischen Organen, Vorst\u00e4nden oder sonstigem leitenden Personal des BUND e. V. und Regierungsbeh\u00f6rden, wenn ja, welche? Sind hiervon auf Seite der Regierungsbeh\u00f6rden Mitarbeiter von Abteilungen betroffen, die mit der Mittelvergabe an den BUND e. V. befasst sind?<\/p>\n<p>79) Hat die Bundesregierung Kenntnis davon, ob der BUND e. V. von internationalen Organisationen oder NGOs aus dem Ausland Zuwendungen erh\u00e4lt, wenn ja, von welchen Organisationen und NGOs und in welcher H\u00f6he jeweils?<\/p>\n<p>80) Hat der BUND e. V. nach Kenntnis der Bundesregierung in den letzten Jahren eine Erh\u00f6hung oder K\u00fcrzung staatlicher Mittel erfahren?<\/p>\n<p>81) Ist der Bundesregierung bekannt, welcher prozentuale Anteil an den finanziellen Mitteln des Netzwerk Recherche e. V. aus staatlichen F\u00f6rderprogrammen stammt? \u2007<\/p>\n<p>82) Gibt es nach Kenntnis der Bundesregierung personelle \u00dcberschneidungen und\/oder famili\u00e4re Verbindungen zwischen Organen, Vorst\u00e4nden oder sonstigem leitenden Personal des Netzwerk Recherche e. V. und Regierungsbeh\u00f6rden, wenn ja, welche? Sind hiervon auf Seite der Regierungsbeh\u00f6rden Mitarbeiter von Abteilungen betroffen, die mit der Mittelvergabe an den Netzwerk Recherche e. V. befasst sind?<\/p>\n<p>83) Hat die Bundesregierung Kenntnis davon, ob das Netzwerk Recherche e. V. von internationalen Organisationen oder NGOs aus dem Ausland Zuwendungen erh\u00e4lt, wenn ja, von welchen Organisationen oder NGOs und in welcher H\u00f6he jeweils?<\/p>\n<p>84) Hat das Netzwerk Recherche e. V. nach Kenntnis der Bundesregierung in den letzten Jahren eine Erh\u00f6hung oder K\u00fcrzung staatlicher Mittel erfahren?<\/p>\n<p>85) Ist der Bundesregierung bekannt, welcher prozentuale Anteil an den finanziellen Mitteln des Vereins <a href=\"https:\/\/neuemedienmacher.de\/\">Verein Neue deutsche Medienmacher*innen e. V.<\/a> aus staatlichen F\u00f6rderprogrammen stammt? \u2007<\/p>\n<p>86) Gibt es nach Kenntnis der Bundesregierung personelle \u00dcberschneidungen und\/oder famili\u00e4re Verbindungen zwischen Organen, Vorst\u00e4nden oder sonstigem leitenden Personal des Vereins Neue deutsche Medienmacher*innen e. V. und Regierungsbeh\u00f6rden, wenn ja, welche? Sind hiervon auf Seite der Regierungsbeh\u00f6rden Mitarbeiter von Abteilungen betroffen, die mit der Mittelvergabe an den Verein Neue deutsche Medienmacher*innen e. V. befasst sind?<\/p>\n<p>87) Hat die Bundesregierung Kenntnis davon, ob der Verein Neue deutsche Medienmacher*innen e. V. von internationalen Organisationen oder NGOs aus dem Ausland Zuwendungen erh\u00e4lt, wenn ja, von welchen Organisationen oder NGOs und in welcher H\u00f6he jeweils?<\/p>\n<p>88) Hat der Verein Neue deutsche Medienmacher*innen e. V. nach Kenntnis der Bundesregierung in den letzten vier Jahren eine Erh\u00f6hung oder K\u00fcrzung staatlicher Mittel erfahren?<\/p>\n<p>89) Gibt es nach Kenntnis der Bundesregierung personelle \u00dcberschneidungen und\/oder famili\u00e4re Verbindungen zwischen Organen, Vorst\u00e4nden oder sonstigem leitenden Personal der <a href=\"https:\/\/aktionsnetzwerk-nachhaltigkeit.de\/uber-uns\/\">Delta1 gGmbH<\/a> und Regierungsbeh\u00f6rden, wenn ja, welche? Sind hiervon auf Seite der Regierungsbeh\u00f6rden Mitarbeiter von Abteilungen betroffen, die mit der Mittelvergabe an die Delta 1 gGmbH befasst sind?<\/p>\n<p>90) Hat die Bundesregierung Kenntnis davon, ob die <a href=\"https:\/\/aktionsnetzwerk-nachhaltigkeit.de\/uber-uns\/\">Delta1 gGmbH<\/a> von internationalen Organisationen oder NGOs aus dem Ausland Zuwendungen erh\u00e4lt, wenn ja, von welchen Organisationen oder NGOs und in welcher H\u00f6he jeweils?<\/p>\n<p>91) Hat die Delta1 gGmbH nach Kenntnis der Bundesregierung in den letzten vier Jahren eine Erh\u00f6hung oder K\u00fcrzung staatlicher Mittel erfahren?<\/p>\n<div class=\"pdfprnt-buttons pdfprnt-buttons-post pdfprnt-bottom-right\"><a href=\"https:\/\/www.burks.de\/burksblog\/wp-json\/wp\/v2\/posts\/60178?print=pdf\" class=\"pdfprnt-button pdfprnt-button-pdf\" target=\"_blank\" ><img decoding=\"async\" src=\"https:\/\/www.burks.de\/burksblog\/wp-content\/plugins\/pdf-print\/images\/pdf.png\" alt=\"image_pdf\" title=\"PDF anzeigen\" \/><\/a><a href=\"https:\/\/www.burks.de\/burksblog\/wp-json\/wp\/v2\/posts\/60178?print=print\" class=\"pdfprnt-button pdfprnt-button-print\" target=\"_blank\" ><img decoding=\"async\" src=\"https:\/\/www.burks.de\/burksblog\/wp-content\/plugins\/pdf-print\/images\/print.png\" alt=\"image_print\" title=\"Inhalt drucken\" \/><\/a><\/div><div class=\"twoclick_social_bookmarks_post_60178 social_share_privacy clearfix 1.6.4 locale-de_DE sprite-de_DE\"><\/div><div class=\"twoclick-js\"><script type=\"text\/javascript\">\/* <![CDATA[ *\/\njQuery(document).ready(function($){if($('.twoclick_social_bookmarks_post_60178')){$('.twoclick_social_bookmarks_post_60178').socialSharePrivacy({\"services\":{\"facebook\":{\"status\":\"on\",\"txt_info\":\"2 Klicks f\\u00fcr mehr Datenschutz: Erst wenn Sie hier klicken, wird der Button aktiv und Sie k\\u00f6nnen Ihre Empfehlung an Facebook senden. Schon beim Aktivieren werden Daten an Dritte \\u00fcbertragen - siehe <em>i<\\\/em>.\",\"perma_option\":\"off\",\"action\":\"recommend\",\"language\":\"de_DE\"},\"twitter\":{\"reply_to\":\"\",\"tweet_text\":\"%20Staatsknete%20f%C3%BCr%20%5Bbitte%20selbst%20ausf%C3%BCllen%5D%20%C2%BB%20Burks%27%20Blog%20-%20in%20dubio%20...\",\"status\":\"on\",\"txt_info\":\"2 Klicks f\\u00fcr mehr Datenschutz: Erst wenn Sie hier klicken, wird der Button aktiv und Sie k\\u00f6nnen Ihre Empfehlung an Twitter senden. Schon beim Aktivieren werden Daten an Dritte \\u00fcbertragen - siehe <em>i<\\\/em>.\",\"perma_option\":\"off\",\"language\":\"de\",\"referrer_track\":\"\"}},\"txt_help\":\"Wenn Sie diese Felder durch einen Klick aktivieren, werden Informationen an Facebook, Twitter, Flattr, Xing, t3n, LinkedIn, Pinterest oder Google eventuell ins Ausland \\u00fcbertragen und unter Umst\\u00e4nden auch dort gespeichert. N\\u00e4heres erfahren Sie durch einen Klick auf das <em>i<\\\/em>.\",\"settings_perma\":\"Dauerhaft aktivieren und Daten\\u00fcber-tragung zustimmen:\",\"info_link\":\"http:\\\/\\\/www.heise.de\\\/ct\\\/artikel\\\/2-Klicks-fuer-mehr-Datenschutz-1333879.html\",\"uri\":\"https:\\\/\\\/www.burks.de\\\/burksblog\\\/2025\\\/05\\\/07\\\/staatsknete-fuer-bitte-selbst-ausfuellen\",\"post_id\":60178,\"post_title_referrer_track\":\"Staatsknete+f%C3%BCr+%5Bbitte+selbst+ausf%C3%BCllen%5D\",\"display_infobox\":\"on\"});}});\n\/* ]]> *\/<\/script><\/div>","protected":false},"excerpt":{"rendered":"<p>&#8222;Die Meldung \u201enetzwerkrecherche.org hat dich zu oft weitergeleitet. L\u00f6sche deine Cookies.\u201c bedeutet, dass dein Browser beim Versuch, die Webseite zu laden, in eine Endlosschleife von Weiterleitungen geraten ist. Das kann z.\u202fB. passieren, wenn eine Seite st\u00e4ndig zwischen zwei oder mehr Adressen hin- und herleitet (z.\u202fB. A \u2192 B \u2192 A \u2192 B &#8230;), ohne eine [&hellip;]<\/p>\n","protected":false},"author":1,"featured_media":0,"comment_status":"open","ping_status":"open","sticky":false,"template":"","format":"standard","meta":{"footnotes":""},"categories":[23,15],"tags":[],"class_list":["post-60178","post","type-post","status-publish","format-standard","hentry","category-media","category-politics"],"_links":{"self":[{"href":"https:\/\/www.burks.de\/burksblog\/wp-json\/wp\/v2\/posts\/60178","targetHints":{"allow":["GET"]}}],"collection":[{"href":"https:\/\/www.burks.de\/burksblog\/wp-json\/wp\/v2\/posts"}],"about":[{"href":"https:\/\/www.burks.de\/burksblog\/wp-json\/wp\/v2\/types\/post"}],"author":[{"embeddable":true,"href":"https:\/\/www.burks.de\/burksblog\/wp-json\/wp\/v2\/users\/1"}],"replies":[{"embeddable":true,"href":"https:\/\/www.burks.de\/burksblog\/wp-json\/wp\/v2\/comments?post=60178"}],"version-history":[{"count":10,"href":"https:\/\/www.burks.de\/burksblog\/wp-json\/wp\/v2\/posts\/60178\/revisions"}],"predecessor-version":[{"id":60188,"href":"https:\/\/www.burks.de\/burksblog\/wp-json\/wp\/v2\/posts\/60178\/revisions\/60188"}],"wp:attachment":[{"href":"https:\/\/www.burks.de\/burksblog\/wp-json\/wp\/v2\/media?parent=60178"}],"wp:term":[{"taxonomy":"category","embeddable":true,"href":"https:\/\/www.burks.de\/burksblog\/wp-json\/wp\/v2\/categories?post=60178"},{"taxonomy":"post_tag","embeddable":true,"href":"https:\/\/www.burks.de\/burksblog\/wp-json\/wp\/v2\/tags?post=60178"}],"curies":[{"name":"wp","href":"https:\/\/api.w.org\/{rel}","templated":true}]}}