{"id":59956,"date":"2025-04-07T20:17:03","date_gmt":"2025-04-07T18:17:03","guid":{"rendered":"https:\/\/www.burks.de\/burksblog\/?p=59956"},"modified":"2025-04-07T20:24:38","modified_gmt":"2025-04-07T18:24:38","slug":"den-terror-im-schlepptau","status":"publish","type":"post","link":"https:\/\/www.burks.de\/burksblog\/2025\/04\/07\/den-terror-im-schlepptau","title":{"rendered":"Den Terror im Schlepptau"},"content":{"rendered":"<p>&#8222;Die Hamas regiert den Gaza-Streifen im Grunde seit dem R\u00fcckzug Israels im Jahr 2005. Lange Zeit wurde das Gebiet von \u00c4gypten regiert. Aber seltsamerweise wollen die \u00c4gypter heute nicht, dass die Araber in Gaza zu \u00c4gypten geh\u00f6ren. Genauso wie die Jordanier die Araber, die in Jud\u00e4a und Samaria (Westjordanland) leben, anscheinend nie willkommen hei\u00dfen wollten. Es ist fast so, als w\u00fcssten sie etwas, was wir nicht wissen. N\u00e4mlich, dass es sich um eine sehr radikale Bev\u00f6lkerung handelt. Jedes Land, das Pal\u00e4stinenser aufgenommen hat \u2013 einschlie\u00dflich ihrer F\u00fchrung \u2013 hat immer den Terror im Schlepptau gehabt.&#8220; (Douglas Murray in der <a href=\"https:\/\/www.welt.de\/debatte\/plus255345126\/Trump-Vorschlag-fuer-Gaza-Die-Hamas-muss-verlieren-vollstaendig.html\">b\u00fcrgerlichen Presse<\/a>)<\/p>\n<div class=\"pdfprnt-buttons pdfprnt-buttons-post pdfprnt-bottom-right\"><a href=\"https:\/\/www.burks.de\/burksblog\/wp-json\/wp\/v2\/posts\/59956?print=pdf\" class=\"pdfprnt-button pdfprnt-button-pdf\" target=\"_blank\" ><img decoding=\"async\" src=\"https:\/\/www.burks.de\/burksblog\/wp-content\/plugins\/pdf-print\/images\/pdf.png\" alt=\"image_pdf\" title=\"PDF anzeigen\" \/><\/a><a href=\"https:\/\/www.burks.de\/burksblog\/wp-json\/wp\/v2\/posts\/59956?print=print\" class=\"pdfprnt-button pdfprnt-button-print\" target=\"_blank\" ><img decoding=\"async\" src=\"https:\/\/www.burks.de\/burksblog\/wp-content\/plugins\/pdf-print\/images\/print.png\" alt=\"image_print\" title=\"Inhalt drucken\" \/><\/a><\/div><div class=\"twoclick_social_bookmarks_post_59956 social_share_privacy clearfix 1.6.4 locale-de_DE sprite-de_DE\"><\/div><div class=\"twoclick-js\"><script type=\"text\/javascript\">\/* <![CDATA[ *\/\njQuery(document).ready(function($){if($('.twoclick_social_bookmarks_post_59956')){$('.twoclick_social_bookmarks_post_59956').socialSharePrivacy({\"services\":{\"facebook\":{\"status\":\"on\",\"txt_info\":\"2 Klicks f\\u00fcr mehr Datenschutz: Erst wenn Sie hier klicken, wird der Button aktiv und Sie k\\u00f6nnen Ihre Empfehlung an Facebook senden. Schon beim Aktivieren werden Daten an Dritte \\u00fcbertragen - siehe <em>i<\\\/em>.\",\"perma_option\":\"off\",\"action\":\"recommend\",\"language\":\"de_DE\"},\"twitter\":{\"reply_to\":\"\",\"tweet_text\":\"%20Den%20Terror%20im%20Schlepptau%20%C2%BB%20Burks%27%20Blog%20-%20in%20dubio%20pro%20contra.%20De%20omnibus%20...\",\"status\":\"on\",\"txt_info\":\"2 Klicks f\\u00fcr mehr Datenschutz: Erst wenn Sie hier klicken, wird der Button aktiv und Sie k\\u00f6nnen Ihre Empfehlung an Twitter senden. Schon beim Aktivieren werden Daten an Dritte \\u00fcbertragen - siehe <em>i<\\\/em>.\",\"perma_option\":\"off\",\"language\":\"de\",\"referrer_track\":\"\"}},\"txt_help\":\"Wenn Sie diese Felder durch einen Klick aktivieren, werden Informationen an Facebook, Twitter, Flattr, Xing, t3n, LinkedIn, Pinterest oder Google eventuell ins Ausland \\u00fcbertragen und unter Umst\\u00e4nden auch dort gespeichert. N\\u00e4heres erfahren Sie durch einen Klick auf das <em>i<\\\/em>.\",\"settings_perma\":\"Dauerhaft aktivieren und Daten\\u00fcber-tragung zustimmen:\",\"info_link\":\"http:\\\/\\\/www.heise.de\\\/ct\\\/artikel\\\/2-Klicks-fuer-mehr-Datenschutz-1333879.html\",\"uri\":\"https:\\\/\\\/www.burks.de\\\/burksblog\\\/2025\\\/04\\\/07\\\/den-terror-im-schlepptau\",\"post_id\":59956,\"post_title_referrer_track\":\"Den+Terror+im+Schlepptau\",\"display_infobox\":\"on\"});}});\n\/* ]]> *\/<\/script><\/div>","protected":false},"excerpt":{"rendered":"<p>&#8222;Die Hamas regiert den Gaza-Streifen im Grunde seit dem R\u00fcckzug Israels im Jahr 2005. Lange Zeit wurde das Gebiet von \u00c4gypten regiert. Aber seltsamerweise wollen die \u00c4gypter heute nicht, dass die Araber in Gaza zu \u00c4gypten geh\u00f6ren. Genauso wie die Jordanier die Araber, die in Jud\u00e4a und Samaria (Westjordanland) leben, anscheinend nie willkommen hei\u00dfen wollten. [&hellip;]<\/p>\n","protected":false},"author":1,"featured_media":0,"comment_status":"open","ping_status":"open","sticky":false,"template":"","format":"standard","meta":{"footnotes":""},"categories":[15,292],"tags":[],"class_list":["post-59956","post","type-post","status-publish","format-standard","hentry","category-politics","category-zitate-die-man-sich-merken-sollte"],"_links":{"self":[{"href":"https:\/\/www.burks.de\/burksblog\/wp-json\/wp\/v2\/posts\/59956","targetHints":{"allow":["GET"]}}],"collection":[{"href":"https:\/\/www.burks.de\/burksblog\/wp-json\/wp\/v2\/posts"}],"about":[{"href":"https:\/\/www.burks.de\/burksblog\/wp-json\/wp\/v2\/types\/post"}],"author":[{"embeddable":true,"href":"https:\/\/www.burks.de\/burksblog\/wp-json\/wp\/v2\/users\/1"}],"replies":[{"embeddable":true,"href":"https:\/\/www.burks.de\/burksblog\/wp-json\/wp\/v2\/comments?post=59956"}],"version-history":[{"count":2,"href":"https:\/\/www.burks.de\/burksblog\/wp-json\/wp\/v2\/posts\/59956\/revisions"}],"predecessor-version":[{"id":59958,"href":"https:\/\/www.burks.de\/burksblog\/wp-json\/wp\/v2\/posts\/59956\/revisions\/59958"}],"wp:attachment":[{"href":"https:\/\/www.burks.de\/burksblog\/wp-json\/wp\/v2\/media?parent=59956"}],"wp:term":[{"taxonomy":"category","embeddable":true,"href":"https:\/\/www.burks.de\/burksblog\/wp-json\/wp\/v2\/categories?post=59956"},{"taxonomy":"post_tag","embeddable":true,"href":"https:\/\/www.burks.de\/burksblog\/wp-json\/wp\/v2\/tags?post=59956"}],"curies":[{"name":"wp","href":"https:\/\/api.w.org\/{rel}","templated":true}]}}