{"id":5822,"date":"2010-06-14T13:01:05","date_gmt":"2010-06-14T11:01:05","guid":{"rendered":"http:\/\/www.burks.de\/burksblog\/?p=5822"},"modified":"2010-06-14T13:09:04","modified_gmt":"2010-06-14T11:09:04","slug":"polithacker","status":"publish","type":"post","link":"https:\/\/www.burks.de\/burksblog\/2010\/06\/14\/polithacker","title":{"rendered":"Polithacker"},"content":{"rendered":"<p>Grandiose Aktion von <a href=\"http:\/\/www.stuttgarter-zeitung.de\/stz\/page\/2521630_0_9223_-junge-liberale-opfer-von-taeuschungsmanoever.html\">Polit-Hackern<\/a> in Stuttgart: &#8222;Unbekannte hatten sich zuvor im Namen des Parteinachwuchses der FDP an die Presse gewendet und mit drastischen Parolen gegen Arbeitslose gehetzt. Zwei junge M\u00e4nner und eine Frau hatten sich zudem vor die Agentur f\u00fcr Arbeit gestellt, Flyer der Jungen Liberalen verteilt und sich als Mitglieder der Organisation ausgegeben. (&#8230;) Die unbekannten T\u00e4ter hatten unter anderem mit Formulierungen wie diesen im Namen der Jungen Liberalen f\u00fcr Wirbel gesorgt: &#8218;Streichung des Elterngelds f\u00fcr ALG-II-Empf\u00e4nger, denn Armut soll sich nicht reproduzieren!'&#8220; <\/p>\n<p>Einfach nur genial. Chapeau! [via <a href=\"http:\/\/blog.fefe.de\/?ts=b2eb31c0\">Fefe<\/a>]<\/p>\n<p>By the way: Die &#8222;betroffenen&#8220; <a href=\"http:\/\/www.julis-stuttgart.de\/\">Jungen Liberalen<\/a> geben den Artikel der <i>Stuttgarter Zeitung<\/i> als &#8222;Gegendarstellung&#8220; aus. Die Zeitung schreibt: &#8222;Gegen\u00fcber der StZ gaben sich die Aktivisten auf Anfrage f\u00e4lschlicherweise als junge Liberale aus. Ein gewisser Markus Roth behauptete, im Landesvorstand der Partei zu sein &#8211; die Julis f\u00fchren jedoch kein Mitglied mit diesem Namen.&#8220; Ach ja? Und das merkt ihr <a href=\"http:\/\/www.julis-stuttgart.de\/index.php?id=3050\">erst jetzt<\/a>? Wie viele unabh\u00e4ngige Quellen brauchte man noch mal gleich, bevor man etwas behauptet, will man die Berufsbezeichung &#8222;Journalist&#8220; ernsthaft tragen? <\/p>\n<div class=\"pdfprnt-buttons pdfprnt-buttons-post pdfprnt-bottom-right\"><a href=\"https:\/\/www.burks.de\/burksblog\/wp-json\/wp\/v2\/posts\/5822?print=pdf\" class=\"pdfprnt-button pdfprnt-button-pdf\" target=\"_blank\" ><img decoding=\"async\" src=\"https:\/\/www.burks.de\/burksblog\/wp-content\/plugins\/pdf-print\/images\/pdf.png\" alt=\"image_pdf\" title=\"PDF anzeigen\" \/><\/a><a href=\"https:\/\/www.burks.de\/burksblog\/wp-json\/wp\/v2\/posts\/5822?print=print\" class=\"pdfprnt-button pdfprnt-button-print\" target=\"_blank\" ><img decoding=\"async\" src=\"https:\/\/www.burks.de\/burksblog\/wp-content\/plugins\/pdf-print\/images\/print.png\" alt=\"image_print\" title=\"Inhalt drucken\" \/><\/a><\/div><div class=\"twoclick_social_bookmarks_post_5822 social_share_privacy clearfix 1.6.4 locale-de_DE sprite-de_DE\"><\/div><div class=\"twoclick-js\"><script type=\"text\/javascript\">\/* <![CDATA[ *\/\njQuery(document).ready(function($){if($('.twoclick_social_bookmarks_post_5822')){$('.twoclick_social_bookmarks_post_5822').socialSharePrivacy({\"services\":{\"facebook\":{\"status\":\"on\",\"txt_info\":\"2 Klicks f\\u00fcr mehr Datenschutz: Erst wenn Sie hier klicken, wird der Button aktiv und Sie k\\u00f6nnen Ihre Empfehlung an Facebook senden. Schon beim Aktivieren werden Daten an Dritte \\u00fcbertragen - siehe <em>i<\\\/em>.\",\"perma_option\":\"off\",\"action\":\"recommend\",\"language\":\"de_DE\"},\"twitter\":{\"reply_to\":\"\",\"tweet_text\":\"Polithacker%20%C2%BB%20Burks%27%20Blog%20-%20in%20dubio%20pro%20contra.%20De%20omnibus%20dubitandum.\",\"status\":\"on\",\"txt_info\":\"2 Klicks f\\u00fcr mehr Datenschutz: Erst wenn Sie hier klicken, wird der Button aktiv und Sie k\\u00f6nnen Ihre Empfehlung an Twitter senden. Schon beim Aktivieren werden Daten an Dritte \\u00fcbertragen - siehe <em>i<\\\/em>.\",\"perma_option\":\"off\",\"language\":\"de\",\"referrer_track\":\"\"}},\"txt_help\":\"Wenn Sie diese Felder durch einen Klick aktivieren, werden Informationen an Facebook, Twitter, Flattr, Xing, t3n, LinkedIn, Pinterest oder Google eventuell ins Ausland \\u00fcbertragen und unter Umst\\u00e4nden auch dort gespeichert. N\\u00e4heres erfahren Sie durch einen Klick auf das <em>i<\\\/em>.\",\"settings_perma\":\"Dauerhaft aktivieren und Daten\\u00fcber-tragung zustimmen:\",\"info_link\":\"http:\\\/\\\/www.heise.de\\\/ct\\\/artikel\\\/2-Klicks-fuer-mehr-Datenschutz-1333879.html\",\"uri\":\"https:\\\/\\\/www.burks.de\\\/burksblog\\\/2010\\\/06\\\/14\\\/polithacker\",\"post_id\":5822,\"post_title_referrer_track\":\"Polithacker\",\"display_infobox\":\"on\"});}});\n\/* ]]> *\/<\/script><\/div>","protected":false},"excerpt":{"rendered":"<p>Grandiose Aktion von Polit-Hackern in Stuttgart: &#8222;Unbekannte hatten sich zuvor im Namen des Parteinachwuchses der FDP an die Presse gewendet und mit drastischen Parolen gegen Arbeitslose gehetzt. Zwei junge M\u00e4nner und eine Frau hatten sich zudem vor die Agentur f\u00fcr Arbeit gestellt, Flyer der Jungen Liberalen verteilt und sich als Mitglieder der Organisation ausgegeben. (&#8230;) [&hellip;]<\/p>\n","protected":false},"author":1,"featured_media":0,"comment_status":"open","ping_status":"open","sticky":false,"template":"","format":"standard","meta":{"footnotes":""},"categories":[15],"tags":[],"class_list":["post-5822","post","type-post","status-publish","format-standard","hentry","category-politics"],"_links":{"self":[{"href":"https:\/\/www.burks.de\/burksblog\/wp-json\/wp\/v2\/posts\/5822","targetHints":{"allow":["GET"]}}],"collection":[{"href":"https:\/\/www.burks.de\/burksblog\/wp-json\/wp\/v2\/posts"}],"about":[{"href":"https:\/\/www.burks.de\/burksblog\/wp-json\/wp\/v2\/types\/post"}],"author":[{"embeddable":true,"href":"https:\/\/www.burks.de\/burksblog\/wp-json\/wp\/v2\/users\/1"}],"replies":[{"embeddable":true,"href":"https:\/\/www.burks.de\/burksblog\/wp-json\/wp\/v2\/comments?post=5822"}],"version-history":[{"count":6,"href":"https:\/\/www.burks.de\/burksblog\/wp-json\/wp\/v2\/posts\/5822\/revisions"}],"predecessor-version":[{"id":5828,"href":"https:\/\/www.burks.de\/burksblog\/wp-json\/wp\/v2\/posts\/5822\/revisions\/5828"}],"wp:attachment":[{"href":"https:\/\/www.burks.de\/burksblog\/wp-json\/wp\/v2\/media?parent=5822"}],"wp:term":[{"taxonomy":"category","embeddable":true,"href":"https:\/\/www.burks.de\/burksblog\/wp-json\/wp\/v2\/categories?post=5822"},{"taxonomy":"post_tag","embeddable":true,"href":"https:\/\/www.burks.de\/burksblog\/wp-json\/wp\/v2\/tags?post=5822"}],"curies":[{"name":"wp","href":"https:\/\/api.w.org\/{rel}","templated":true}]}}