{"id":57167,"date":"2024-07-10T19:12:57","date_gmt":"2024-07-10T17:12:57","guid":{"rendered":"https:\/\/www.burks.de\/burksblog\/?p=57167"},"modified":"2024-07-10T19:12:57","modified_gmt":"2024-07-10T17:12:57","slug":"in-den-scheol-mit-ihnen","status":"publish","type":"post","link":"https:\/\/www.burks.de\/burksblog\/2024\/07\/10\/in-den-scheol-mit-ihnen","title":{"rendered":"In den Scheol mit ihnen!"},"content":{"rendered":"<p><a href=\"https:\/\/www.amazon.de\/dp\/B0049B2FRC\/\/\/\/ref=nosim?tag=burkhardschroder\"><img decoding=\"async\" src=\"https:\/\/www.burks.de\/burksblog\/pix\/2024\/07\/100724_2.jpg\" alt=\"solomon\" border=\"0\" hspace=\"0\" space=\"0\" width=\"480\"\/><\/a><\/p>\n<p>Ich lese wieder <a href=\"https:\/\/www.amazon.de\/dp\/B0049B2FRC\/\/\/\/ref=nosim?tag=burkhardschroder\">ganz schlimme B\u00fccher<\/a>. Daf\u00fcr komme ich in die christliche und auch <a href=\"https:\/\/de.wikipedia.org\/wiki\/Scheol\">in die j\u00fcdische H\u00f6lle<\/a>.<\/p>\n<p>Ich muss nur noch herausfinden, ob der Autor <a href=\"https:\/\/www.ancient-origins.net\/author-profiles\/ralph-ellis-001786\">Ralph Ellis<\/a> so eine Art Erich von D\u00e4niken ist oder eher <a href=\"https:\/\/www.burks.de\/burksblog\/2016\/03\/28\/keine-posaunen-kein-temple-kein-auszug-aus-aegypten-nirgends\">ein Finkelstein<\/a>. Was <a href=\"https:\/\/alexhickman.co.uk\/ralph-ellis\/\">er schreibt<\/a>, erscheint mir aber recht schl\u00fcssig. Seine Thesen w\u00fcrden sogar Finkelstein hervorragend erg\u00e4nzen, der bekanntlich behauptet, einen Auszug Israels aus \u00c4gypten h\u00e4tte es nie gegeben.<\/p>\n<p>By the way, Muslime: F\u00fcr Euch <a href=\"https:\/\/www.amazon.de\/dp\/B007STFJ4S\/\/\/\/ref=nosim?tag=burkhardschroder\">habe ich auch was<\/a>. Das habe ich schon gekauft, muss es aber noch lesen.<\/p>\n<div class=\"pdfprnt-buttons pdfprnt-buttons-post pdfprnt-bottom-right\"><a href=\"https:\/\/www.burks.de\/burksblog\/wp-json\/wp\/v2\/posts\/57167?print=pdf\" class=\"pdfprnt-button pdfprnt-button-pdf\" target=\"_blank\" ><img decoding=\"async\" src=\"https:\/\/www.burks.de\/burksblog\/wp-content\/plugins\/pdf-print\/images\/pdf.png\" alt=\"image_pdf\" title=\"PDF anzeigen\" \/><\/a><a href=\"https:\/\/www.burks.de\/burksblog\/wp-json\/wp\/v2\/posts\/57167?print=print\" class=\"pdfprnt-button pdfprnt-button-print\" target=\"_blank\" ><img decoding=\"async\" src=\"https:\/\/www.burks.de\/burksblog\/wp-content\/plugins\/pdf-print\/images\/print.png\" alt=\"image_print\" title=\"Inhalt drucken\" \/><\/a><\/div><div class=\"twoclick_social_bookmarks_post_57167 social_share_privacy clearfix 1.6.4 locale-de_DE sprite-de_DE\"><\/div><div class=\"twoclick-js\"><script type=\"text\/javascript\">\/* <![CDATA[ *\/\njQuery(document).ready(function($){if($('.twoclick_social_bookmarks_post_57167')){$('.twoclick_social_bookmarks_post_57167').socialSharePrivacy({\"services\":{\"facebook\":{\"status\":\"on\",\"txt_info\":\"2 Klicks f\\u00fcr mehr Datenschutz: Erst wenn Sie hier klicken, wird der Button aktiv und Sie k\\u00f6nnen Ihre Empfehlung an Facebook senden. Schon beim Aktivieren werden Daten an Dritte \\u00fcbertragen - siehe <em>i<\\\/em>.\",\"perma_option\":\"off\",\"action\":\"recommend\",\"language\":\"de_DE\"},\"twitter\":{\"reply_to\":\"\",\"tweet_text\":\"%20In%20den%20Scheol%20mit%20ihnen%21%20%C2%BB%20Burks%27%20Blog%20-%20in%20dubio%20pro%20contra.%20De%20...\",\"status\":\"on\",\"txt_info\":\"2 Klicks f\\u00fcr mehr Datenschutz: Erst wenn Sie hier klicken, wird der Button aktiv und Sie k\\u00f6nnen Ihre Empfehlung an Twitter senden. Schon beim Aktivieren werden Daten an Dritte \\u00fcbertragen - siehe <em>i<\\\/em>.\",\"perma_option\":\"off\",\"language\":\"de\",\"referrer_track\":\"\"}},\"txt_help\":\"Wenn Sie diese Felder durch einen Klick aktivieren, werden Informationen an Facebook, Twitter, Flattr, Xing, t3n, LinkedIn, Pinterest oder Google eventuell ins Ausland \\u00fcbertragen und unter Umst\\u00e4nden auch dort gespeichert. N\\u00e4heres erfahren Sie durch einen Klick auf das <em>i<\\\/em>.\",\"settings_perma\":\"Dauerhaft aktivieren und Daten\\u00fcber-tragung zustimmen:\",\"info_link\":\"http:\\\/\\\/www.heise.de\\\/ct\\\/artikel\\\/2-Klicks-fuer-mehr-Datenschutz-1333879.html\",\"uri\":\"https:\\\/\\\/www.burks.de\\\/burksblog\\\/2024\\\/07\\\/10\\\/in-den-scheol-mit-ihnen\",\"post_id\":57167,\"post_title_referrer_track\":\"In+den+Scheol+mit+ihnen%21\",\"display_infobox\":\"on\"});}});\n\/* ]]> *\/<\/script><\/div>","protected":false},"excerpt":{"rendered":"<p>Ich lese wieder ganz schlimme B\u00fccher. Daf\u00fcr komme ich in die christliche und auch in die j\u00fcdische H\u00f6lle. Ich muss nur noch herausfinden, ob der Autor Ralph Ellis so eine Art Erich von D\u00e4niken ist oder eher ein Finkelstein. Was er schreibt, erscheint mir aber recht schl\u00fcssig. Seine Thesen w\u00fcrden sogar Finkelstein hervorragend erg\u00e4nzen, der [&hellip;]<\/p>\n","protected":false},"author":1,"featured_media":0,"comment_status":"open","ping_status":"open","sticky":false,"template":"","format":"standard","meta":{"footnotes":""},"categories":[1,17],"tags":[],"class_list":["post-57167","post","type-post","status-publish","format-standard","hentry","category-feuilleton","category-science"],"_links":{"self":[{"href":"https:\/\/www.burks.de\/burksblog\/wp-json\/wp\/v2\/posts\/57167","targetHints":{"allow":["GET"]}}],"collection":[{"href":"https:\/\/www.burks.de\/burksblog\/wp-json\/wp\/v2\/posts"}],"about":[{"href":"https:\/\/www.burks.de\/burksblog\/wp-json\/wp\/v2\/types\/post"}],"author":[{"embeddable":true,"href":"https:\/\/www.burks.de\/burksblog\/wp-json\/wp\/v2\/users\/1"}],"replies":[{"embeddable":true,"href":"https:\/\/www.burks.de\/burksblog\/wp-json\/wp\/v2\/comments?post=57167"}],"version-history":[{"count":2,"href":"https:\/\/www.burks.de\/burksblog\/wp-json\/wp\/v2\/posts\/57167\/revisions"}],"predecessor-version":[{"id":57170,"href":"https:\/\/www.burks.de\/burksblog\/wp-json\/wp\/v2\/posts\/57167\/revisions\/57170"}],"wp:attachment":[{"href":"https:\/\/www.burks.de\/burksblog\/wp-json\/wp\/v2\/media?parent=57167"}],"wp:term":[{"taxonomy":"category","embeddable":true,"href":"https:\/\/www.burks.de\/burksblog\/wp-json\/wp\/v2\/categories?post=57167"},{"taxonomy":"post_tag","embeddable":true,"href":"https:\/\/www.burks.de\/burksblog\/wp-json\/wp\/v2\/tags?post=57167"}],"curies":[{"name":"wp","href":"https:\/\/api.w.org\/{rel}","templated":true}]}}