{"id":55998,"date":"2024-01-30T19:10:16","date_gmt":"2024-01-30T18:10:16","guid":{"rendered":"https:\/\/www.burks.de\/burksblog\/?p=55998"},"modified":"2024-01-30T19:10:17","modified_gmt":"2024-01-30T18:10:17","slug":"bund-der-vertriebenen-arabische-version","status":"publish","type":"post","link":"https:\/\/www.burks.de\/burksblog\/2024\/01\/30\/bund-der-vertriebenen-arabische-version","title":{"rendered":"Bund der Vertriebenen, arabische Version"},"content":{"rendered":"<p><a href=\"https:\/\/www.burks.de\/burksblog\/pix\/2019\/02\/100219_1gr.jpg\"><img decoding=\"async\" src=\"https:\/\/www.burks.de\/burksblog\/pix\/2019\/02\/100219_1kl.jpg\" alt=\"georgetown\" border=\"0\" hspace=\"0\" vspace=\"0\" width=\"480\"\/><\/a><br \/>\n<sup>Die Enteignungsurkunde des Hofes meine Urgro\u00dfvaters in Westpreu\u00dfen. Die Geb\u00e4ude waren ohnehin 1943 abgebrannt.<\/sup><\/p>\n<p>Arbeitshypothese: Die Deutschen mussten 1945 auch aus ihren ehemaligen Ostgebieten Schlesien, West- und Ostpreu\u00dfen sowie Wolhynien weichen, obwohl sie dort teilweise f\u00fcr mehrere Jahrhunderte siedelten. Also <a href=\"https:\/\/matzav.com\/12-ministers-call-to-resettle-gaza-encourage-gazans-to-leave-at-jubilant-conference\/\">k\u00f6nnten das Araber auch<\/a>. Sie fangen ja wie die Deutschen auch immer wieder den Krieg an. Irgendwann muss dann Schluss sein. Die Polen waren nicht &#8222;rechtsextrem&#8220;, als sie alle Deutschen hinauswarfen.<\/p>\n<div class=\"pdfprnt-buttons pdfprnt-buttons-post pdfprnt-bottom-right\"><a href=\"https:\/\/www.burks.de\/burksblog\/wp-json\/wp\/v2\/posts\/55998?print=pdf\" class=\"pdfprnt-button pdfprnt-button-pdf\" target=\"_blank\" ><img decoding=\"async\" src=\"https:\/\/www.burks.de\/burksblog\/wp-content\/plugins\/pdf-print\/images\/pdf.png\" alt=\"image_pdf\" title=\"PDF anzeigen\" \/><\/a><a href=\"https:\/\/www.burks.de\/burksblog\/wp-json\/wp\/v2\/posts\/55998?print=print\" class=\"pdfprnt-button pdfprnt-button-print\" target=\"_blank\" ><img decoding=\"async\" src=\"https:\/\/www.burks.de\/burksblog\/wp-content\/plugins\/pdf-print\/images\/print.png\" alt=\"image_print\" title=\"Inhalt drucken\" \/><\/a><\/div><div class=\"twoclick_social_bookmarks_post_55998 social_share_privacy clearfix 1.6.4 locale-de_DE sprite-de_DE\"><\/div><div class=\"twoclick-js\"><script type=\"text\/javascript\">\/* <![CDATA[ *\/\njQuery(document).ready(function($){if($('.twoclick_social_bookmarks_post_55998')){$('.twoclick_social_bookmarks_post_55998').socialSharePrivacy({\"services\":{\"facebook\":{\"status\":\"on\",\"txt_info\":\"2 Klicks f\\u00fcr mehr Datenschutz: Erst wenn Sie hier klicken, wird der Button aktiv und Sie k\\u00f6nnen Ihre Empfehlung an Facebook senden. Schon beim Aktivieren werden Daten an Dritte \\u00fcbertragen - siehe <em>i<\\\/em>.\",\"perma_option\":\"off\",\"action\":\"recommend\",\"language\":\"de_DE\"},\"twitter\":{\"reply_to\":\"\",\"tweet_text\":\"%20Bund%20der%20Vertriebenen%2C%20arabische%20Version%20%C2%BB%20Burks%27%20Blog%20-%20in%20dubio%20pro%20...\",\"status\":\"on\",\"txt_info\":\"2 Klicks f\\u00fcr mehr Datenschutz: Erst wenn Sie hier klicken, wird der Button aktiv und Sie k\\u00f6nnen Ihre Empfehlung an Twitter senden. Schon beim Aktivieren werden Daten an Dritte \\u00fcbertragen - siehe <em>i<\\\/em>.\",\"perma_option\":\"off\",\"language\":\"de\",\"referrer_track\":\"\"}},\"txt_help\":\"Wenn Sie diese Felder durch einen Klick aktivieren, werden Informationen an Facebook, Twitter, Flattr, Xing, t3n, LinkedIn, Pinterest oder Google eventuell ins Ausland \\u00fcbertragen und unter Umst\\u00e4nden auch dort gespeichert. N\\u00e4heres erfahren Sie durch einen Klick auf das <em>i<\\\/em>.\",\"settings_perma\":\"Dauerhaft aktivieren und Daten\\u00fcber-tragung zustimmen:\",\"info_link\":\"http:\\\/\\\/www.heise.de\\\/ct\\\/artikel\\\/2-Klicks-fuer-mehr-Datenschutz-1333879.html\",\"uri\":\"https:\\\/\\\/www.burks.de\\\/burksblog\\\/2024\\\/01\\\/30\\\/bund-der-vertriebenen-arabische-version\",\"post_id\":55998,\"post_title_referrer_track\":\"Bund+der+Vertriebenen%2C+arabische+Version\",\"display_infobox\":\"on\"});}});\n\/* ]]> *\/<\/script><\/div>","protected":false},"excerpt":{"rendered":"<p>Die Enteignungsurkunde des Hofes meine Urgro\u00dfvaters in Westpreu\u00dfen. Die Geb\u00e4ude waren ohnehin 1943 abgebrannt. Arbeitshypothese: Die Deutschen mussten 1945 auch aus ihren ehemaligen Ostgebieten Schlesien, West- und Ostpreu\u00dfen sowie Wolhynien weichen, obwohl sie dort teilweise f\u00fcr mehrere Jahrhunderte siedelten. Also k\u00f6nnten das Araber auch. Sie fangen ja wie die Deutschen auch immer wieder den Krieg [&hellip;]<\/p>\n","protected":false},"author":1,"featured_media":0,"comment_status":"open","ping_status":"open","sticky":false,"template":"","format":"standard","meta":{"footnotes":""},"categories":[1365,15],"tags":[],"class_list":["post-55998","post","type-post","status-publish","format-standard","hentry","category-israel","category-politics"],"_links":{"self":[{"href":"https:\/\/www.burks.de\/burksblog\/wp-json\/wp\/v2\/posts\/55998","targetHints":{"allow":["GET"]}}],"collection":[{"href":"https:\/\/www.burks.de\/burksblog\/wp-json\/wp\/v2\/posts"}],"about":[{"href":"https:\/\/www.burks.de\/burksblog\/wp-json\/wp\/v2\/types\/post"}],"author":[{"embeddable":true,"href":"https:\/\/www.burks.de\/burksblog\/wp-json\/wp\/v2\/users\/1"}],"replies":[{"embeddable":true,"href":"https:\/\/www.burks.de\/burksblog\/wp-json\/wp\/v2\/comments?post=55998"}],"version-history":[{"count":1,"href":"https:\/\/www.burks.de\/burksblog\/wp-json\/wp\/v2\/posts\/55998\/revisions"}],"predecessor-version":[{"id":55999,"href":"https:\/\/www.burks.de\/burksblog\/wp-json\/wp\/v2\/posts\/55998\/revisions\/55999"}],"wp:attachment":[{"href":"https:\/\/www.burks.de\/burksblog\/wp-json\/wp\/v2\/media?parent=55998"}],"wp:term":[{"taxonomy":"category","embeddable":true,"href":"https:\/\/www.burks.de\/burksblog\/wp-json\/wp\/v2\/categories?post=55998"},{"taxonomy":"post_tag","embeddable":true,"href":"https:\/\/www.burks.de\/burksblog\/wp-json\/wp\/v2\/tags?post=55998"}],"curies":[{"name":"wp","href":"https:\/\/api.w.org\/{rel}","templated":true}]}}