{"id":54175,"date":"2023-10-12T21:59:20","date_gmt":"2023-10-12T19:59:20","guid":{"rendered":"https:\/\/www.burks.de\/burksblog\/?p=54175"},"modified":"2023-10-13T08:57:30","modified_gmt":"2023-10-13T06:57:30","slug":"reise-nach-jerusalem-4","status":"publish","type":"post","link":"https:\/\/www.burks.de\/burksblog\/2023\/10\/12\/reise-nach-jerusalem-4","title":{"rendered":"Reise nach Jerusalem 4"},"content":{"rendered":"<p><a href=\"https:\/\/www.burks.de\/burksblog\/pix\/2023\/10\/121023_4gr.jpg\"><img decoding=\"async\" src=\"https:\/\/www.burks.de\/burksblog\/pix\/2023\/10\/121023_4kl.jpg\" alt=\"jerusalem\" border=\"0\" hspace=\"0\" vspace=\"0\" width=\"480\"\/><\/a><br \/>\n<sup>Panorama Jerusalems von der <a hef=\"https:\/\/www.tod.org.il\/en\/de\/\">Aussichtsplattform<\/a> des <a href=\"https:\/\/www.tod.org.il\/en\/de\/\">Davidsturm Museums<\/a><\/sup><\/p>\n<p>Ja, die Deutschen lassen sich ausfliegen, und daf\u00fcr muss Israel unsere Au\u00dfenministerin ertragen, falls deren Flugzeug nicht kaputtgeht. Und Scholz <a href=\"https:\/\/www.youtube.com\/watch?v=zO12XFnu-3Y\">bek\u00e4mpft die Hamas<\/a>. das h\u00e4tte man schon vorher haben k\u00f6nnen. Jeder wei\u00df, dass die Hamas Israel <a href=\"https:\/\/www.ruhrbarone.de\/ziel-der-hamas-zivilisten-massakrieren\/224603\/\">ausl\u00f6schen will<\/a>. Ist ihm das erst jetzt aufgefallen? Ja, man kann die Hamas mit der SS vergleichen.<\/p>\n<p><a href=\"https:\/\/www.burks.de\/burksblog\/pix\/2023\/10\/121023_3gr.jpg\"><img decoding=\"async\" src=\"https:\/\/www.burks.de\/burksblog\/pix\/2023\/10\/121023_3kl.jpg\" alt=\"jerusalem\" border=\"0\" hspace=\"0\" vspace=\"0\" width=\"480\"\/><\/a><a href=\"https:\/\/www.burks.de\/burksblog\/pix\/2023\/10\/121023_5gr.jpg\"><img decoding=\"async\" src=\"https:\/\/www.burks.de\/burksblog\/pix\/2023\/10\/121023_5kl.jpg\" alt=\"jerusalem\" border=\"0\" hspace=\"0\" vspace=\"0\" width=\"480\"\/><\/a><\/p>\n<p>Auf meinem Programm stand heute das <a href=\"https:\/\/www.tod.org.il\/en\/de\/\">Davidsturm Museum<\/a>, das erfreulicherweise ge\u00f6ffnet hatte, sogar die Aussichtsplattform. Ich verbrachte dort mehrere Stunden. Dazu ein anderes Mal mehr. Die Israelis k\u00f6nnen Museen. Ich war schwer beeindruckt.<\/p>\n<p>Nachdem ich viel \u00fcber die Kreuzfahrer gesehen und geh\u00f6rt hatte, war mir nach dem christlichen Viertel in der Altstadt. Also auf zur <a href=\"https:\/\/de.wikipedia.org\/wiki\/Grabeskirche\">Grabeskirche<\/a> (Church of the Holy Sepulchre). Die ist zwar riesig, aber man findet den Eingang nicht. Ich bin zusammen mit einem britischen Globetrotter mehrfach im Kreis bzw. Viereck gelaufen &#8211; die verwinkelten G\u00e4nge haben sogar mehrere Etagen. Die Grabeskirche ist nat\u00fcrlich <i>Fake News<\/i>, aber immerhin aus dem 4. Jahrhundert, nur ein paar Jahre j\u00fcnger als die <a href=\"https:\/\/de.wikipedia.org\/wiki\/Liste_der_%C3%A4ltesten_Kirchen_der_Welt\">Haghia Sofia<\/a>.<\/p>\n<p><a href=\"https:\/\/www.burks.de\/burksblog\/pix\/2023\/10\/121023_6gr.jpg\"><img decoding=\"async\" src=\"https:\/\/www.burks.de\/burksblog\/pix\/2023\/10\/121023_6kl.jpg\" alt=\"jerusalem\" border=\"0\" hspace=\"0\" vspace=\"0\" width=\"480\"\/><\/a><a href=\"https:\/\/www.burks.de\/burksblog\/pix\/2023\/10\/121023_7gr.jpg\"><img decoding=\"async\" src=\"https:\/\/www.burks.de\/burksblog\/pix\/2023\/10\/121023_7kl.jpg\" alt=\"jerusalem\" border=\"0\" hspace=\"0\" vspace=\"0\" width=\"480\"\/><\/a><a href=\"https:\/\/www.burks.de\/burksblog\/pix\/2023\/10\/121023_8gr.jpg\"><img decoding=\"async\" src=\"https:\/\/www.burks.de\/burksblog\/pix\/2023\/10\/121023_8kl.jpg\" alt=\"jerusalem\" border=\"0\" hspace=\"0\" vspace=\"0\" width=\"480\"\/><\/a><\/p>\n<p><i>Im 17. Jahrhundert versuchten die sechs christlichen Konfessionen, die in der Grabeskirche vertreten waren, ihren Anteil am heiligen Bereich auf Kosten der anderen Gruppen auszudehnen. Griechen, Lateiner (Franziskanische Kustodie) und Armenier waren dabei auf Kosten der Kopten, Georgier und \u00c4thiopier erfolgreich. Georgier und \u00c4thiopier als die beiden \u00e4rmsten Kirchen verloren ihre Anspr\u00fcche und mussten auf das Dach bzw. in benachbarte Geb\u00e4ude ausweichen.<\/i><\/p>\n<p><a href=\"https:\/\/www.burks.de\/burksblog\/pix\/2023\/10\/121023_9gr.jpg\"><img decoding=\"async\" src=\"https:\/\/www.burks.de\/burksblog\/pix\/2023\/10\/121023_9kl.jpg\" alt=\"jerusalem\" border=\"0\" hspace=\"0\" vspace=\"0\" width=\"480\"\/><\/a><\/p>\n<p>Im Auftrag anderer Touristen musste (keine Ahnung, warum die sich nicht trauten) ich den schwarz gekleideten Herrn fragen, zu welcher Sorte der Verehrer h\u00f6herer Wesen der christlichen Art er sich z\u00e4hle (ich habe es anders formuliert). Griechisch-Orthodox war er.<\/p>\n<p><a href=\"https:\/\/www.burks.de\/burksblog\/pix\/2023\/10\/121023_10gr.jpg\"><img decoding=\"async\" src=\"https:\/\/www.burks.de\/burksblog\/pix\/2023\/10\/121023_10kl.jpg\" alt=\"jerusalem\" border=\"0\" hspace=\"0\" vspace=\"0\" width=\"480\"\/><\/a><a href=\"https:\/\/www.burks.de\/burksblog\/pix\/2023\/10\/121023_11gr.jpg\"><img decoding=\"async\" src=\"https:\/\/www.burks.de\/burksblog\/pix\/2023\/10\/121023_11kl.jpg\" alt=\"jerusalem\" border=\"0\" hspace=\"0\" vspace=\"0\" width=\"480\"\/><\/a><\/p>\n<p>Das ganze Geb\u00e4ude ist im Bau, und man kann nur einen Raum des r\u00f6misch-katholischen Teils sehen. Da kriechen die Gl\u00e4ubigen irgendwo herum und k\u00fcssen irgendwas. Ich wollte gar nicht genau wissen was.<\/p>\n<p><a href=\"https:\/\/www.burks.de\/burksblog\/pix\/2023\/10\/121023_12gr.jpg\"><img decoding=\"async\" src=\"https:\/\/www.burks.de\/burksblog\/pix\/2023\/10\/121023_12kl.jpg\" alt=\"jerusalem\" border=\"0\" hspace=\"0\" vspace=\"0\" width=\"480\"\/><\/a><\/p>\n<p>Morgen wird es hier vermutlich <a href=\"https:\/\/www.n-tv.de\/politik\/Freitag-der-Al-Aksa-Flut-in-Jerusalem-Hamas-ruft-Araber-und-Muslime-zur-Massenmobilisierung-auf-article24454078.html#:~:text=Nach%20dem%20Terrorangriff%20auf%20Israel%20und%20den%20darauffolgenden,teilte%20die%20Hamas%2C%20die%20im%20Gazastreifen%20herrscht%2C%20mit.\">Randale<\/a> geben (<a href=\"https:\/\/www.jpost.com\/breaking-news\/article-768019\">Jerusalem Post<\/a> dazu). Ich muss mir keine Steine an den Kopf werfen lassen, also auch nicht im arabischen Teil der Altstadt herumlaufen. Es ist jeder Winkel video\u00fcberwacht, aber das w\u00fcrde nichts nutzen. Ich lasse mich \u00fcberraschen.<\/p>\n<p>Heute gab es <a href=\"https:\/\/www.jpost.com\/breaking-news\/article-768003\">ein Attentat<\/a> genau dort, wo ich gestern war. <i>Police officers at the station shot and killed the terrorist. Police were conducting searches in the area to ensure that the terrorist did not have accomplices. The gates of the Old City were closed after the shooting, according to Palestinian reports.<\/i><\/p>\n<div class=\"pdfprnt-buttons pdfprnt-buttons-post pdfprnt-bottom-right\"><a href=\"https:\/\/www.burks.de\/burksblog\/wp-json\/wp\/v2\/posts\/54175?print=pdf\" class=\"pdfprnt-button pdfprnt-button-pdf\" target=\"_blank\" ><img decoding=\"async\" src=\"https:\/\/www.burks.de\/burksblog\/wp-content\/plugins\/pdf-print\/images\/pdf.png\" alt=\"image_pdf\" title=\"PDF anzeigen\" \/><\/a><a href=\"https:\/\/www.burks.de\/burksblog\/wp-json\/wp\/v2\/posts\/54175?print=print\" class=\"pdfprnt-button pdfprnt-button-print\" target=\"_blank\" ><img decoding=\"async\" src=\"https:\/\/www.burks.de\/burksblog\/wp-content\/plugins\/pdf-print\/images\/print.png\" alt=\"image_print\" title=\"Inhalt drucken\" \/><\/a><\/div><div class=\"twoclick_social_bookmarks_post_54175 social_share_privacy clearfix 1.6.4 locale-de_DE sprite-de_DE\"><\/div><div class=\"twoclick-js\"><script type=\"text\/javascript\">\/* <![CDATA[ *\/\njQuery(document).ready(function($){if($('.twoclick_social_bookmarks_post_54175')){$('.twoclick_social_bookmarks_post_54175').socialSharePrivacy({\"services\":{\"facebook\":{\"status\":\"on\",\"txt_info\":\"2 Klicks f\\u00fcr mehr Datenschutz: Erst wenn Sie hier klicken, wird der Button aktiv und Sie k\\u00f6nnen Ihre Empfehlung an Facebook senden. Schon beim Aktivieren werden Daten an Dritte \\u00fcbertragen - siehe <em>i<\\\/em>.\",\"perma_option\":\"off\",\"action\":\"recommend\",\"language\":\"de_DE\"},\"twitter\":{\"reply_to\":\"\",\"tweet_text\":\"%20Reise%20nach%20Jerusalem%204%20%C2%BB%20Burks%27%20Blog%20-%20in%20dubio%20pro%20contra.%20De%20omnibus%20...\",\"status\":\"on\",\"txt_info\":\"2 Klicks f\\u00fcr mehr Datenschutz: Erst wenn Sie hier klicken, wird der Button aktiv und Sie k\\u00f6nnen Ihre Empfehlung an Twitter senden. Schon beim Aktivieren werden Daten an Dritte \\u00fcbertragen - siehe <em>i<\\\/em>.\",\"perma_option\":\"off\",\"language\":\"de\",\"referrer_track\":\"\"}},\"txt_help\":\"Wenn Sie diese Felder durch einen Klick aktivieren, werden Informationen an Facebook, Twitter, Flattr, Xing, t3n, LinkedIn, Pinterest oder Google eventuell ins Ausland \\u00fcbertragen und unter Umst\\u00e4nden auch dort gespeichert. N\\u00e4heres erfahren Sie durch einen Klick auf das <em>i<\\\/em>.\",\"settings_perma\":\"Dauerhaft aktivieren und Daten\\u00fcber-tragung zustimmen:\",\"info_link\":\"http:\\\/\\\/www.heise.de\\\/ct\\\/artikel\\\/2-Klicks-fuer-mehr-Datenschutz-1333879.html\",\"uri\":\"https:\\\/\\\/www.burks.de\\\/burksblog\\\/2023\\\/10\\\/12\\\/reise-nach-jerusalem-4\",\"post_id\":54175,\"post_title_referrer_track\":\"Reise+nach+Jerusalem+4\",\"display_infobox\":\"on\"});}});\n\/* ]]> *\/<\/script><\/div>","protected":false},"excerpt":{"rendered":"<p>Panorama Jerusalems von der Aussichtsplattform des Davidsturm Museums Ja, die Deutschen lassen sich ausfliegen, und daf\u00fcr muss Israel unsere Au\u00dfenministerin ertragen, falls deren Flugzeug nicht kaputtgeht. Und Scholz bek\u00e4mpft die Hamas. das h\u00e4tte man schon vorher haben k\u00f6nnen. Jeder wei\u00df, dass die Hamas Israel ausl\u00f6schen will. Ist ihm das erst jetzt aufgefallen? Ja, man kann [&hellip;]<\/p>\n","protected":false},"author":1,"featured_media":0,"comment_status":"open","ping_status":"open","sticky":false,"template":"","format":"standard","meta":{"footnotes":""},"categories":[1365,15],"tags":[],"class_list":["post-54175","post","type-post","status-publish","format-standard","hentry","category-israel","category-politics"],"_links":{"self":[{"href":"https:\/\/www.burks.de\/burksblog\/wp-json\/wp\/v2\/posts\/54175","targetHints":{"allow":["GET"]}}],"collection":[{"href":"https:\/\/www.burks.de\/burksblog\/wp-json\/wp\/v2\/posts"}],"about":[{"href":"https:\/\/www.burks.de\/burksblog\/wp-json\/wp\/v2\/types\/post"}],"author":[{"embeddable":true,"href":"https:\/\/www.burks.de\/burksblog\/wp-json\/wp\/v2\/users\/1"}],"replies":[{"embeddable":true,"href":"https:\/\/www.burks.de\/burksblog\/wp-json\/wp\/v2\/comments?post=54175"}],"version-history":[{"count":10,"href":"https:\/\/www.burks.de\/burksblog\/wp-json\/wp\/v2\/posts\/54175\/revisions"}],"predecessor-version":[{"id":54185,"href":"https:\/\/www.burks.de\/burksblog\/wp-json\/wp\/v2\/posts\/54175\/revisions\/54185"}],"wp:attachment":[{"href":"https:\/\/www.burks.de\/burksblog\/wp-json\/wp\/v2\/media?parent=54175"}],"wp:term":[{"taxonomy":"category","embeddable":true,"href":"https:\/\/www.burks.de\/burksblog\/wp-json\/wp\/v2\/categories?post=54175"},{"taxonomy":"post_tag","embeddable":true,"href":"https:\/\/www.burks.de\/burksblog\/wp-json\/wp\/v2\/tags?post=54175"}],"curies":[{"name":"wp","href":"https:\/\/api.w.org\/{rel}","templated":true}]}}