{"id":54093,"date":"2023-10-07T13:47:54","date_gmt":"2023-10-07T11:47:54","guid":{"rendered":"https:\/\/www.burks.de\/burksblog\/?p=54093"},"modified":"2025-09-06T03:28:03","modified_gmt":"2025-09-06T01:28:03","slug":"54093","status":"publish","type":"post","link":"https:\/\/www.burks.de\/burksblog\/2023\/10\/07\/54093","title":{"rendered":"Im Nahen Osten nichts Neues"},"content":{"rendered":"<p><a href=\"https:\/\/www.elal.com\/en\/UK\/Pages\/default.aspx\"><img decoding=\"async\" src=\"https:\/\/www.burks.de\/burksblog\/pix\/2023\/10\/071023_1.jpg\" alt=\"el al\" border=\"0\" hspace=\"0\" vspace=\"0\" width=\"480\"\/><\/a><\/p>\n<p>Business as usual, sagt mir El Al, und <i>good afternoon<\/i>, wir fliegen. Und ich nat\u00fcrlich auch. Wer \u00e4ngstlich ist, kriegt sein Geld zur\u00fcck. Sch\u00f6n, dann habe ich das Flugzeug f\u00fcr mich allein. Jetzt erst recht. Fuck the Hamas. Hoffentlich marschiert die IDF da ein und macht dem Spuk ein Ende.<\/p>\n<p>Ich muss heute packen und noch viel erledigen und kann nicht viel bloggen. Zum Einstimmen hier drei Zitate aus Tom Segevs: <a href=\"https:\/\/www.amazon.de\/dp\/3498062441\/ref=nosim?tag=burkhardschroder\">Die siebte Million<\/a> &#8211; Der Holocaust und Israels Politik der Erinnerung (Reinbek 1995).<\/p>\n<p><i><a href=\"https:\/\/de.wikipedia.org\/wiki\/Hannah_Arendt\">Hannah Arendt<\/a> hat ihre j\u00fcdische Herkunft nie verleugnet und nach ihrem Weggang aus Deutschland sogar eine Zeitlang in den B\u00fcros der Zionistischen Organisation in Paris gearbeitet. Schon recht bald jedoch geh\u00f6rte sie zu jenen j\u00fcdischen Intellektuellen, denen Ben Gurions Israel unbehaglich oder sogar fremd war. Nicht allein der extreme Nationalismus stie\u00df bei ihr auf Kritik: Der j\u00fcdische Staat, hie\u00df es, sei rassistisch, zu religi\u00f6s, im israelisch-arabischen Konflikt nicht kompromissbereit, nicht liberal genug bei der Behandlung der arabischen Minderheit, arrogant gegen\u00fcber Juden, die lieber im Ausland lebten, und schnell bei der Hand, sich eine besonders hochstehende Moral zuzuschreiben. Arendt leugnete Israels Existenzberechtigung nicht, aber sie hegte keine Sympathien f\u00fcr gewisse ideologische Voraussetzungen des Zionismus. (S. 472)<\/i><\/p>\n<p>Das Zitat bezieht sich auf den <a href=\"https:\/\/de.wikipedia.org\/wiki\/Hannah_Arendt#Prozessberichterstattung_und_nachfolgende_Kontroversen\">Eichmann-Prozess<\/a>, \u00fcber den sie ihr bekanntestes Buch geschrieben hat &#8211; &#8222;<a href=\"https:\/\/de.wikipedia.org\/wiki\/Eichmann_in_Jerusalem\">Eichmann in Jerusalem. Ein Bericht von der Banalit\u00e4t des B\u00f6sen<\/a>&#8220; (1963). Arendts Haltung ist meines Erachtens auch typisch f\u00fcr eine bestimme Fraktion der israelischen Linken, die mittlerweile politisch bedeutungslos ist, weil sie keine Antwort auf die realen Probleme hatte und hat, also ganz wie die deutsche &#8222;Linke&#8220;.<\/p>\n<p><i>Sie w\u00e4ren imstande, uns schon morgen hier in unserem eigenen Land abzuschlachten\u00bb, warnte Ben Gurion seine Parteigenossen w\u00e4hrend einer Debatte \u00fcber die Reparationszahlungen. Diesen Punkt f\u00fchrte er besonders den Holocaust-\u00dcberlebenden eindringlich vor Augen. \u00abWir wollen nicht wieder in die Simmation gelangen, in der Sie sich befunden haben. Wir wollen nicht, da\u00df die arabischen Nazis kommen und uns umbringen.\u00bb* W\u00e4hrend der hitzigen Debatte \u00fcber die Waffenverk\u00e4ufe an Deutschland sagte Mosche Dajan: \u00abDas historische Erbe der sechs Millionen &#8211; der historische Imperativ, den sie uns hinterlassen haben -, besteht in der Aufgabe sicherzustellen, da\u00df so etwas nie wieder geschehen wird.\u00bb Das Volk von Israel trage daf\u00fcr, so sagte er, eine gr\u00f6\u00dfere Verantwortung als jede andere j\u00fcdische Gemeinschaft, nicht nur, weil es den Staat sch\u00fctzen m\u00fcsse, sondern auch aus einem einfacheren Grund: Es sei derzeit die einzige Gemeinschaft von Juden, deren Feinde aktiv ihre Zerst\u00f6rung planten.** Wer diese Meinung vertrat, sammelte nicht nur Punkte in der politischen Auseinandersetzung, sondern artikulierte gleichzeitig auch fundamentale Aspekte des israelischen Selbstverst\u00e4ndnisses und der israelischen Verteidigungsdoktrin; Alles kann geschehen, und wenn es geschieht, wird Israel auf sich allein gestellt sein, Deshalb kann der israelische Staat es sich nicht leisten, auf Waffen zu verzichten, sondern muss nehmen, was er bekommt.<\/i><\/p>\n<p><i>Anfang 1979 erkl\u00e4rte <a href=\"https:\/\/en.wikipedia.org\/wiki\/Charlie_Biton\">Charlie Biton<\/a>, ein junger Jerusalemer Aktivist marokkanischer Abstammung, der als Kommunist in die Knesset gew\u00e4hlt worden war: \u00abAntisemitismus entstand im industriellen Europa. In Marokko gab es keinen Antisemitismus. Die europ\u00e4ischen Juden waren eine Ausbeuterklasse, und in Israel sind sie das genauso. Die zionistische Bewegung kam hierher und verwandelte dieses Land in einen Ableger Europas.\u00bb Sp\u00e4ter nahm Biton diese \u00c4u\u00dferung zu r\u00fcck, doch bis dahin wurde sie als Verteidigung des V\u00f6lkermords an den Juden interpretiert.<\/i><\/p>\n<p><i>Mitglieder der Regierungskoalition betonten manchmal, wie wichtig es sei, die orientalischen Juden auch als Opfer des Holocaust zu sehen; die Schulb\u00fccher wurden schlie\u00dflich dahingehend ge\u00e4ndert. Doch solche Bem\u00fchungen konnten die Arbeiterbewegung nicht mehr retten. <a href=\"https:\/\/en.wikipedia.org\/wiki\/Menachem_Begin\">Begin<\/a> verstand die Belange der orientalischen W\u00e4hler besser als die Regierung, und er brachte sie dazu, den Mitte-Rechts-Block (<a href=\"https:\/\/en.wikipedia.org\/wiki\/Likud\">Likud<\/a>) zu unterst\u00fctzen, der 1973 gebildet worden war. Begins Partei, die <a href=\"https:\/\/de.wikipedia.org\/wiki\/Cherut\">Cherut<\/a>, bildete die st\u00e4rkste Komponente des Likud. Er setzte vor allem auf demagogische Volksn\u00e4he und Nationalbewusstsein. Indem er versprach, die <a href=\"https:\/\/en.wikipedia.org\/wiki\/West_Bank\">West Bank<\/a> nie aufzugeben, stellte er den orientalischen Juden nicht nur Sicherheit und die Verwirklichung eines nationalen Traums in Aussicht, sondern versprach ihnen gleichzeitig den sozialen Aufstieg. Nicht die orientalischen Juden, sondern die Pal\u00e4stinenser in den besetzten Gebieten standen am Fu\u00df der sozialen Leiter, und solange die Besetzung anhielt, w\u00fcrden die Orientalen nicht auf den niedrigsten Status absinken, Begin gelang es, den orientalischen Juden \u2014 und vor allem den Einwanderern aus Nordafrika das Gef\u00fchl zu vermitteln, er respektiere ihre Kultur. Er gab ihnen ihr wichtigstes Gut zur\u00fcck, das ihnen die Arbeiterbewegung genommen hatte: die Selbstachtung. Dadurch lie\u00df er sie an etwas teilhaben, das bisher ein Privileg der Aschkenasim gewesen war &#8211; Erbe des Holocaust.<\/i><\/p>\n<p>Das ist fast eine marxistische Klassenanalyse. Vermutlich ist sie korrekt. Alles, was heute in Israel diskutiert wird, war damals schon Thema.<\/p>\n<p>Ceterum censeo: Man h\u00e4tte <a href=\"https:\/\/www.jewiki.net\/wiki\/Israels_einseitiger_Abkoppelungsplan\">Gaza, Galil\u00e4 und Samaria nie r\u00e4umen sollen<\/a>, aber Israel hatte damals kaum eine andere Wahl, weil die <a href=\"https:\/\/www.jewiki.net\/wiki\/Roadmap_(Nahostkonflikt)\">Gro\u00dfm\u00e4chte nicht mitgespielt h\u00e4tten<\/a>.<br \/>\n_______________________________________________________<br \/>\n<sup>*David ben Gurion im ZK der <a href=\"https:\/\/de.wikipedia.org\/wiki\/Awoda\">Mapai<\/a>, AAP (Archiv der Arbeiterpartei, Bet Berl, Zofit), 28.06.1995, 23\/59, S. 487<\/sup><br \/>\n<sup>**Mosche Dajan im ZK ded Mapai, dito<\/sup><\/p>\n<p><a href=\"https:\/\/www.amazon.de\/dp\/B01E8WLXI8\/ref=nosim?tag=burkhardschroder\"><img decoding=\"async\" src=\"https:\/\/www.burks.de\/burksblog\/pix\/2023\/10\/071023_2.jpg\" alt=\"tasmanian tiger\" border=\"0\" hspace=\"0\" vspace=\"0\" width=\"480\"\/><\/a><\/p>\n<div class=\"pdfprnt-buttons pdfprnt-buttons-post pdfprnt-bottom-right\"><a href=\"https:\/\/www.burks.de\/burksblog\/wp-json\/wp\/v2\/posts\/54093?print=pdf\" class=\"pdfprnt-button pdfprnt-button-pdf\" target=\"_blank\" ><img decoding=\"async\" src=\"https:\/\/www.burks.de\/burksblog\/wp-content\/plugins\/pdf-print\/images\/pdf.png\" alt=\"image_pdf\" title=\"PDF anzeigen\" \/><\/a><a href=\"https:\/\/www.burks.de\/burksblog\/wp-json\/wp\/v2\/posts\/54093?print=print\" class=\"pdfprnt-button pdfprnt-button-print\" target=\"_blank\" ><img decoding=\"async\" src=\"https:\/\/www.burks.de\/burksblog\/wp-content\/plugins\/pdf-print\/images\/print.png\" alt=\"image_print\" title=\"Inhalt drucken\" \/><\/a><\/div><div class=\"twoclick_social_bookmarks_post_54093 social_share_privacy clearfix 1.6.4 locale-de_DE sprite-de_DE\"><\/div><div class=\"twoclick-js\"><script type=\"text\/javascript\">\/* <![CDATA[ *\/\njQuery(document).ready(function($){if($('.twoclick_social_bookmarks_post_54093')){$('.twoclick_social_bookmarks_post_54093').socialSharePrivacy({\"services\":{\"facebook\":{\"status\":\"on\",\"txt_info\":\"2 Klicks f\\u00fcr mehr Datenschutz: Erst wenn Sie hier klicken, wird der Button aktiv und Sie k\\u00f6nnen Ihre Empfehlung an Facebook senden. Schon beim Aktivieren werden Daten an Dritte \\u00fcbertragen - siehe <em>i<\\\/em>.\",\"perma_option\":\"off\",\"action\":\"recommend\",\"language\":\"de_DE\"},\"twitter\":{\"reply_to\":\"\",\"tweet_text\":\"%20Im%20Nahen%20Osten%20nichts%20Neues%20%C2%BB%20Burks%27%20Blog%20-%20in%20dubio%20pro%20contra.%20De%20...\",\"status\":\"on\",\"txt_info\":\"2 Klicks f\\u00fcr mehr Datenschutz: Erst wenn Sie hier klicken, wird der Button aktiv und Sie k\\u00f6nnen Ihre Empfehlung an Twitter senden. Schon beim Aktivieren werden Daten an Dritte \\u00fcbertragen - siehe <em>i<\\\/em>.\",\"perma_option\":\"off\",\"language\":\"de\",\"referrer_track\":\"\"}},\"txt_help\":\"Wenn Sie diese Felder durch einen Klick aktivieren, werden Informationen an Facebook, Twitter, Flattr, Xing, t3n, LinkedIn, Pinterest oder Google eventuell ins Ausland \\u00fcbertragen und unter Umst\\u00e4nden auch dort gespeichert. N\\u00e4heres erfahren Sie durch einen Klick auf das <em>i<\\\/em>.\",\"settings_perma\":\"Dauerhaft aktivieren und Daten\\u00fcber-tragung zustimmen:\",\"info_link\":\"http:\\\/\\\/www.heise.de\\\/ct\\\/artikel\\\/2-Klicks-fuer-mehr-Datenschutz-1333879.html\",\"uri\":\"https:\\\/\\\/www.burks.de\\\/burksblog\\\/2023\\\/10\\\/07\\\/54093\",\"post_id\":54093,\"post_title_referrer_track\":\"Im+Nahen+Osten+nichts+Neues\",\"display_infobox\":\"on\"});}});\n\/* ]]> *\/<\/script><\/div>","protected":false},"excerpt":{"rendered":"<p>Business as usual, sagt mir El Al, und good afternoon, wir fliegen. Und ich nat\u00fcrlich auch. Wer \u00e4ngstlich ist, kriegt sein Geld zur\u00fcck. Sch\u00f6n, dann habe ich das Flugzeug f\u00fcr mich allein. Jetzt erst recht. Fuck the Hamas. Hoffentlich marschiert die IDF da ein und macht dem Spuk ein Ende. Ich muss heute packen und [&hellip;]<\/p>\n","protected":false},"author":1,"featured_media":0,"comment_status":"open","ping_status":"open","sticky":false,"template":"","format":"standard","meta":{"footnotes":""},"categories":[22,1365],"tags":[],"class_list":["post-54093","post","type-post","status-publish","format-standard","hentry","category-hausmitteilung","category-israel"],"_links":{"self":[{"href":"https:\/\/www.burks.de\/burksblog\/wp-json\/wp\/v2\/posts\/54093","targetHints":{"allow":["GET"]}}],"collection":[{"href":"https:\/\/www.burks.de\/burksblog\/wp-json\/wp\/v2\/posts"}],"about":[{"href":"https:\/\/www.burks.de\/burksblog\/wp-json\/wp\/v2\/types\/post"}],"author":[{"embeddable":true,"href":"https:\/\/www.burks.de\/burksblog\/wp-json\/wp\/v2\/users\/1"}],"replies":[{"embeddable":true,"href":"https:\/\/www.burks.de\/burksblog\/wp-json\/wp\/v2\/comments?post=54093"}],"version-history":[{"count":5,"href":"https:\/\/www.burks.de\/burksblog\/wp-json\/wp\/v2\/posts\/54093\/revisions"}],"predecessor-version":[{"id":61510,"href":"https:\/\/www.burks.de\/burksblog\/wp-json\/wp\/v2\/posts\/54093\/revisions\/61510"}],"wp:attachment":[{"href":"https:\/\/www.burks.de\/burksblog\/wp-json\/wp\/v2\/media?parent=54093"}],"wp:term":[{"taxonomy":"category","embeddable":true,"href":"https:\/\/www.burks.de\/burksblog\/wp-json\/wp\/v2\/categories?post=54093"},{"taxonomy":"post_tag","embeddable":true,"href":"https:\/\/www.burks.de\/burksblog\/wp-json\/wp\/v2\/tags?post=54093"}],"curies":[{"name":"wp","href":"https:\/\/api.w.org\/{rel}","templated":true}]}}