{"id":529,"date":"2008-05-10T22:13:01","date_gmt":"2008-05-10T20:13:01","guid":{"rendered":"http:\/\/www.burks.de\/burksblog\/2008\/05\/10\/jahresstatistik-tk-uberwachung\/"},"modified":"2008-05-10T22:25:36","modified_gmt":"2008-05-10T20:25:36","slug":"jahresstatistik-tk-uberwachung","status":"publish","type":"post","link":"https:\/\/www.burks.de\/burksblog\/2008\/05\/10\/jahresstatistik-tk-uberwachung","title":{"rendered":"Jahresstatistik TK-\u00dcberwachung"},"content":{"rendered":"<p><a href=\"http:\/\/www.bundesnetzagentur.de\/enid\/e2d0aa8290ccd1e905290a53541f8fbb,0\/Presse\/Pressemitteilungen_d2.html#13853\">Bundesnetzagentur<\/a>: &#8222;Die Bundesnetzagentur hat heute in ihrem Amtsblatt die Jahresstatistik 2007 der strafprozessualen \u00dcberwachungsma\u00dfnahmen der Telekommunikation gem\u00e4\u00df \u00a7 110 Abs. 8 Telekommunikationsgesetz (TKG) ver\u00f6ffentlicht. Danach wurden von den Gerichten im letzten Jahr 38.386 Anordnungen zur \u00dcberwachung der Telekommunikation sowie 7.603 Verl\u00e4ngerungsanordnungen erlassen. Die Anordnungen betrafen 39.200 Rufnummern von Mobiltelefonanschl\u00fcssen und 5.078 Rufnummern von Festnetzanschl\u00fcssen (analog und ISDN).(&#8230;) Im Mobilfunkbereich ist ein anhaltender Anstieg der \u00dcberwachungsma\u00dfnahmen zu verzeichnen, der generell auf Teilnehmerzuw\u00e4chse zur\u00fcckzuf\u00fchren ist. Besonders im Jahr 2007 zog eine Zunahme der Mobiltelefonteilnehmer von \u00fcber 13 Prozent einen entsprechend steileren Anstieg der \u00dcberwachungsma\u00dfnahmen im Vergleich zu den Vorjahren nach sich. Im Festnetzbereich wurde ein leichter R\u00fcckgang der \u00dcberwachungsma\u00dfnahmen analog zum Jahr 2006 beobachtet.&#8220;<\/p>\n<div class=\"pdfprnt-buttons pdfprnt-buttons-post pdfprnt-bottom-right\"><a href=\"https:\/\/www.burks.de\/burksblog\/wp-json\/wp\/v2\/posts\/529?print=pdf\" class=\"pdfprnt-button pdfprnt-button-pdf\" target=\"_blank\" ><img decoding=\"async\" src=\"https:\/\/www.burks.de\/burksblog\/wp-content\/plugins\/pdf-print\/images\/pdf.png\" alt=\"image_pdf\" title=\"PDF anzeigen\" \/><\/a><a href=\"https:\/\/www.burks.de\/burksblog\/wp-json\/wp\/v2\/posts\/529?print=print\" class=\"pdfprnt-button pdfprnt-button-print\" target=\"_blank\" ><img decoding=\"async\" src=\"https:\/\/www.burks.de\/burksblog\/wp-content\/plugins\/pdf-print\/images\/print.png\" alt=\"image_print\" title=\"Inhalt drucken\" \/><\/a><\/div><div class=\"twoclick_social_bookmarks_post_529 social_share_privacy clearfix 1.6.4 locale-de_DE sprite-de_DE\"><\/div><div class=\"twoclick-js\"><script type=\"text\/javascript\">\/* <![CDATA[ *\/\njQuery(document).ready(function($){if($('.twoclick_social_bookmarks_post_529')){$('.twoclick_social_bookmarks_post_529').socialSharePrivacy({\"services\":{\"facebook\":{\"status\":\"on\",\"txt_info\":\"2 Klicks f\\u00fcr mehr Datenschutz: Erst wenn Sie hier klicken, wird der Button aktiv und Sie k\\u00f6nnen Ihre Empfehlung an Facebook senden. Schon beim Aktivieren werden Daten an Dritte \\u00fcbertragen - siehe <em>i<\\\/em>.\",\"perma_option\":\"off\",\"action\":\"recommend\",\"language\":\"de_DE\"},\"twitter\":{\"reply_to\":\"\",\"tweet_text\":\"%20Jahresstatistik%20TK-%C3%9Cberwachung%20%C2%BB%20Burks%27%20Blog%20-%20in%20dubio%20pro%20contra.%20De%20...\",\"status\":\"on\",\"txt_info\":\"2 Klicks f\\u00fcr mehr Datenschutz: Erst wenn Sie hier klicken, wird der Button aktiv und Sie k\\u00f6nnen Ihre Empfehlung an Twitter senden. Schon beim Aktivieren werden Daten an Dritte \\u00fcbertragen - siehe <em>i<\\\/em>.\",\"perma_option\":\"off\",\"language\":\"de\",\"referrer_track\":\"\"}},\"txt_help\":\"Wenn Sie diese Felder durch einen Klick aktivieren, werden Informationen an Facebook, Twitter, Flattr, Xing, t3n, LinkedIn, Pinterest oder Google eventuell ins Ausland \\u00fcbertragen und unter Umst\\u00e4nden auch dort gespeichert. N\\u00e4heres erfahren Sie durch einen Klick auf das <em>i<\\\/em>.\",\"settings_perma\":\"Dauerhaft aktivieren und Daten\\u00fcber-tragung zustimmen:\",\"info_link\":\"http:\\\/\\\/www.heise.de\\\/ct\\\/artikel\\\/2-Klicks-fuer-mehr-Datenschutz-1333879.html\",\"uri\":\"https:\\\/\\\/www.burks.de\\\/burksblog\\\/2008\\\/05\\\/10\\\/jahresstatistik-tk-uberwachung\",\"post_id\":529,\"post_title_referrer_track\":\"Jahresstatistik+TK-%C3%9Cberwachung\",\"display_infobox\":\"on\"});}});\n\/* ]]> *\/<\/script><\/div>","protected":false},"excerpt":{"rendered":"<p>Bundesnetzagentur: &#8222;Die Bundesnetzagentur hat heute in ihrem Amtsblatt die Jahresstatistik 2007 der strafprozessualen \u00dcberwachungsma\u00dfnahmen der Telekommunikation gem\u00e4\u00df \u00a7 110 Abs. 8 Telekommunikationsgesetz (TKG) ver\u00f6ffentlicht. Danach wurden von den Gerichten im letzten Jahr 38.386 Anordnungen zur \u00dcberwachung der Telekommunikation sowie 7.603 Verl\u00e4ngerungsanordnungen erlassen. Die Anordnungen betrafen 39.200 Rufnummern von Mobiltelefonanschl\u00fcssen und 5.078 Rufnummern von Festnetzanschl\u00fcssen (analog [&hellip;]<\/p>\n","protected":false},"author":1,"featured_media":0,"comment_status":"open","ping_status":"open","sticky":false,"template":"","format":"standard","meta":{"footnotes":""},"categories":[31],"tags":[],"class_list":["post-529","post","type-post","status-publish","format-standard","hentry","category-protect-your-privacy"],"_links":{"self":[{"href":"https:\/\/www.burks.de\/burksblog\/wp-json\/wp\/v2\/posts\/529","targetHints":{"allow":["GET"]}}],"collection":[{"href":"https:\/\/www.burks.de\/burksblog\/wp-json\/wp\/v2\/posts"}],"about":[{"href":"https:\/\/www.burks.de\/burksblog\/wp-json\/wp\/v2\/types\/post"}],"author":[{"embeddable":true,"href":"https:\/\/www.burks.de\/burksblog\/wp-json\/wp\/v2\/users\/1"}],"replies":[{"embeddable":true,"href":"https:\/\/www.burks.de\/burksblog\/wp-json\/wp\/v2\/comments?post=529"}],"version-history":[{"count":0,"href":"https:\/\/www.burks.de\/burksblog\/wp-json\/wp\/v2\/posts\/529\/revisions"}],"wp:attachment":[{"href":"https:\/\/www.burks.de\/burksblog\/wp-json\/wp\/v2\/media?parent=529"}],"wp:term":[{"taxonomy":"category","embeddable":true,"href":"https:\/\/www.burks.de\/burksblog\/wp-json\/wp\/v2\/categories?post=529"},{"taxonomy":"post_tag","embeddable":true,"href":"https:\/\/www.burks.de\/burksblog\/wp-json\/wp\/v2\/tags?post=529"}],"curies":[{"name":"wp","href":"https:\/\/api.w.org\/{rel}","templated":true}]}}