{"id":51454,"date":"2023-04-10T12:05:48","date_gmt":"2023-04-10T10:05:48","guid":{"rendered":"https:\/\/www.burks.de\/burksblog\/?p=51454"},"modified":"2023-04-10T12:05:49","modified_gmt":"2023-04-10T10:05:49","slug":"antares","status":"publish","type":"post","link":"https:\/\/www.burks.de\/burksblog\/2023\/04\/10\/antares","title":{"rendered":"Antares"},"content":{"rendered":"<p><a href=\"https:\/\/www.burks.de\/burksblog\/pix\/2023\/04\/100423_1gr.jpg\"><img decoding=\"async\" src=\"https:\/\/www.burks.de\/burksblog\/pix\/2023\/04\/100423_1kl.jpg\" alt=\"antares\" border=\"0\" hspace=\"0\" vspace=\"0\" width=\"480\"\/><\/a><\/p>\n<p>Mein Kater Antares, aufgenommen in meiner Wohnung in Berlin-Sch\u00f6neberg 1976. Der andere Kater hie\u00df \u00fcbrigens <a href=\"https:\/\/www.burks.de\/burksblog\/2008\/02\/29\/felis-antares\">Salami<\/a>. Damals wohnte ich am <a href=\"http:\/\/maps.google.com\/maps?f=q&amp;hl=de&amp;geocode=&amp;q=Germany+Berlin+willmanndamm+13a&amp;sll=37.0625,-95.677068&amp;sspn=56.375007,110.390625&amp;ie=UTF8&amp;ll=52.490372,13.361878&amp;spn=0.00067,0.001684&amp;t=h&amp;z=20\">Willmanndamm<\/a> am Kleistpark (die Wohnung hatte mir ein Mitglied der <a href=\"https:\/\/de.wikipedia.org\/wiki\/Kommunistische_Partei_Deutschlands\/Marxisten-Leninisten\">KPD\/ML<\/a> \u00fcberlassen, obwohl wir eigentlich politisch verfeindet waren, vgl. Volksfront von Jud\u00e4a vs. Jud\u00e4ische Volksfront usw.).<\/p>\n<div class=\"pdfprnt-buttons pdfprnt-buttons-post pdfprnt-bottom-right\"><a href=\"https:\/\/www.burks.de\/burksblog\/wp-json\/wp\/v2\/posts\/51454?print=pdf\" class=\"pdfprnt-button pdfprnt-button-pdf\" target=\"_blank\" ><img decoding=\"async\" src=\"https:\/\/www.burks.de\/burksblog\/wp-content\/plugins\/pdf-print\/images\/pdf.png\" alt=\"image_pdf\" title=\"PDF anzeigen\" \/><\/a><a href=\"https:\/\/www.burks.de\/burksblog\/wp-json\/wp\/v2\/posts\/51454?print=print\" class=\"pdfprnt-button pdfprnt-button-print\" target=\"_blank\" ><img decoding=\"async\" src=\"https:\/\/www.burks.de\/burksblog\/wp-content\/plugins\/pdf-print\/images\/print.png\" alt=\"image_print\" title=\"Inhalt drucken\" \/><\/a><\/div><div class=\"twoclick_social_bookmarks_post_51454 social_share_privacy clearfix 1.6.4 locale-de_DE sprite-de_DE\"><\/div><div class=\"twoclick-js\"><script type=\"text\/javascript\">\/* <![CDATA[ *\/\njQuery(document).ready(function($){if($('.twoclick_social_bookmarks_post_51454')){$('.twoclick_social_bookmarks_post_51454').socialSharePrivacy({\"services\":{\"facebook\":{\"status\":\"on\",\"txt_info\":\"2 Klicks f\\u00fcr mehr Datenschutz: Erst wenn Sie hier klicken, wird der Button aktiv und Sie k\\u00f6nnen Ihre Empfehlung an Facebook senden. Schon beim Aktivieren werden Daten an Dritte \\u00fcbertragen - siehe <em>i<\\\/em>.\",\"perma_option\":\"off\",\"action\":\"recommend\",\"language\":\"de_DE\"},\"twitter\":{\"reply_to\":\"\",\"tweet_text\":\"Antares%20%C2%BB%20Burks%27%20Blog%20-%20in%20dubio%20pro%20contra.%20De%20omnibus%20dubitandum.\",\"status\":\"on\",\"txt_info\":\"2 Klicks f\\u00fcr mehr Datenschutz: Erst wenn Sie hier klicken, wird der Button aktiv und Sie k\\u00f6nnen Ihre Empfehlung an Twitter senden. Schon beim Aktivieren werden Daten an Dritte \\u00fcbertragen - siehe <em>i<\\\/em>.\",\"perma_option\":\"off\",\"language\":\"de\",\"referrer_track\":\"\"}},\"txt_help\":\"Wenn Sie diese Felder durch einen Klick aktivieren, werden Informationen an Facebook, Twitter, Flattr, Xing, t3n, LinkedIn, Pinterest oder Google eventuell ins Ausland \\u00fcbertragen und unter Umst\\u00e4nden auch dort gespeichert. N\\u00e4heres erfahren Sie durch einen Klick auf das <em>i<\\\/em>.\",\"settings_perma\":\"Dauerhaft aktivieren und Daten\\u00fcber-tragung zustimmen:\",\"info_link\":\"http:\\\/\\\/www.heise.de\\\/ct\\\/artikel\\\/2-Klicks-fuer-mehr-Datenschutz-1333879.html\",\"uri\":\"https:\\\/\\\/www.burks.de\\\/burksblog\\\/2023\\\/04\\\/10\\\/antares\",\"post_id\":51454,\"post_title_referrer_track\":\"Antares\",\"display_infobox\":\"on\"});}});\n\/* ]]> *\/<\/script><\/div>","protected":false},"excerpt":{"rendered":"<p>Mein Kater Antares, aufgenommen in meiner Wohnung in Berlin-Sch\u00f6neberg 1976. Der andere Kater hie\u00df \u00fcbrigens Salami. Damals wohnte ich am Willmanndamm am Kleistpark (die Wohnung hatte mir ein Mitglied der KPD\/ML \u00fcberlassen, obwohl wir eigentlich politisch verfeindet waren, vgl. Volksfront von Jud\u00e4a vs. Jud\u00e4ische Volksfront usw.).<\/p>\n","protected":false},"author":1,"featured_media":0,"comment_status":"open","ping_status":"open","sticky":false,"template":"","format":"standard","meta":{"footnotes":""},"categories":[16],"tags":[],"class_list":["post-51454","post","type-post","status-publish","format-standard","hentry","category-panorama"],"_links":{"self":[{"href":"https:\/\/www.burks.de\/burksblog\/wp-json\/wp\/v2\/posts\/51454","targetHints":{"allow":["GET"]}}],"collection":[{"href":"https:\/\/www.burks.de\/burksblog\/wp-json\/wp\/v2\/posts"}],"about":[{"href":"https:\/\/www.burks.de\/burksblog\/wp-json\/wp\/v2\/types\/post"}],"author":[{"embeddable":true,"href":"https:\/\/www.burks.de\/burksblog\/wp-json\/wp\/v2\/users\/1"}],"replies":[{"embeddable":true,"href":"https:\/\/www.burks.de\/burksblog\/wp-json\/wp\/v2\/comments?post=51454"}],"version-history":[{"count":1,"href":"https:\/\/www.burks.de\/burksblog\/wp-json\/wp\/v2\/posts\/51454\/revisions"}],"predecessor-version":[{"id":51455,"href":"https:\/\/www.burks.de\/burksblog\/wp-json\/wp\/v2\/posts\/51454\/revisions\/51455"}],"wp:attachment":[{"href":"https:\/\/www.burks.de\/burksblog\/wp-json\/wp\/v2\/media?parent=51454"}],"wp:term":[{"taxonomy":"category","embeddable":true,"href":"https:\/\/www.burks.de\/burksblog\/wp-json\/wp\/v2\/categories?post=51454"},{"taxonomy":"post_tag","embeddable":true,"href":"https:\/\/www.burks.de\/burksblog\/wp-json\/wp\/v2\/tags?post=51454"}],"curies":[{"name":"wp","href":"https:\/\/api.w.org\/{rel}","templated":true}]}}