{"id":51345,"date":"2023-04-02T12:35:38","date_gmt":"2023-04-02T10:35:38","guid":{"rendered":"https:\/\/www.burks.de\/burksblog\/?p=51345"},"modified":"2023-04-02T12:35:39","modified_gmt":"2023-04-02T10:35:39","slug":"santa-cruz-de-bucaral","status":"publish","type":"post","link":"https:\/\/www.burks.de\/burksblog\/2023\/04\/02\/santa-cruz-de-bucaral","title":{"rendered":"Santa Cruz de Bucaral"},"content":{"rendered":"<p><a href=\"https:\/\/www.burks.de\/burksblog\/pix\/2023\/04\/020423_5gr.jpg\"><img decoding=\"async\" src=\"https:\/\/www.burks.de\/burksblog\/pix\/2023\/04\/020423_5kl.jpg\" alt=\"Santa Cruz de Bucaral\" border=\"0\" hspace=\"0\" vspace=\"0\" width=\"480\"\/><\/a><\/p>\n<p><a href=\"https:\/\/www.google.de\/maps\/search\/Cueva+de+la+Quebrada+El+Toro+National+Park\/@10.8222815,-69.2197994,30585m\/data=!3m1!1e3?hl=de\">Santa Cruz de Bucaral<\/a>, Venezuela 1998. Mehr dazu: &#8222;Am Rio Tocuyo&#8220; (<a href=\"https:\/\/www.burks.de\/burksblog\/2020\/08\/10\/am-rio-tocuyo\">10.08.2020<\/a>). Der Ort war klein, es gab nichts zu sehen, die typische relaxte Atmosph\u00e4re einer Kleinstadt, in die sich nie Touristen verirren. Ich habe auch keine Fotos im Internet gefunden, nur einen <a href=\"https:\/\/www.youtube.com\/watch?v=tk68pCNTFAE\">Kurzfilm<\/a> mit Musik. Ich erinnere mich, dass es mir dort gefallen hat und ich Kraft sch\u00f6pfen konnte f\u00fcr den Gewaltmarsch mit Rucksack am n\u00e4chsten Tag.<\/p>\n<div class=\"pdfprnt-buttons pdfprnt-buttons-post pdfprnt-bottom-right\"><a href=\"https:\/\/www.burks.de\/burksblog\/wp-json\/wp\/v2\/posts\/51345?print=pdf\" class=\"pdfprnt-button pdfprnt-button-pdf\" target=\"_blank\" ><img decoding=\"async\" src=\"https:\/\/www.burks.de\/burksblog\/wp-content\/plugins\/pdf-print\/images\/pdf.png\" alt=\"image_pdf\" title=\"PDF anzeigen\" \/><\/a><a href=\"https:\/\/www.burks.de\/burksblog\/wp-json\/wp\/v2\/posts\/51345?print=print\" class=\"pdfprnt-button pdfprnt-button-print\" target=\"_blank\" ><img decoding=\"async\" src=\"https:\/\/www.burks.de\/burksblog\/wp-content\/plugins\/pdf-print\/images\/print.png\" alt=\"image_print\" title=\"Inhalt drucken\" \/><\/a><\/div><div class=\"twoclick_social_bookmarks_post_51345 social_share_privacy clearfix 1.6.4 locale-de_DE sprite-de_DE\"><\/div><div class=\"twoclick-js\"><script type=\"text\/javascript\">\/* <![CDATA[ *\/\njQuery(document).ready(function($){if($('.twoclick_social_bookmarks_post_51345')){$('.twoclick_social_bookmarks_post_51345').socialSharePrivacy({\"services\":{\"facebook\":{\"status\":\"on\",\"txt_info\":\"2 Klicks f\\u00fcr mehr Datenschutz: Erst wenn Sie hier klicken, wird der Button aktiv und Sie k\\u00f6nnen Ihre Empfehlung an Facebook senden. Schon beim Aktivieren werden Daten an Dritte \\u00fcbertragen - siehe <em>i<\\\/em>.\",\"perma_option\":\"off\",\"action\":\"recommend\",\"language\":\"de_DE\"},\"twitter\":{\"reply_to\":\"\",\"tweet_text\":\"%20Santa%20Cruz%20de%20Bucaral%20%C2%BB%20Burks%27%20Blog%20-%20in%20dubio%20pro%20contra.%20De%20omnibus%20...\",\"status\":\"on\",\"txt_info\":\"2 Klicks f\\u00fcr mehr Datenschutz: Erst wenn Sie hier klicken, wird der Button aktiv und Sie k\\u00f6nnen Ihre Empfehlung an Twitter senden. Schon beim Aktivieren werden Daten an Dritte \\u00fcbertragen - siehe <em>i<\\\/em>.\",\"perma_option\":\"off\",\"language\":\"de\",\"referrer_track\":\"\"}},\"txt_help\":\"Wenn Sie diese Felder durch einen Klick aktivieren, werden Informationen an Facebook, Twitter, Flattr, Xing, t3n, LinkedIn, Pinterest oder Google eventuell ins Ausland \\u00fcbertragen und unter Umst\\u00e4nden auch dort gespeichert. N\\u00e4heres erfahren Sie durch einen Klick auf das <em>i<\\\/em>.\",\"settings_perma\":\"Dauerhaft aktivieren und Daten\\u00fcber-tragung zustimmen:\",\"info_link\":\"http:\\\/\\\/www.heise.de\\\/ct\\\/artikel\\\/2-Klicks-fuer-mehr-Datenschutz-1333879.html\",\"uri\":\"https:\\\/\\\/www.burks.de\\\/burksblog\\\/2023\\\/04\\\/02\\\/santa-cruz-de-bucaral\",\"post_id\":51345,\"post_title_referrer_track\":\"Santa+Cruz+de+Bucaral\",\"display_infobox\":\"on\"});}});\n\/* ]]> *\/<\/script><\/div>","protected":false},"excerpt":{"rendered":"<p>Santa Cruz de Bucaral, Venezuela 1998. Mehr dazu: &#8222;Am Rio Tocuyo&#8220; (10.08.2020). Der Ort war klein, es gab nichts zu sehen, die typische relaxte Atmosph\u00e4re einer Kleinstadt, in die sich nie Touristen verirren. Ich habe auch keine Fotos im Internet gefunden, nur einen Kurzfilm mit Musik. Ich erinnere mich, dass es mir dort gefallen hat [&hellip;]<\/p>\n","protected":false},"author":1,"featured_media":0,"comment_status":"open","ping_status":"open","sticky":false,"template":"","format":"standard","meta":{"footnotes":""},"categories":[584,592],"tags":[],"class_list":["post-51345","post","type-post","status-publish","format-standard","hentry","category-lateinamerika","category-venezuela-2"],"_links":{"self":[{"href":"https:\/\/www.burks.de\/burksblog\/wp-json\/wp\/v2\/posts\/51345","targetHints":{"allow":["GET"]}}],"collection":[{"href":"https:\/\/www.burks.de\/burksblog\/wp-json\/wp\/v2\/posts"}],"about":[{"href":"https:\/\/www.burks.de\/burksblog\/wp-json\/wp\/v2\/types\/post"}],"author":[{"embeddable":true,"href":"https:\/\/www.burks.de\/burksblog\/wp-json\/wp\/v2\/users\/1"}],"replies":[{"embeddable":true,"href":"https:\/\/www.burks.de\/burksblog\/wp-json\/wp\/v2\/comments?post=51345"}],"version-history":[{"count":3,"href":"https:\/\/www.burks.de\/burksblog\/wp-json\/wp\/v2\/posts\/51345\/revisions"}],"predecessor-version":[{"id":51348,"href":"https:\/\/www.burks.de\/burksblog\/wp-json\/wp\/v2\/posts\/51345\/revisions\/51348"}],"wp:attachment":[{"href":"https:\/\/www.burks.de\/burksblog\/wp-json\/wp\/v2\/media?parent=51345"}],"wp:term":[{"taxonomy":"category","embeddable":true,"href":"https:\/\/www.burks.de\/burksblog\/wp-json\/wp\/v2\/categories?post=51345"},{"taxonomy":"post_tag","embeddable":true,"href":"https:\/\/www.burks.de\/burksblog\/wp-json\/wp\/v2\/tags?post=51345"}],"curies":[{"name":"wp","href":"https:\/\/api.w.org\/{rel}","templated":true}]}}