{"id":50717,"date":"2023-01-28T14:12:38","date_gmt":"2023-01-28T13:12:38","guid":{"rendered":"https:\/\/www.burks.de\/burksblog\/?p=50717"},"modified":"2023-01-30T16:35:58","modified_gmt":"2023-01-30T15:35:58","slug":"unter-ibrahimen-aus-dem-streifen","status":"publish","type":"post","link":"https:\/\/www.burks.de\/burksblog\/2023\/01\/28\/unter-ibrahimen-aus-dem-streifen","title":{"rendered":"Unter Ibrahimen aus dem Streifen"},"content":{"rendered":"<p><a href=\"https:\/\/www.mdr.de\/nachrichten\/deutschland\/panorama\/messer-attacke-kiel-hamburg-brokstedt-tote-100.html\"><img decoding=\"async\" src=\"https:\/\/www.burks.de\/burksblog\/pix\/2023\/01\/280123_1.jpg\" alt=\"messerangriff\" border=\"1\" hspace=\"0\" vspace=\"0\" width=\"480\"\/><\/a><\/p>\n<p>&#8222;Die Hintergr\u00fcnde sind noch unklar&#8220;, hei\u00dft es wie gewohnt. Zwei Tote. Aber welche &#8222;Hintergr\u00fcnde&#8220; k\u00f6nnten es sein? Ich habe mir die <a href=\"https:\/\/www.welt.de\/politik\/deutschland\/video243476465\/Messerangreifer-von-Brokstedt-Rechtsexperte-Constantin-van-Lijnden-erklaert-juristische-Details.html\">juristische Analyse<\/a> des Rechtsexperten (&#8222;Redakteur bei &#8222;Welt&#8220; mit Schwerpunkt Justiz und Rechtspolitik&#8220;) <a href=\"https:\/\/www.welt.de\/autor\/lijnden-constantin-van\/\">Constantin van Lijnden<\/a> angesehen.<\/p>\n<p>Der T\u00e4ter ist 2014 eingereist und beantragte Asyl. &#8222;Laut Staatsanwaltschaft reiste er im Dezember 2014 nach Deutschland ein \u2013 von woher, sei unklar.&#8220;(taz) Er hat das nicht bekommen, aber <a href=\"https:\/\/www.bamf.de\/DE\/Themen\/AsylFluechtlingsschutz\/AblaufAsylverfahrens\/Schutzformen\/SubisidiaerSchutz\/subisidiaerschutz-node.html\">subsidi\u00e4ren Schutz<\/a>, &#8222;wahrscheinlich auch zu recht.&#8220; Das steht im Urteil des Amtsgerichts Hamburg: Der T\u00e4ter war in seiner Heimat, im <a href=\"https:\/\/de.wikipedia.org\/wiki\/Gazastreifen\">Gazastreifen<\/a>, Misshandlungen ausgesetzt durch die Hamas, er und seine Familie, Schnittwunden, Verbrennungen, Folter, &#8222;furchtbare Dinge&#8220;.<\/p>\n<p>Was geschieht mit so jemandem, der im Land ist, sich aber absolut nicht integriert, sondern &#8211; im Gegenteiil &#8211; immer weiter &#8222;absteigt&#8220;, drogenabh\u00e4ngig wird und gewaltt\u00e4tig?<\/p>\n<p>Man kann dann ein Verfahren einleiten, um den <a href=\"https:\/\/www.der-paritaetische.de\/fileadmin\/user_upload\/Publikationen\/doc\/191029_widerruf-2019_web.pdf\">Schutzstatus zu widerrufen<\/a>. Das ist auch in diesem Fall 2021 geschehen, noch vor der Messerattacke vor einem Obdachlosenheim. Dieses Verfahren wurde bis heute nicht abgeschlossen. Warum nicht, muss noch gekl\u00e4rt werden.<\/p>\n<p>Das ist aber fast egal: Es ist keineswegs klar, dass man jemanden, der den Schutzstatus verloren hat, dann auch abschieben k\u00f6nnte. Da ist eine praktische H\u00fcrde: Der Zielstaat, in diesem Fall das &#8222;pal\u00e4stinensische Gebiet&#8220;, muss seinen &#8222;Staatsb\u00fcrger&#8220; auch zur\u00fccknehmen. Daran scheitern Abschiebungen sehr h\u00e4ufig.<\/p>\n<p>Im Falle des T\u00e4ters ist es ganz besonders schwierig, weil &#8222;Pal\u00e4stina&#8220; einen v\u00f6lkerrechtlichen Sonderstatus hat. Der T\u00e4ter hat auch keine Staatsangeh\u00f6rigkeit. In den &#8222;pal\u00e4stinensischen Gebieten&#8220; gibt es keine internationalen Flugh\u00e4fen. In der Praxis w\u00e4re man auf die Mithilfe von &#8222;Pal\u00e4stina&#8220; <i>und<\/i> Israel angewiesen. Das geschieht so selten, dass es die meisten Staaten bei ausreisepflichtigen &#8222;Pal\u00e4stinensern&#8220; erst gar nicht mehr versuchen.<\/p>\n<p>Das Amtgericht Hamburg hatte die Wahrscheinlichkeit, dass der T\u00e4ter weitere Staftaten begehen w\u00fcrde, &#8222;auf 50 Prozent gesch\u00e4tzt.&#8220; Ist es nicht zynisch, wenn man so jemanden auf freien Fu\u00df setzt?<\/p>\n<p>&#8222;Die Antwort ist kompliziert, und man muss differenzieren.&#8220; Das Ergebnis wird trotzdem niemandem gefallen k\u00f6nnen. Die &#8222;50 Prozent&#8220; kamen so zustande: Er wurde vor dem Amtsgericht Hamburg wegen der Attacke vor dem Obdachlosenheim angeklagt und zu einer Haftstrafe verurteilt. Das Gericht muss bei einer Verurteilung zu einer Haftstrafe \u00fcberlegen, ob die zur Bew\u00e4hrung ausgesetzt wird und wie die Sozialprognose ist. Das Gericht war nicht von einer positiven Sozialprognose \u00fcberzeugt, deswegen wurde die Strafe <i>nicht<\/i> zur Bew\u00e4hrung ausgesetzt.<\/p>\n<p>Der T\u00e4ter hat aber Berufung eingelegt, sodass er seine Haftstrafe einstweilen nicht antreten musste. Er sa\u00df aber trotzdem in Haft, aber nicht wegen seiner Strafe, sondern in Untersuchungshaft. \u00dcber die Berufung wurde nicht schnell genug entschieden. Das kommt oft vor, aber war in diesem Fall egal, weil er schon so lange in Untersuchungshaft gesessen hatte, dass er seine Strafe schon fast abgesessen hatte. Das Gericht war offenbar der Meinung, wenn seine Berufung abgelehnt worden w\u00e4re, w\u00e4re das Ergebnis identisch gewesen. Der T\u00e4ter w\u00e4re also ohnehin bald entlassen worden.<\/p>\n<p>Die Frage bleibt: Warum nur ein Jahr Haft? Man wei\u00df es nicht. &#8222;Irgendwas wird sich das Gericht vermutlich dabei gedacht haben.&#8220; Es wirkt sehr milde f\u00fcr jemanden, der schon damals ein betr\u00e4chtliches Vorstrafenregister hatte und mit einem Messer auf jemanden eingestochen hatte.<\/p>\n<p>So weit die Analyse. \u00dcbrigens: Ein Messerangriff ist <a href=\"https:\/\/dejure.org\/gesetze\/StGB\/226.html\">schwere K\u00f6rperverletzung<\/a>, aber: <i>In minder schweren F\u00e4llen des Absatzes 1 ist auf Freiheitsstrafe von sechs Monaten bis zu f\u00fcnf Jahren, in minder schweren F\u00e4llen des Absatzes 2 auf Freiheitsstrafe von einem Jahr bis zu zehn Jahren zu erkennen.<\/i><\/p>\n<p><i>&#8222;Die Gruppe der Zuwanderer \u2013 Asylbewerber, Schutzberechtigte, unerlaubt Aufh\u00e4ltige und Geduldete \u2013 war 2021 f\u00fcr 44 Prozent aller T\u00f6tungs- und 37 Prozent aller schweren Gewaltdelikte verantwortlich, obwohl sie nur etwa zwei Prozent der Bev\u00f6lkerung ausmacht. Wie kommt das?&#8220; (Zitat: Qualit\u00e4tsmedien)<\/i><\/p>\n<p>Die Leserschaft mag eigene Schlussfolgerungen ziehen, wie man mit solchen Leuten umzugehen habe.<\/p>\n<p>Postscriptum: &#8222;An mehreren Orten im Gazastreifen haben sich Pal\u00e4stinenser spontan versammelt: Sie feierten den Angriff in Jerusalem, bei dem sieben Menschen get\u00f6tet wurden. Einige verteilten S\u00fc\u00dfigkeiten. Jubelfeiern gab es auch in Ramallah im Westjordanland.&#8220;<\/p>\n<div class=\"pdfprnt-buttons pdfprnt-buttons-post pdfprnt-bottom-right\"><a href=\"https:\/\/www.burks.de\/burksblog\/wp-json\/wp\/v2\/posts\/50717?print=pdf\" class=\"pdfprnt-button pdfprnt-button-pdf\" target=\"_blank\" ><img decoding=\"async\" src=\"https:\/\/www.burks.de\/burksblog\/wp-content\/plugins\/pdf-print\/images\/pdf.png\" alt=\"image_pdf\" title=\"PDF anzeigen\" \/><\/a><a href=\"https:\/\/www.burks.de\/burksblog\/wp-json\/wp\/v2\/posts\/50717?print=print\" class=\"pdfprnt-button pdfprnt-button-print\" target=\"_blank\" ><img decoding=\"async\" src=\"https:\/\/www.burks.de\/burksblog\/wp-content\/plugins\/pdf-print\/images\/print.png\" alt=\"image_print\" title=\"Inhalt drucken\" \/><\/a><\/div><div class=\"twoclick_social_bookmarks_post_50717 social_share_privacy clearfix 1.6.4 locale-de_DE sprite-de_DE\"><\/div><div class=\"twoclick-js\"><script type=\"text\/javascript\">\/* <![CDATA[ *\/\njQuery(document).ready(function($){if($('.twoclick_social_bookmarks_post_50717')){$('.twoclick_social_bookmarks_post_50717').socialSharePrivacy({\"services\":{\"facebook\":{\"status\":\"on\",\"txt_info\":\"2 Klicks f\\u00fcr mehr Datenschutz: Erst wenn Sie hier klicken, wird der Button aktiv und Sie k\\u00f6nnen Ihre Empfehlung an Facebook senden. Schon beim Aktivieren werden Daten an Dritte \\u00fcbertragen - siehe <em>i<\\\/em>.\",\"perma_option\":\"off\",\"action\":\"recommend\",\"language\":\"de_DE\"},\"twitter\":{\"reply_to\":\"\",\"tweet_text\":\"%20Unter%20Ibrahimen%20aus%20dem%20Streifen%20%C2%BB%20Burks%27%20Blog%20-%20in%20dubio%20pro%20contra.%20De%20...\",\"status\":\"on\",\"txt_info\":\"2 Klicks f\\u00fcr mehr Datenschutz: Erst wenn Sie hier klicken, wird der Button aktiv und Sie k\\u00f6nnen Ihre Empfehlung an Twitter senden. Schon beim Aktivieren werden Daten an Dritte \\u00fcbertragen - siehe <em>i<\\\/em>.\",\"perma_option\":\"off\",\"language\":\"de\",\"referrer_track\":\"\"}},\"txt_help\":\"Wenn Sie diese Felder durch einen Klick aktivieren, werden Informationen an Facebook, Twitter, Flattr, Xing, t3n, LinkedIn, Pinterest oder Google eventuell ins Ausland \\u00fcbertragen und unter Umst\\u00e4nden auch dort gespeichert. N\\u00e4heres erfahren Sie durch einen Klick auf das <em>i<\\\/em>.\",\"settings_perma\":\"Dauerhaft aktivieren und Daten\\u00fcber-tragung zustimmen:\",\"info_link\":\"http:\\\/\\\/www.heise.de\\\/ct\\\/artikel\\\/2-Klicks-fuer-mehr-Datenschutz-1333879.html\",\"uri\":\"https:\\\/\\\/www.burks.de\\\/burksblog\\\/2023\\\/01\\\/28\\\/unter-ibrahimen-aus-dem-streifen\",\"post_id\":50717,\"post_title_referrer_track\":\"Unter+Ibrahimen+aus+dem+Streifen\",\"display_infobox\":\"on\"});}});\n\/* ]]> *\/<\/script><\/div>","protected":false},"excerpt":{"rendered":"<p>&#8222;Die Hintergr\u00fcnde sind noch unklar&#8220;, hei\u00dft es wie gewohnt. Zwei Tote. Aber welche &#8222;Hintergr\u00fcnde&#8220; k\u00f6nnten es sein? Ich habe mir die juristische Analyse des Rechtsexperten (&#8222;Redakteur bei &#8222;Welt&#8220; mit Schwerpunkt Justiz und Rechtspolitik&#8220;) Constantin van Lijnden angesehen. Der T\u00e4ter ist 2014 eingereist und beantragte Asyl. &#8222;Laut Staatsanwaltschaft reiste er im Dezember 2014 nach Deutschland ein [&hellip;]<\/p>\n","protected":false},"author":1,"featured_media":0,"comment_status":"open","ping_status":"open","sticky":false,"template":"","format":"standard","meta":{"footnotes":""},"categories":[15],"tags":[],"class_list":["post-50717","post","type-post","status-publish","format-standard","hentry","category-politics"],"_links":{"self":[{"href":"https:\/\/www.burks.de\/burksblog\/wp-json\/wp\/v2\/posts\/50717","targetHints":{"allow":["GET"]}}],"collection":[{"href":"https:\/\/www.burks.de\/burksblog\/wp-json\/wp\/v2\/posts"}],"about":[{"href":"https:\/\/www.burks.de\/burksblog\/wp-json\/wp\/v2\/types\/post"}],"author":[{"embeddable":true,"href":"https:\/\/www.burks.de\/burksblog\/wp-json\/wp\/v2\/users\/1"}],"replies":[{"embeddable":true,"href":"https:\/\/www.burks.de\/burksblog\/wp-json\/wp\/v2\/comments?post=50717"}],"version-history":[{"count":6,"href":"https:\/\/www.burks.de\/burksblog\/wp-json\/wp\/v2\/posts\/50717\/revisions"}],"predecessor-version":[{"id":50745,"href":"https:\/\/www.burks.de\/burksblog\/wp-json\/wp\/v2\/posts\/50717\/revisions\/50745"}],"wp:attachment":[{"href":"https:\/\/www.burks.de\/burksblog\/wp-json\/wp\/v2\/media?parent=50717"}],"wp:term":[{"taxonomy":"category","embeddable":true,"href":"https:\/\/www.burks.de\/burksblog\/wp-json\/wp\/v2\/categories?post=50717"},{"taxonomy":"post_tag","embeddable":true,"href":"https:\/\/www.burks.de\/burksblog\/wp-json\/wp\/v2\/tags?post=50717"}],"curies":[{"name":"wp","href":"https:\/\/api.w.org\/{rel}","templated":true}]}}