{"id":50216,"date":"2022-11-23T20:33:47","date_gmt":"2022-11-23T19:33:47","guid":{"rendered":"https:\/\/www.burks.de\/burksblog\/?p=50216"},"modified":"2022-11-23T20:36:29","modified_gmt":"2022-11-23T19:36:29","slug":"regenbogenfahne","status":"publish","type":"post","link":"https:\/\/www.burks.de\/burksblog\/2022\/11\/23\/regenbogenfahne","title":{"rendered":"Regenbogenfahne"},"content":{"rendered":"<p><a href=\"https:\/\/www.burks.de\/grafik\/latino_america\/peru\/cuzco1gr.jpg\"><img decoding=\"async\" src=\"https:\/\/www.burks.de\/grafik\/latino_america\/\/peru\/cuzco1kl.jpg\" alt=\"cusco\" border=\"0\" hspace=\"0\" vspace=\"0\" width=\"480\"\/><\/a><br \/>\n<sup><a href=\"http:\/\/de.wikipedia.org\/wiki\/Cusco\">Cusco<\/a>, Peru. Die Regenbogenfahne war die Fahne der Inka &#8211; deswegen h\u00e4ngt die da.<\/sup><\/p>\n<p><a href=\"https:\/\/zuklampen.de\/autoren\/cb\/749-mahler-dornis.html\">Martin Dornis<\/a> schreibt auf Fratzenbuch: &#8222;Die sogenannte &#8222;Regenbogenfahne&#8220; ist schon  l\u00e4ngst nicht mehr die von Schwulen und Lesben im Kampf gegen ihre Ausgrenzung,  sondern sie steht heute f\u00fcr die heute allgegenw\u00e4rtige Ideologie der &#8222;Vielfalt&#8220;. Diese propagiert einen kulturellen Relativismus im Namen von &#8222;Toleranz&#8216; und &#8222;Respekt, derzufolge jede Kritik an anderen Religionen und Kulturen als Anmassung und Zumutung gilt, jedenfalls wenn sie von westlicher Seite vorgetragen wird. In diesem Sinne ist sie die Fahne der Kapitulation der Aufkl\u00e4rung vor dem Islam. Daher ist es bezeichnend, dass gerade dieses Symbol aktuell dazu dient, bekenntnishaft seine korrekte Gesinnung vorzuzeigen. Um nichts anderes n\u00e4mlich handelt es sich bei all diesen one love binden, von denen gerade im Kontext der WM im Katar die Rede ist.&#8220;<\/p>\n<p>Die einzig fortschrittliche Regenbogenfahne ist die des <a href=\"https:\/\/www.bauernkrieg2025.de\/de\/das-bauernkrieg-wiki\/regenbogenfahne\">Bauernkriegs<\/a>.<\/p>\n<div class=\"pdfprnt-buttons pdfprnt-buttons-post pdfprnt-bottom-right\"><a href=\"https:\/\/www.burks.de\/burksblog\/wp-json\/wp\/v2\/posts\/50216?print=pdf\" class=\"pdfprnt-button pdfprnt-button-pdf\" target=\"_blank\" ><img decoding=\"async\" src=\"https:\/\/www.burks.de\/burksblog\/wp-content\/plugins\/pdf-print\/images\/pdf.png\" alt=\"image_pdf\" title=\"PDF anzeigen\" \/><\/a><a href=\"https:\/\/www.burks.de\/burksblog\/wp-json\/wp\/v2\/posts\/50216?print=print\" class=\"pdfprnt-button pdfprnt-button-print\" target=\"_blank\" ><img decoding=\"async\" src=\"https:\/\/www.burks.de\/burksblog\/wp-content\/plugins\/pdf-print\/images\/print.png\" alt=\"image_print\" title=\"Inhalt drucken\" \/><\/a><\/div><div class=\"twoclick_social_bookmarks_post_50216 social_share_privacy clearfix 1.6.4 locale-de_DE sprite-de_DE\"><\/div><div class=\"twoclick-js\"><script type=\"text\/javascript\">\/* <![CDATA[ *\/\njQuery(document).ready(function($){if($('.twoclick_social_bookmarks_post_50216')){$('.twoclick_social_bookmarks_post_50216').socialSharePrivacy({\"services\":{\"facebook\":{\"status\":\"on\",\"txt_info\":\"2 Klicks f\\u00fcr mehr Datenschutz: Erst wenn Sie hier klicken, wird der Button aktiv und Sie k\\u00f6nnen Ihre Empfehlung an Facebook senden. Schon beim Aktivieren werden Daten an Dritte \\u00fcbertragen - siehe <em>i<\\\/em>.\",\"perma_option\":\"off\",\"action\":\"recommend\",\"language\":\"de_DE\"},\"twitter\":{\"reply_to\":\"\",\"tweet_text\":\"Regenbogenfahne%20%C2%BB%20Burks%27%20Blog%20-%20in%20dubio%20pro%20contra.%20De%20omnibus%20dubitandum.\",\"status\":\"on\",\"txt_info\":\"2 Klicks f\\u00fcr mehr Datenschutz: Erst wenn Sie hier klicken, wird der Button aktiv und Sie k\\u00f6nnen Ihre Empfehlung an Twitter senden. Schon beim Aktivieren werden Daten an Dritte \\u00fcbertragen - siehe <em>i<\\\/em>.\",\"perma_option\":\"off\",\"language\":\"de\",\"referrer_track\":\"\"}},\"txt_help\":\"Wenn Sie diese Felder durch einen Klick aktivieren, werden Informationen an Facebook, Twitter, Flattr, Xing, t3n, LinkedIn, Pinterest oder Google eventuell ins Ausland \\u00fcbertragen und unter Umst\\u00e4nden auch dort gespeichert. N\\u00e4heres erfahren Sie durch einen Klick auf das <em>i<\\\/em>.\",\"settings_perma\":\"Dauerhaft aktivieren und Daten\\u00fcber-tragung zustimmen:\",\"info_link\":\"http:\\\/\\\/www.heise.de\\\/ct\\\/artikel\\\/2-Klicks-fuer-mehr-Datenschutz-1333879.html\",\"uri\":\"https:\\\/\\\/www.burks.de\\\/burksblog\\\/2022\\\/11\\\/23\\\/regenbogenfahne\",\"post_id\":50216,\"post_title_referrer_track\":\"Regenbogenfahne\",\"display_infobox\":\"on\"});}});\n\/* ]]> *\/<\/script><\/div>","protected":false},"excerpt":{"rendered":"<p>Cusco, Peru. Die Regenbogenfahne war die Fahne der Inka &#8211; deswegen h\u00e4ngt die da. Martin Dornis schreibt auf Fratzenbuch: &#8222;Die sogenannte &#8222;Regenbogenfahne&#8220; ist schon l\u00e4ngst nicht mehr die von Schwulen und Lesben im Kampf gegen ihre Ausgrenzung, sondern sie steht heute f\u00fcr die heute allgegenw\u00e4rtige Ideologie der &#8222;Vielfalt&#8220;. Diese propagiert einen kulturellen Relativismus im Namen [&hellip;]<\/p>\n","protected":false},"author":1,"featured_media":0,"comment_status":"open","ping_status":"open","sticky":false,"template":"","format":"standard","meta":{"footnotes":""},"categories":[584,590,15],"tags":[],"class_list":["post-50216","post","type-post","status-publish","format-standard","hentry","category-lateinamerika","category-peru","category-politics"],"_links":{"self":[{"href":"https:\/\/www.burks.de\/burksblog\/wp-json\/wp\/v2\/posts\/50216","targetHints":{"allow":["GET"]}}],"collection":[{"href":"https:\/\/www.burks.de\/burksblog\/wp-json\/wp\/v2\/posts"}],"about":[{"href":"https:\/\/www.burks.de\/burksblog\/wp-json\/wp\/v2\/types\/post"}],"author":[{"embeddable":true,"href":"https:\/\/www.burks.de\/burksblog\/wp-json\/wp\/v2\/users\/1"}],"replies":[{"embeddable":true,"href":"https:\/\/www.burks.de\/burksblog\/wp-json\/wp\/v2\/comments?post=50216"}],"version-history":[{"count":2,"href":"https:\/\/www.burks.de\/burksblog\/wp-json\/wp\/v2\/posts\/50216\/revisions"}],"predecessor-version":[{"id":50218,"href":"https:\/\/www.burks.de\/burksblog\/wp-json\/wp\/v2\/posts\/50216\/revisions\/50218"}],"wp:attachment":[{"href":"https:\/\/www.burks.de\/burksblog\/wp-json\/wp\/v2\/media?parent=50216"}],"wp:term":[{"taxonomy":"category","embeddable":true,"href":"https:\/\/www.burks.de\/burksblog\/wp-json\/wp\/v2\/categories?post=50216"},{"taxonomy":"post_tag","embeddable":true,"href":"https:\/\/www.burks.de\/burksblog\/wp-json\/wp\/v2\/tags?post=50216"}],"curies":[{"name":"wp","href":"https:\/\/api.w.org\/{rel}","templated":true}]}}