{"id":4951,"date":"2010-03-11T13:59:33","date_gmt":"2010-03-11T11:59:33","guid":{"rendered":"http:\/\/www.burks.de\/burksblog\/?p=4951"},"modified":"2010-03-11T14:00:27","modified_gmt":"2010-03-11T12:00:27","slug":"intergration-auf-neukollnisch","status":"publish","type":"post","link":"https:\/\/www.burks.de\/burksblog\/2010\/03\/11\/intergration-auf-neukollnisch","title":{"rendered":"Intergration auf neuk\u00f6llnisch"},"content":{"rendered":"<p><a href=\"http:\/\/www.tagesspiegel.de\/berlin\/Landespolitik-Neukoelln-Bezirksamt-Integration;art124,3053577\">Tagesspiegel<\/a>: &#8222;<a href=\"http:\/\/de.wikipedia.org\/wiki\/Heinz_Buschkowsky\">Buschkowsky<\/a> k\u00fcndigt Azubi&#8220;. &#8211; &#8222;Zur K\u00fcndigung hatte gef\u00fchrt, dass Damla C. verreist war, ohne sich eine Genehmigung geholt zu haben. F\u00fcr ihr \u00fcberst\u00fcrztes Verschwinden gibt es aus Sicht der Kl\u00e4gerin einen guten Grund: Ihr Vater war in der T\u00fcrkei gestorben, und die Beerdigung muss nach islamischem Glauben binnen 48 Stunden stattfinden. Da der Tod am Wochenende eintrat, nahm Damla C. am Sonntag einen Flieger und eilte nach Adana. Am Montag lie\u00df sie sich zun\u00e4chst \u00fcber eine Bekannte beim Bezirksamt entschuldigen und meldete sich im Lauf des Tages pers\u00f6nlich ab. Einen bezahlbaren R\u00fcckflug habe sie wegen der Hauptsaison \u2013 es war September \u2013 erst eine Woche sp\u00e4ter gefunden. <\/p>\n<p>&#8218;Die Auszubildende wurde aufgrund dieses Vorfalls als nicht geeignet angesehen&#8216;, erkl\u00e4rt der Anwalt des Bezirksamts, <a href=\"http:\/\/www.advo-l-s.de\/deutsch\/dr_lansnicker.html\">Frank Lansnicker<\/a>. (&#8230;) Jedesmal, wenn das Bezirksamt vor Gericht verliert, zieht es in die n\u00e4chste Instanz.&#8220;<\/p>\n<div class=\"pdfprnt-buttons pdfprnt-buttons-post pdfprnt-bottom-right\"><a href=\"https:\/\/www.burks.de\/burksblog\/wp-json\/wp\/v2\/posts\/4951?print=pdf\" class=\"pdfprnt-button pdfprnt-button-pdf\" target=\"_blank\" ><img decoding=\"async\" src=\"https:\/\/www.burks.de\/burksblog\/wp-content\/plugins\/pdf-print\/images\/pdf.png\" alt=\"image_pdf\" title=\"PDF anzeigen\" \/><\/a><a href=\"https:\/\/www.burks.de\/burksblog\/wp-json\/wp\/v2\/posts\/4951?print=print\" class=\"pdfprnt-button pdfprnt-button-print\" target=\"_blank\" ><img decoding=\"async\" src=\"https:\/\/www.burks.de\/burksblog\/wp-content\/plugins\/pdf-print\/images\/print.png\" alt=\"image_print\" title=\"Inhalt drucken\" \/><\/a><\/div><div class=\"twoclick_social_bookmarks_post_4951 social_share_privacy clearfix 1.6.4 locale-de_DE sprite-de_DE\"><\/div><div class=\"twoclick-js\"><script type=\"text\/javascript\">\/* <![CDATA[ *\/\njQuery(document).ready(function($){if($('.twoclick_social_bookmarks_post_4951')){$('.twoclick_social_bookmarks_post_4951').socialSharePrivacy({\"services\":{\"facebook\":{\"status\":\"on\",\"txt_info\":\"2 Klicks f\\u00fcr mehr Datenschutz: Erst wenn Sie hier klicken, wird der Button aktiv und Sie k\\u00f6nnen Ihre Empfehlung an Facebook senden. Schon beim Aktivieren werden Daten an Dritte \\u00fcbertragen - siehe <em>i<\\\/em>.\",\"perma_option\":\"off\",\"action\":\"recommend\",\"language\":\"de_DE\"},\"twitter\":{\"reply_to\":\"\",\"tweet_text\":\"%20Intergration%20auf%20neuk%C3%B6llnisch%20%C2%BB%20Burks%27%20Blog%20-%20in%20dubio%20pro%20contra.%20De%20...\",\"status\":\"on\",\"txt_info\":\"2 Klicks f\\u00fcr mehr Datenschutz: Erst wenn Sie hier klicken, wird der Button aktiv und Sie k\\u00f6nnen Ihre Empfehlung an Twitter senden. Schon beim Aktivieren werden Daten an Dritte \\u00fcbertragen - siehe <em>i<\\\/em>.\",\"perma_option\":\"off\",\"language\":\"de\",\"referrer_track\":\"\"}},\"txt_help\":\"Wenn Sie diese Felder durch einen Klick aktivieren, werden Informationen an Facebook, Twitter, Flattr, Xing, t3n, LinkedIn, Pinterest oder Google eventuell ins Ausland \\u00fcbertragen und unter Umst\\u00e4nden auch dort gespeichert. N\\u00e4heres erfahren Sie durch einen Klick auf das <em>i<\\\/em>.\",\"settings_perma\":\"Dauerhaft aktivieren und Daten\\u00fcber-tragung zustimmen:\",\"info_link\":\"http:\\\/\\\/www.heise.de\\\/ct\\\/artikel\\\/2-Klicks-fuer-mehr-Datenschutz-1333879.html\",\"uri\":\"https:\\\/\\\/www.burks.de\\\/burksblog\\\/2010\\\/03\\\/11\\\/intergration-auf-neukollnisch\",\"post_id\":4951,\"post_title_referrer_track\":\"Intergration+auf+neuk%C3%B6llnisch\",\"display_infobox\":\"on\"});}});\n\/* ]]> *\/<\/script><\/div>","protected":false},"excerpt":{"rendered":"<p>Tagesspiegel: &#8222;Buschkowsky k\u00fcndigt Azubi&#8220;. &#8211; &#8222;Zur K\u00fcndigung hatte gef\u00fchrt, dass Damla C. verreist war, ohne sich eine Genehmigung geholt zu haben. F\u00fcr ihr \u00fcberst\u00fcrztes Verschwinden gibt es aus Sicht der Kl\u00e4gerin einen guten Grund: Ihr Vater war in der T\u00fcrkei gestorben, und die Beerdigung muss nach islamischem Glauben binnen 48 Stunden stattfinden. Da der Tod [&hellip;]<\/p>\n","protected":false},"author":1,"featured_media":0,"comment_status":"open","ping_status":"open","sticky":false,"template":"","format":"standard","meta":{"footnotes":""},"categories":[15,623],"tags":[],"class_list":["post-4951","post","type-post","status-publish","format-standard","hentry","category-politics","category-rixdorf"],"_links":{"self":[{"href":"https:\/\/www.burks.de\/burksblog\/wp-json\/wp\/v2\/posts\/4951","targetHints":{"allow":["GET"]}}],"collection":[{"href":"https:\/\/www.burks.de\/burksblog\/wp-json\/wp\/v2\/posts"}],"about":[{"href":"https:\/\/www.burks.de\/burksblog\/wp-json\/wp\/v2\/types\/post"}],"author":[{"embeddable":true,"href":"https:\/\/www.burks.de\/burksblog\/wp-json\/wp\/v2\/users\/1"}],"replies":[{"embeddable":true,"href":"https:\/\/www.burks.de\/burksblog\/wp-json\/wp\/v2\/comments?post=4951"}],"version-history":[{"count":2,"href":"https:\/\/www.burks.de\/burksblog\/wp-json\/wp\/v2\/posts\/4951\/revisions"}],"predecessor-version":[{"id":4953,"href":"https:\/\/www.burks.de\/burksblog\/wp-json\/wp\/v2\/posts\/4951\/revisions\/4953"}],"wp:attachment":[{"href":"https:\/\/www.burks.de\/burksblog\/wp-json\/wp\/v2\/media?parent=4951"}],"wp:term":[{"taxonomy":"category","embeddable":true,"href":"https:\/\/www.burks.de\/burksblog\/wp-json\/wp\/v2\/categories?post=4951"},{"taxonomy":"post_tag","embeddable":true,"href":"https:\/\/www.burks.de\/burksblog\/wp-json\/wp\/v2\/tags?post=4951"}],"curies":[{"name":"wp","href":"https:\/\/api.w.org\/{rel}","templated":true}]}}