{"id":49275,"date":"2022-08-25T18:02:51","date_gmt":"2022-08-25T16:02:51","guid":{"rendered":"https:\/\/www.burks.de\/burksblog\/?p=49275"},"modified":"2022-08-26T13:10:12","modified_gmt":"2022-08-26T11:10:12","slug":"norddeutsches-filtern","status":"publish","type":"post","link":"https:\/\/www.burks.de\/burksblog\/2022\/08\/25\/norddeutsches-filtern","title":{"rendered":"Norddeutsches Filtern"},"content":{"rendered":"<p><a href=\"https:\/\/www.burks.de\/burksblog\/pix\/2022\/08\/250822_1gr.jpg\"><img decoding=\"async\" src=\"https:\/\/www.burks.de\/burksblog\/pix\/2022\/08\/250822_1kl.jpg\" alt=\"medienanstalt\" border=\"0\" hspace=\"0\" vspace=\"0\" width=\"480\"\/><\/a><br \/>\n<sup>Eine deutsche Medienanstalt in 20 Jahren (Symbolbild)<\/sup><\/p>\n<p><a href=\"https:\/\/www.businessinsider.de\/wirtschaft\/politischer-filter-klima-der-angst-ndr-redakteure-erheben-laut-vertraulichem-untersuchungsbericht-schwere-vorwuerfe-gegen-senderleitung-a\/\">Business Insider<\/a> (vom <a href=\"https:\/\/www.businessinsider.de\/informationen\/impressum\/\">Springer-Verlag<\/a>): <i>&#8222;Politischer Filter&#8220;, &#8222;Klima der Angst&#8220;: NDR-Redakteure erheben laut vertraulichem Untersuchungsbericht schwere Vorw\u00fcrfe gegen Senderleitung. (&#8230;) <\/i><\/p>\n<p><i>Die &#8222;Berichterstattung werde teilweise verhindert und kritische Informationen heruntergespielt&#8220;, hei\u00dft es zu den Schilderungen der Mitarbeiter in einem vertraulichen Bericht aus dem September 2021. &#8222;Autoren w\u00fcrden abgezogen und Beitr\u00e4ge in den Abnahmen massiv ver\u00e4ndert.&#8220; Die Vorw\u00fcrfe der Redakteure m\u00fcndeten gar in der Behauptung, es gebe beim NDR in Kiel einen &#8222;politischen Filter&#8220;, F\u00fchrungskr\u00e4fte w\u00fcrden wie &#8222;Pressesprecher der Ministerien&#8220; agieren, die kritischen Themen fr\u00fchzeitig die Relevanz absprechen.<\/i><\/p>\n<p>Mich erstaunt (oder auch nicht), dass unsere Qualit\u00e4tsmedien das nicht fr\u00fcher mitbekommen haben. <del>Eine Kr\u00e4he hackt<\/del> Die Zust\u00e4nde sind doch \u00fcberall so, was die &#8222;F\u00fchrungskr\u00e4fte&#8220; angeht. G\u00e4be es einen harten Journalismus, wie er noch im angels\u00e4chsischen Bereich vorkommt, dann w\u00e4re fr\u00fcher etwas durchgesickert &#8211; und \u00fcberall.<\/p>\n<p>Man k\u00f6nnte naiv annehmen, dass Journalistenverb\u00e4nde sich f\u00fcr das Thema zust\u00e4ndig f\u00fchlten. Dort aber wimmelt es vor Aufschneidern, Opportunisten und Feiglingen und drittklassigen Gestalten, die ihre beste Zeit lange hinter sich haben &#8211; wenn sie sie jemals hatten -, die am liebsten im Chor jubeln w\u00fcrden: Ich wei\u00df nichts, ich kann nichts tun, ich will nichts wissen. Ruhe ist die erste Journalistenpflicht.<\/p>\n<p>Es geht nicht darum, bestimmte Personen auszutauschen, wie im RBB. Das Sein in der Anstalt erzeugt automatisch das passende Bewusstsein. Die geschmeidige weltanschauliche Stromlinienform ist das Ma\u00df aller Dinge.<\/p>\n<p>Woher und mit wem soll sich denn etwas \u00e4ndern? Mit den heutigen Studenten, die &#8222;was mit Medien&#8220; machen wollen, deren Allgemeinbildung aber die eines Kaninchens kaum \u00fcbertrifft und die die deutsche Sprache nicht beherrschen? Es wird nicht besser werden. Vermutlich blogge ich hier in zwanzig Jahren und schreibe: I told you so.<\/p>\n<div class=\"pdfprnt-buttons pdfprnt-buttons-post pdfprnt-bottom-right\"><a href=\"https:\/\/www.burks.de\/burksblog\/wp-json\/wp\/v2\/posts\/49275?print=pdf\" class=\"pdfprnt-button pdfprnt-button-pdf\" target=\"_blank\" ><img decoding=\"async\" src=\"https:\/\/www.burks.de\/burksblog\/wp-content\/plugins\/pdf-print\/images\/pdf.png\" alt=\"image_pdf\" title=\"PDF anzeigen\" \/><\/a><a href=\"https:\/\/www.burks.de\/burksblog\/wp-json\/wp\/v2\/posts\/49275?print=print\" class=\"pdfprnt-button pdfprnt-button-print\" target=\"_blank\" ><img decoding=\"async\" src=\"https:\/\/www.burks.de\/burksblog\/wp-content\/plugins\/pdf-print\/images\/print.png\" alt=\"image_print\" title=\"Inhalt drucken\" \/><\/a><\/div><div class=\"twoclick_social_bookmarks_post_49275 social_share_privacy clearfix 1.6.4 locale-de_DE sprite-de_DE\"><\/div><div class=\"twoclick-js\"><script type=\"text\/javascript\">\/* <![CDATA[ *\/\njQuery(document).ready(function($){if($('.twoclick_social_bookmarks_post_49275')){$('.twoclick_social_bookmarks_post_49275').socialSharePrivacy({\"services\":{\"facebook\":{\"status\":\"on\",\"txt_info\":\"2 Klicks f\\u00fcr mehr Datenschutz: Erst wenn Sie hier klicken, wird der Button aktiv und Sie k\\u00f6nnen Ihre Empfehlung an Facebook senden. Schon beim Aktivieren werden Daten an Dritte \\u00fcbertragen - siehe <em>i<\\\/em>.\",\"perma_option\":\"off\",\"action\":\"recommend\",\"language\":\"de_DE\"},\"twitter\":{\"reply_to\":\"\",\"tweet_text\":\"Norddeutsches%20Filtern%20%C2%BB%20Burks%27%20Blog%20-%20in%20dubio%20pro%20contra.%20De%20omnibus%20dubitandum.\",\"status\":\"on\",\"txt_info\":\"2 Klicks f\\u00fcr mehr Datenschutz: Erst wenn Sie hier klicken, wird der Button aktiv und Sie k\\u00f6nnen Ihre Empfehlung an Twitter senden. Schon beim Aktivieren werden Daten an Dritte \\u00fcbertragen - siehe <em>i<\\\/em>.\",\"perma_option\":\"off\",\"language\":\"de\",\"referrer_track\":\"\"}},\"txt_help\":\"Wenn Sie diese Felder durch einen Klick aktivieren, werden Informationen an Facebook, Twitter, Flattr, Xing, t3n, LinkedIn, Pinterest oder Google eventuell ins Ausland \\u00fcbertragen und unter Umst\\u00e4nden auch dort gespeichert. N\\u00e4heres erfahren Sie durch einen Klick auf das <em>i<\\\/em>.\",\"settings_perma\":\"Dauerhaft aktivieren und Daten\\u00fcber-tragung zustimmen:\",\"info_link\":\"http:\\\/\\\/www.heise.de\\\/ct\\\/artikel\\\/2-Klicks-fuer-mehr-Datenschutz-1333879.html\",\"uri\":\"https:\\\/\\\/www.burks.de\\\/burksblog\\\/2022\\\/08\\\/25\\\/norddeutsches-filtern\",\"post_id\":49275,\"post_title_referrer_track\":\"Norddeutsches+Filtern\",\"display_infobox\":\"on\"});}});\n\/* ]]> *\/<\/script><\/div>","protected":false},"excerpt":{"rendered":"<p>Eine deutsche Medienanstalt in 20 Jahren (Symbolbild) Business Insider (vom Springer-Verlag): &#8222;Politischer Filter&#8220;, &#8222;Klima der Angst&#8220;: NDR-Redakteure erheben laut vertraulichem Untersuchungsbericht schwere Vorw\u00fcrfe gegen Senderleitung. (&#8230;) Die &#8222;Berichterstattung werde teilweise verhindert und kritische Informationen heruntergespielt&#8220;, hei\u00dft es zu den Schilderungen der Mitarbeiter in einem vertraulichen Bericht aus dem September 2021. &#8222;Autoren w\u00fcrden abgezogen und Beitr\u00e4ge [&hellip;]<\/p>\n","protected":false},"author":1,"featured_media":0,"comment_status":"open","ping_status":"open","sticky":false,"template":"","format":"standard","meta":{"footnotes":""},"categories":[23],"tags":[],"class_list":["post-49275","post","type-post","status-publish","format-standard","hentry","category-media"],"_links":{"self":[{"href":"https:\/\/www.burks.de\/burksblog\/wp-json\/wp\/v2\/posts\/49275","targetHints":{"allow":["GET"]}}],"collection":[{"href":"https:\/\/www.burks.de\/burksblog\/wp-json\/wp\/v2\/posts"}],"about":[{"href":"https:\/\/www.burks.de\/burksblog\/wp-json\/wp\/v2\/types\/post"}],"author":[{"embeddable":true,"href":"https:\/\/www.burks.de\/burksblog\/wp-json\/wp\/v2\/users\/1"}],"replies":[{"embeddable":true,"href":"https:\/\/www.burks.de\/burksblog\/wp-json\/wp\/v2\/comments?post=49275"}],"version-history":[{"count":3,"href":"https:\/\/www.burks.de\/burksblog\/wp-json\/wp\/v2\/posts\/49275\/revisions"}],"predecessor-version":[{"id":49287,"href":"https:\/\/www.burks.de\/burksblog\/wp-json\/wp\/v2\/posts\/49275\/revisions\/49287"}],"wp:attachment":[{"href":"https:\/\/www.burks.de\/burksblog\/wp-json\/wp\/v2\/media?parent=49275"}],"wp:term":[{"taxonomy":"category","embeddable":true,"href":"https:\/\/www.burks.de\/burksblog\/wp-json\/wp\/v2\/categories?post=49275"},{"taxonomy":"post_tag","embeddable":true,"href":"https:\/\/www.burks.de\/burksblog\/wp-json\/wp\/v2\/tags?post=49275"}],"curies":[{"name":"wp","href":"https:\/\/api.w.org\/{rel}","templated":true}]}}