{"id":47661,"date":"2022-03-06T11:27:56","date_gmt":"2022-03-06T10:27:56","guid":{"rendered":"https:\/\/www.burks.de\/burksblog\/?p=47661"},"modified":"2022-03-07T08:13:51","modified_gmt":"2022-03-07T07:13:51","slug":"unter-bruecken","status":"publish","type":"post","link":"https:\/\/www.burks.de\/burksblog\/2022\/03\/06\/unter-bruecken","title":{"rendered":"Unter Br\u00fccken [Update] [2. Update]"},"content":{"rendered":"<p><img decoding=\"async\" src=\"https:\/\/www.burks.de\/burksblog\/pix\/2022\/03\/060322_1.jpg\" alt=\"bridge Kiew\" border=\"1\" hspace=\"0\" vspace=\"0\" width=\"480\"\/><\/p>\n<p>Oben: der russische Telegram-Kanal <i>Intel Slava Z<\/i>, unten der <i>Tagesspiegel<\/i>.<\/p>\n<p>[Update] Das ehemalige <a href=\"https:\/\/www.spiegel.de\/ausland\/irpin-bei-kiew-staedte-in-der-ukraine-unter-beschuss-der-russischen-truppen-a-73e0c261-17c1-4f89-ab38-31551d91bb5d\">Nachrichtenmagazin<\/a> rudert schon zur\u00fcck: &#8222;Anmerkung: In einer fr\u00fcheren Version dieses Videos hie\u00df es, die Br\u00fccke in Irpin sei durch russischen Raketenbeschuss zerst\u00f6rt worden. Tats\u00e4chlich hat das ukrainische Milit\u00e4r die Br\u00fccke gesprengt, um die russischen Truppen aufzuhalten.&#8220;<\/p>\n<p>[2. Update F\u00fcr den <a href=\"https:\/\/www.tagesspiegel.de\/politik\/selenskyj-will-bestrafung-von-graeueltaten-wir-werden-nicht-vergeben-wir-werden-nicht-vergessen\/28137300.html\">Tagesspiegel<\/a> ist die Br\u00fccke jetzt in <a href=\"https:\/\/www.google.de\/maps\/@50.5539775,30.2727367,2729m\/data=!3m1!1e3?hl=de\">Irpin<\/a>.<\/p>\n<div class=\"pdfprnt-buttons pdfprnt-buttons-post pdfprnt-bottom-right\"><a href=\"https:\/\/www.burks.de\/burksblog\/wp-json\/wp\/v2\/posts\/47661?print=pdf\" class=\"pdfprnt-button pdfprnt-button-pdf\" target=\"_blank\" ><img decoding=\"async\" src=\"https:\/\/www.burks.de\/burksblog\/wp-content\/plugins\/pdf-print\/images\/pdf.png\" alt=\"image_pdf\" title=\"PDF anzeigen\" \/><\/a><a href=\"https:\/\/www.burks.de\/burksblog\/wp-json\/wp\/v2\/posts\/47661?print=print\" class=\"pdfprnt-button pdfprnt-button-print\" target=\"_blank\" ><img decoding=\"async\" src=\"https:\/\/www.burks.de\/burksblog\/wp-content\/plugins\/pdf-print\/images\/print.png\" alt=\"image_print\" title=\"Inhalt drucken\" \/><\/a><\/div><div class=\"twoclick_social_bookmarks_post_47661 social_share_privacy clearfix 1.6.4 locale-de_DE sprite-de_DE\"><\/div><div class=\"twoclick-js\"><script type=\"text\/javascript\">\/* <![CDATA[ *\/\njQuery(document).ready(function($){if($('.twoclick_social_bookmarks_post_47661')){$('.twoclick_social_bookmarks_post_47661').socialSharePrivacy({\"services\":{\"facebook\":{\"status\":\"on\",\"txt_info\":\"2 Klicks f\\u00fcr mehr Datenschutz: Erst wenn Sie hier klicken, wird der Button aktiv und Sie k\\u00f6nnen Ihre Empfehlung an Facebook senden. Schon beim Aktivieren werden Daten an Dritte \\u00fcbertragen - siehe <em>i<\\\/em>.\",\"perma_option\":\"off\",\"action\":\"recommend\",\"language\":\"de_DE\"},\"twitter\":{\"reply_to\":\"\",\"tweet_text\":\"%20Unter%20Br%C3%BCcken%20%5BUpdate%5D%20%5B2.%20Update%5D%20%C2%BB%20Burks%27%20Blog%20-%20in%20dubio%20pro%20...\",\"status\":\"on\",\"txt_info\":\"2 Klicks f\\u00fcr mehr Datenschutz: Erst wenn Sie hier klicken, wird der Button aktiv und Sie k\\u00f6nnen Ihre Empfehlung an Twitter senden. Schon beim Aktivieren werden Daten an Dritte \\u00fcbertragen - siehe <em>i<\\\/em>.\",\"perma_option\":\"off\",\"language\":\"de\",\"referrer_track\":\"\"}},\"txt_help\":\"Wenn Sie diese Felder durch einen Klick aktivieren, werden Informationen an Facebook, Twitter, Flattr, Xing, t3n, LinkedIn, Pinterest oder Google eventuell ins Ausland \\u00fcbertragen und unter Umst\\u00e4nden auch dort gespeichert. N\\u00e4heres erfahren Sie durch einen Klick auf das <em>i<\\\/em>.\",\"settings_perma\":\"Dauerhaft aktivieren und Daten\\u00fcber-tragung zustimmen:\",\"info_link\":\"http:\\\/\\\/www.heise.de\\\/ct\\\/artikel\\\/2-Klicks-fuer-mehr-Datenschutz-1333879.html\",\"uri\":\"https:\\\/\\\/www.burks.de\\\/burksblog\\\/2022\\\/03\\\/06\\\/unter-bruecken\",\"post_id\":47661,\"post_title_referrer_track\":\"Unter+Br%C3%BCcken+%5BUpdate%5D+%5B2.+Update%5D\",\"display_infobox\":\"on\"});}});\n\/* ]]> *\/<\/script><\/div>","protected":false},"excerpt":{"rendered":"<p>Oben: der russische Telegram-Kanal Intel Slava Z, unten der Tagesspiegel. [Update] Das ehemalige Nachrichtenmagazin rudert schon zur\u00fcck: &#8222;Anmerkung: In einer fr\u00fcheren Version dieses Videos hie\u00df es, die Br\u00fccke in Irpin sei durch russischen Raketenbeschuss zerst\u00f6rt worden. Tats\u00e4chlich hat das ukrainische Milit\u00e4r die Br\u00fccke gesprengt, um die russischen Truppen aufzuhalten.&#8220; [2. Update F\u00fcr den Tagesspiegel ist [&hellip;]<\/p>\n","protected":false},"author":1,"featured_media":0,"comment_status":"open","ping_status":"open","sticky":false,"template":"","format":"standard","meta":{"footnotes":""},"categories":[23,15],"tags":[],"class_list":["post-47661","post","type-post","status-publish","format-standard","hentry","category-media","category-politics"],"_links":{"self":[{"href":"https:\/\/www.burks.de\/burksblog\/wp-json\/wp\/v2\/posts\/47661","targetHints":{"allow":["GET"]}}],"collection":[{"href":"https:\/\/www.burks.de\/burksblog\/wp-json\/wp\/v2\/posts"}],"about":[{"href":"https:\/\/www.burks.de\/burksblog\/wp-json\/wp\/v2\/types\/post"}],"author":[{"embeddable":true,"href":"https:\/\/www.burks.de\/burksblog\/wp-json\/wp\/v2\/users\/1"}],"replies":[{"embeddable":true,"href":"https:\/\/www.burks.de\/burksblog\/wp-json\/wp\/v2\/comments?post=47661"}],"version-history":[{"count":4,"href":"https:\/\/www.burks.de\/burksblog\/wp-json\/wp\/v2\/posts\/47661\/revisions"}],"predecessor-version":[{"id":47677,"href":"https:\/\/www.burks.de\/burksblog\/wp-json\/wp\/v2\/posts\/47661\/revisions\/47677"}],"wp:attachment":[{"href":"https:\/\/www.burks.de\/burksblog\/wp-json\/wp\/v2\/media?parent=47661"}],"wp:term":[{"taxonomy":"category","embeddable":true,"href":"https:\/\/www.burks.de\/burksblog\/wp-json\/wp\/v2\/categories?post=47661"},{"taxonomy":"post_tag","embeddable":true,"href":"https:\/\/www.burks.de\/burksblog\/wp-json\/wp\/v2\/tags?post=47661"}],"curies":[{"name":"wp","href":"https:\/\/api.w.org\/{rel}","templated":true}]}}