{"id":47556,"date":"2022-02-25T11:25:28","date_gmt":"2022-02-25T10:25:28","guid":{"rendered":"https:\/\/www.burks.de\/burksblog\/?p=47556"},"modified":"2022-02-25T11:25:29","modified_gmt":"2022-02-25T10:25:29","slug":"unter-reaktionaeren-sozialpfaffen","status":"publish","type":"post","link":"https:\/\/www.burks.de\/burksblog\/2022\/02\/25\/unter-reaktionaeren-sozialpfaffen","title":{"rendered":"Unter reaktion\u00e4ren Sozialpfaffen"},"content":{"rendered":"<p><img decoding=\"async\" src=\"https:\/\/www.burks.de\/burksblog\/pix\/2022\/02\/250222_1.jpg\" alt=\"war\" border=\"1\" hspace=\"0\" vspace=\"0\" width=\"480\"\/><\/p>\n<p><i>&#8222;Und wenn der heutige Krieg bei reaktion\u00e4ren Sozialpfaffen, bei weinerlichen Kleinb\u00fcrgern nur Schrecken, nur Erschrockenheit, nur Abscheu vor Waffengebrauch, Tod, Blut usw. erzeugt, so sagen wir dagegen: Die kapitalistische Gesellschaft war und ist immer ein Schrecken ohne Ende.&#8220; <a href=\"https:\/\/www.marxists.org\/deutsch\/archiv\/lenin\/1916\/10\/militaer.htm\">W. I Lenin<\/a>)<\/i><\/p>\n<p>Die Bonzen haben das Land <a href=\"https:\/\/snanews.de\/20220214\/oligarchen-verlassen-ukraine-5356353.html\">rechtzeitig verlassen<\/a>.* Das ist nicht euer Krieg, Soldaten der Ukraine! So w\u00fcrde eine Linke, falls es sie g\u00e4be in Deutschland, vermutlich formulieren m\u00fcssen. W\u00e4re ich der <a href=\"https:\/\/dewiki.de\/Lexikon\/Sekretariat_des_Zentralkomitees_der_Kommunistischen_Partei_der_Sowjetunion#Aufgaben_und_Organisation_des_Sekretariats\">Sekret\u00e4r<\/a> f\u00fcr Propaganda, h\u00e4tte ich die Parole ausgegeben: Soldaten der Ukraine, desertiert! Lasst Euch nicht verheizen! (Guter Titel f\u00fcr die Qualit\u00e4tspresse: Die &#8222;Linken&#8220; fordert die Ukraine auf, sich zu ergeben!)<\/p>\n<p><img decoding=\"async\" src=\"https:\/\/www.burks.de\/burksblog\/pix\/2022\/02\/250222_2.jpg\" alt=\"war\" border=\"0\" hspace=\"0\" vspace=\"0\" width=\"480\"\/><br \/>\n<sup>Credits: <a href=\"https:\/\/greatwar.nl\/index.html\">The Heritage of the Great War<\/a><\/sup><\/p>\n<p>Wenn Krieg zwischen kapitalistischen Staaten herrscht, kann und sollte man keine Partei ergreifen. Ich muss mich aber wundern, warum die herrschende Klasse Russlands diese Option w\u00e4hlt. Man muss jedoch zugeben, dass sie eine innere Logik hat, die der sogenannte &#8222;Westen&#8220; nie kapiert hat. Die Oligarchie Russlands hat sich bekanntlich die antifaschistische Tradition des Kampfes gegen Hitler-Deutschland zu eigen gemacht und in ihrem eigenen Sinn erz\u00e4hlt. Das Trauma von <a href=\"https:\/\/de.statista.com\/statistik\/daten\/studie\/1055110\/umfrage\/zahl-der-toten-nach-staaten-im-zweiten-weltkrieg\/#:~:text=Die%20h%C3%B6chsten%20Verluste%20musste%20die,den%20Rassenwahn%20des%20nationalsozialistischen%20Deutschlands.\">24 Millionen Toten<\/a> w\u00e4hrend des 2. Weltkrieges ist immer noch pr\u00e4sent. Wer da glaubt, Panzer der NATO, darunter eben auch die der Deutschen (falls sie mal gerade fahren) nahe der russischen Grenze postieren zu wollen oder auch nur laut \u00fcber die Option nachdenkt, muss man sehr emotionalen Reaktionen rechnen.<\/p>\n<p><i> Es geht vielmehr um die Frage, ob die deutsche und europ\u00e4ische Au\u00dfenpolitik in eine Falle gelaufen ist, weil sie sich nicht dazu durchgerungen hat, sich auf eine Finnlandisierung der Ukraine einzulassen. Gleichzeitig hat sie sich entschieden, die Ukraine nicht unter den Schutzschirm der Nato zu stellen. Auf diese Weise hat sie Putin f\u00fcr milit\u00e4rische Operationen eine \u201eCarte Blanche\u201c gegeben. (<a href=\"https:\/\/kurier.at\/politik\/ausland\/politikwissenschaftler-gibt-westen-mitschuld-an-eskalation\/401917669\">Herfried M\u00fcnkler<\/a>, Politikwissenschaftler)<\/i><\/p>\n<p><img decoding=\"async\" src=\"https:\/\/www.burks.de\/burksblog\/pix\/2022\/02\/250222_3.jpg\" alt=\"war\" border=\"0\" hspace=\"0\" vspace=\"0\" width=\"480\"\/><br \/>\n<sup>Credits: <a href=\"https:\/\/greatwar.nl\/index.html\">The Heritage of the Great War<\/a><\/sup><\/p>\n<p><i>&#8222;Milit\u00e4risch gesehen ist die Sache gelaufen. Und meine Bewertung ist, dass es nur um ein paar Tage gehen wird und nicht mehr.&#8220; (<a href=\"https:\/\/de.wikipedia.org\/wiki\/Erich_Vad\">Erich Vad<\/a>), Ex-Brigadegeneral der Bundeswehr<\/i><\/p>\n<p>Beim \u00dcberfliegen der sozialen Medien hatte ich in den letzten beiden Tagen ein D\u00e9\u00b7j\u00e0-vu. Das Gef\u00fchl kam mir irgendwie bekannt vor. Selbst Menschen, die man als einigerma\u00dfen vern\u00fcnftig ansah, wurden des kollektiven Wahnsinns fette Beute. Ich kenne keine Parteien mehr, nur noch Putin-Gegner oder so \u00e4hnlich. So wird es einigen auch am Beginn der fr\u00fcheren Weltkriege gegangen sein, wenn man wei\u00df, dass alle in eine Richtung laufen, aber zugleich vermutet, dass es die falsche ist, und deshalb nicht mitl\u00e4uft, aber scheel angesehen wird, weil man der Masse nicht folgt und deshalb immer wieder \u00fcberlegen muss: Bin ich bekloppt oder alle anderen?<\/p>\n<p><i>&#8222;Die massiven westlichen Sanktionen k\u00f6nnten Russland China in die Arme treiben \u2013 ein Verh\u00e4ltnis, in dem Peking der weit m\u00e4chtigere Akteur als Moskau ist. Dann w\u00fcrde Putins Versuch, Russland wieder als eigenst\u00e4ndige Weltmacht zu positionieren, scheitern, weil er \u00f6konomisch v\u00f6llig abh\u00e4ngig von China w\u00e4re.&#8220; (Herfried M\u00fcnkler)<\/i><\/p>\n<p>Es ist ein bisschen wie im <a href=\"https:\/\/de.wikipedia.org\/wiki\/Deutscher_Herbst\">Deutschen Herbst<\/a>: Man musste damals genau \u00fcberlegen, was man sagte, um nicht Beruf und Karriere zu verbauen. Eine bleierne Zeit: Ein falsches Wort, und du bist Sympathisant von Terroristen und damit ge\u00e4chtet.<\/p>\n<p>Hat eigentlich irgendjemand einen Plan, wie das alles ausgehen k\u00f6nnte? Gab es schon jemand in den unz\u00e4hligen Sendungen und Talkshows, der die Position der russischen Regierung vertreten durfte? Aha. Wir leben in interessanten Zeiten&#8230;<\/p>\n<p><img decoding=\"async\" src=\"https:\/\/www.burks.de\/burksblog\/pix\/2022\/02\/250222_4.jpg\" alt=\"war\" border=\"0\" hspace=\"0\" vspace=\"0\" width=\"480\"\/><br \/>\n<sup>Credits: Die Qualit\u00e4tspresse appelliert an die Volksgemeinschaft.<\/sup><\/p>\n<p><i>* Rossiya Segodnya (SNA) zitiert die <a href=\"https:\/\/www.motherjones.com\/politics\/2005\/11\/hellraiser-olena-prytula\/\">Ukrainskaja prawda<\/a>, die <a href=\"https:\/\/en.wikipedia.org\/wiki\/Olena_Prytula\">Olena Prytula<\/a> geh\u00f6rt.<\/i><\/p>\n<div class=\"pdfprnt-buttons pdfprnt-buttons-post pdfprnt-bottom-right\"><a href=\"https:\/\/www.burks.de\/burksblog\/wp-json\/wp\/v2\/posts\/47556?print=pdf\" class=\"pdfprnt-button pdfprnt-button-pdf\" target=\"_blank\" ><img decoding=\"async\" src=\"https:\/\/www.burks.de\/burksblog\/wp-content\/plugins\/pdf-print\/images\/pdf.png\" alt=\"image_pdf\" title=\"PDF anzeigen\" \/><\/a><a href=\"https:\/\/www.burks.de\/burksblog\/wp-json\/wp\/v2\/posts\/47556?print=print\" class=\"pdfprnt-button pdfprnt-button-print\" target=\"_blank\" ><img decoding=\"async\" src=\"https:\/\/www.burks.de\/burksblog\/wp-content\/plugins\/pdf-print\/images\/print.png\" alt=\"image_print\" title=\"Inhalt drucken\" \/><\/a><\/div><div class=\"twoclick_social_bookmarks_post_47556 social_share_privacy clearfix 1.6.4 locale-de_DE sprite-de_DE\"><\/div><div class=\"twoclick-js\"><script type=\"text\/javascript\">\/* <![CDATA[ *\/\njQuery(document).ready(function($){if($('.twoclick_social_bookmarks_post_47556')){$('.twoclick_social_bookmarks_post_47556').socialSharePrivacy({\"services\":{\"facebook\":{\"status\":\"on\",\"txt_info\":\"2 Klicks f\\u00fcr mehr Datenschutz: Erst wenn Sie hier klicken, wird der Button aktiv und Sie k\\u00f6nnen Ihre Empfehlung an Facebook senden. Schon beim Aktivieren werden Daten an Dritte \\u00fcbertragen - siehe <em>i<\\\/em>.\",\"perma_option\":\"off\",\"action\":\"recommend\",\"language\":\"de_DE\"},\"twitter\":{\"reply_to\":\"\",\"tweet_text\":\"%20Unter%20reaktion%C3%A4ren%20Sozialpfaffen%20%C2%BB%20Burks%27%20Blog%20-%20in%20dubio%20pro%20contra.%20De%20...\",\"status\":\"on\",\"txt_info\":\"2 Klicks f\\u00fcr mehr Datenschutz: Erst wenn Sie hier klicken, wird der Button aktiv und Sie k\\u00f6nnen Ihre Empfehlung an Twitter senden. Schon beim Aktivieren werden Daten an Dritte \\u00fcbertragen - siehe <em>i<\\\/em>.\",\"perma_option\":\"off\",\"language\":\"de\",\"referrer_track\":\"\"}},\"txt_help\":\"Wenn Sie diese Felder durch einen Klick aktivieren, werden Informationen an Facebook, Twitter, Flattr, Xing, t3n, LinkedIn, Pinterest oder Google eventuell ins Ausland \\u00fcbertragen und unter Umst\\u00e4nden auch dort gespeichert. N\\u00e4heres erfahren Sie durch einen Klick auf das <em>i<\\\/em>.\",\"settings_perma\":\"Dauerhaft aktivieren und Daten\\u00fcber-tragung zustimmen:\",\"info_link\":\"http:\\\/\\\/www.heise.de\\\/ct\\\/artikel\\\/2-Klicks-fuer-mehr-Datenschutz-1333879.html\",\"uri\":\"https:\\\/\\\/www.burks.de\\\/burksblog\\\/2022\\\/02\\\/25\\\/unter-reaktionaeren-sozialpfaffen\",\"post_id\":47556,\"post_title_referrer_track\":\"Unter+reaktion%C3%A4ren+Sozialpfaffen\",\"display_infobox\":\"on\"});}});\n\/* ]]> *\/<\/script><\/div>","protected":false},"excerpt":{"rendered":"<p>&#8222;Und wenn der heutige Krieg bei reaktion\u00e4ren Sozialpfaffen, bei weinerlichen Kleinb\u00fcrgern nur Schrecken, nur Erschrockenheit, nur Abscheu vor Waffengebrauch, Tod, Blut usw. erzeugt, so sagen wir dagegen: Die kapitalistische Gesellschaft war und ist immer ein Schrecken ohne Ende.&#8220; W. I Lenin) Die Bonzen haben das Land rechtzeitig verlassen.* Das ist nicht euer Krieg, Soldaten der [&hellip;]<\/p>\n","protected":false},"author":1,"featured_media":0,"comment_status":"open","ping_status":"open","sticky":false,"template":"","format":"standard","meta":{"footnotes":""},"categories":[23,15],"tags":[],"class_list":["post-47556","post","type-post","status-publish","format-standard","hentry","category-media","category-politics"],"_links":{"self":[{"href":"https:\/\/www.burks.de\/burksblog\/wp-json\/wp\/v2\/posts\/47556","targetHints":{"allow":["GET"]}}],"collection":[{"href":"https:\/\/www.burks.de\/burksblog\/wp-json\/wp\/v2\/posts"}],"about":[{"href":"https:\/\/www.burks.de\/burksblog\/wp-json\/wp\/v2\/types\/post"}],"author":[{"embeddable":true,"href":"https:\/\/www.burks.de\/burksblog\/wp-json\/wp\/v2\/users\/1"}],"replies":[{"embeddable":true,"href":"https:\/\/www.burks.de\/burksblog\/wp-json\/wp\/v2\/comments?post=47556"}],"version-history":[{"count":8,"href":"https:\/\/www.burks.de\/burksblog\/wp-json\/wp\/v2\/posts\/47556\/revisions"}],"predecessor-version":[{"id":47564,"href":"https:\/\/www.burks.de\/burksblog\/wp-json\/wp\/v2\/posts\/47556\/revisions\/47564"}],"wp:attachment":[{"href":"https:\/\/www.burks.de\/burksblog\/wp-json\/wp\/v2\/media?parent=47556"}],"wp:term":[{"taxonomy":"category","embeddable":true,"href":"https:\/\/www.burks.de\/burksblog\/wp-json\/wp\/v2\/categories?post=47556"},{"taxonomy":"post_tag","embeddable":true,"href":"https:\/\/www.burks.de\/burksblog\/wp-json\/wp\/v2\/tags?post=47556"}],"curies":[{"name":"wp","href":"https:\/\/api.w.org\/{rel}","templated":true}]}}