{"id":46693,"date":"2021-11-23T19:44:18","date_gmt":"2021-11-23T18:44:18","guid":{"rendered":"https:\/\/www.burks.de\/burksblog\/?p=46693"},"modified":"2021-11-23T22:25:30","modified_gmt":"2021-11-23T21:25:30","slug":"grenzenlose-freiheit","status":"publish","type":"post","link":"https:\/\/www.burks.de\/burksblog\/2021\/11\/23\/grenzenlose-freiheit","title":{"rendered":"Grenzenlose Freiheit"},"content":{"rendered":"<p><a href=\"https:\/\/www.burks.de\/burksblog\/pix\/2021\/11\/211121_1gr.jpg\"><img decoding=\"async\" src=\"https:\/\/www.burks.de\/burksblog\/pix\/2021\/11\/231121_1kl.jpg\" alt=\"moskau\" border=\"0\" hspace=\"0\" vspace=\"0\" width=\"480\"\/><\/a><\/p>\n<p><sup>Moskau bei Nacht. Das Foto wurde mir gerade von einem Freund zugeschickt, der im Flugzeug sa\u00df und dar\u00fcber r\u00e4sonierte, ob es angesichts der Nachrichten aus Deutschland nicht besser gewesen w\u00e4re, in Russland zu bleiben.<\/sup><\/p>\n<p>Ich habe aus dem Stream der Nachrichten ein paar Zitate aufgegabelt.  <i>&#8222;Aus aerosolphysikalischer Sicht macht ein Verbot von Weihnachtsm\u00e4rkten absolut keinen Sinn. Im Freien finden nur sehr wenige Ansteckungen statt&#8220;, <a href=\"https:\/\/www.welt.de\/politik\/deutschland\/article235231976\/Corona-Aerosol-Forscher-kritisieren-Absage-von-Weihnachtsmaerkten.html\">sagte<\/a> Gerhard <a href=\"https:\/\/de.wikipedia.org\/wiki\/Gerhard_Scheuch\">Scheuch<\/a>, fr\u00fcherer Pr\u00e4sident der <a href=\"https:\/\/www.info.gaef.de\/\">Internationalen Gesellschaft f\u00fcr Aerosolmedizin<\/a> (&#8230;) &#8222;Bei langen Schlangen vor den Impfzentren hat man auch keinerlei Bedenken.&#8220; Das Risiko einer Infektion sei in Innenbereichen 20- bis 100-mal h\u00f6her als drau\u00dfen. (&#8230;) &#8222;Eine allgemeine Maskenpflicht im Freien macht keinen Sinn und hilft nicht, das Infektionsgeschehen zu reduzieren.&#8220;<\/i><\/p>\n<p>Feuchtigkeit macht \u00fcbrigens <a href=\"https:\/\/www.spektrum.de\/news\/feuchtigkeit-macht-maske-effektiver\/1951621\">Masken effektiver<\/a>.<\/p>\n<p>Joachim Sauer [der Ehemann Angela Merkels, Quantenchemiker]: <i>Es ist erstaunlich, dass ein Drittel der Bev\u00f6lkerung nicht den wissenschaftlichen Erkenntnissen folgt. Zum Teil liegt das an einer gewissen Faulheit und Bequemlichkeit der Deutschen. Die andere Gruppe sind Menschen, die einer pers\u00f6nlichen \u00dcberzeugung folgen, einer Art ideologischer Reaktion auf das, was sie f\u00fcr eine Impfdiktatur halten. Dies gilt f\u00fcr alle Bildungsschichten, auch f\u00fcr Akademiker, \u00c4rzte und Wissenschaftler.<\/i><\/p>\n<p><a href=\"https:\/\/de.wikipedia.org\/wiki\/Alexander_S._Kekul%C3%A9\">Alexander Kekul\u00e9<\/a> [hinter der &#8222;Welt&#8220;-Paywall] <i>Vor allem das sogenannte 2G-Modell ist ja Teil des Problems. Geimpfte und Genesene glauben, sie w\u00e4ren sicher, weil man ihnen das bis vor Kurzem so gesagt hat. Aber auch sie infizieren sich zu einem erheblichen Teil. Dadurch haben wir jetzt diese massive Welle unter den Geimpften.<\/i><\/p>\n<p><i>Sie ist deshalb so gef\u00e4hrlich, weil diese Menschen glauben, sie seien gesch\u00fctzt. Sie wurden falsch informiert, sogar das Robert-Koch-Institut hat das noch bis vor Kurzem auf seiner Website falsch dargestellt.<\/i> (&#8230;)<\/p>\n<p><i>In den USA ist tats\u00e4chlich die Rede vom falschen Versprechen der Impfung. Ich schlie\u00dfe mich da ungern an, weil die Impfungen ja gegen schwere Verl\u00e4ufe weiterhin gut sch\u00fctzen. Ich w\u00fcrde eher von einem falschen Versprechen der Bundesregierung reden. Es wurde suggeriert, dass Geimpfte wieder ein v\u00f6llig normales Leben f\u00fchren k\u00f6nnten.<\/i> (&#8230;)<\/p>\n<p><i>Der Chef von Pfizer hat vor einigen Wochen gesagt, dass der an Delta angepasste Impfstoff bereits im Regal steht. Da stellt sich die Frage, warum wir mit dem gegen die urspr\u00fcngliche Wuhan-Variante entwickelten Impfstoff boostern, statt die neu angepassten Vakzine zu verimpfen.<\/i><\/p>\n<div class=\"pdfprnt-buttons pdfprnt-buttons-post pdfprnt-bottom-right\"><a href=\"https:\/\/www.burks.de\/burksblog\/wp-json\/wp\/v2\/posts\/46693?print=pdf\" class=\"pdfprnt-button pdfprnt-button-pdf\" target=\"_blank\" ><img decoding=\"async\" src=\"https:\/\/www.burks.de\/burksblog\/wp-content\/plugins\/pdf-print\/images\/pdf.png\" alt=\"image_pdf\" title=\"PDF anzeigen\" \/><\/a><a href=\"https:\/\/www.burks.de\/burksblog\/wp-json\/wp\/v2\/posts\/46693?print=print\" class=\"pdfprnt-button pdfprnt-button-print\" target=\"_blank\" ><img decoding=\"async\" src=\"https:\/\/www.burks.de\/burksblog\/wp-content\/plugins\/pdf-print\/images\/print.png\" alt=\"image_print\" title=\"Inhalt drucken\" \/><\/a><\/div><div class=\"twoclick_social_bookmarks_post_46693 social_share_privacy clearfix 1.6.4 locale-de_DE sprite-de_DE\"><\/div><div class=\"twoclick-js\"><script type=\"text\/javascript\">\/* <![CDATA[ *\/\njQuery(document).ready(function($){if($('.twoclick_social_bookmarks_post_46693')){$('.twoclick_social_bookmarks_post_46693').socialSharePrivacy({\"services\":{\"facebook\":{\"status\":\"on\",\"txt_info\":\"2 Klicks f\\u00fcr mehr Datenschutz: Erst wenn Sie hier klicken, wird der Button aktiv und Sie k\\u00f6nnen Ihre Empfehlung an Facebook senden. Schon beim Aktivieren werden Daten an Dritte \\u00fcbertragen - siehe <em>i<\\\/em>.\",\"perma_option\":\"off\",\"action\":\"recommend\",\"language\":\"de_DE\"},\"twitter\":{\"reply_to\":\"\",\"tweet_text\":\"Grenzenlose%20Freiheit%20%C2%BB%20Burks%27%20Blog%20-%20in%20dubio%20pro%20contra.%20De%20omnibus%20dubitandum.\",\"status\":\"on\",\"txt_info\":\"2 Klicks f\\u00fcr mehr Datenschutz: Erst wenn Sie hier klicken, wird der Button aktiv und Sie k\\u00f6nnen Ihre Empfehlung an Twitter senden. Schon beim Aktivieren werden Daten an Dritte \\u00fcbertragen - siehe <em>i<\\\/em>.\",\"perma_option\":\"off\",\"language\":\"de\",\"referrer_track\":\"\"}},\"txt_help\":\"Wenn Sie diese Felder durch einen Klick aktivieren, werden Informationen an Facebook, Twitter, Flattr, Xing, t3n, LinkedIn, Pinterest oder Google eventuell ins Ausland \\u00fcbertragen und unter Umst\\u00e4nden auch dort gespeichert. N\\u00e4heres erfahren Sie durch einen Klick auf das <em>i<\\\/em>.\",\"settings_perma\":\"Dauerhaft aktivieren und Daten\\u00fcber-tragung zustimmen:\",\"info_link\":\"http:\\\/\\\/www.heise.de\\\/ct\\\/artikel\\\/2-Klicks-fuer-mehr-Datenschutz-1333879.html\",\"uri\":\"https:\\\/\\\/www.burks.de\\\/burksblog\\\/2021\\\/11\\\/23\\\/grenzenlose-freiheit\",\"post_id\":46693,\"post_title_referrer_track\":\"Grenzenlose+Freiheit\",\"display_infobox\":\"on\"});}});\n\/* ]]> *\/<\/script><\/div>","protected":false},"excerpt":{"rendered":"<p>Moskau bei Nacht. Das Foto wurde mir gerade von einem Freund zugeschickt, der im Flugzeug sa\u00df und dar\u00fcber r\u00e4sonierte, ob es angesichts der Nachrichten aus Deutschland nicht besser gewesen w\u00e4re, in Russland zu bleiben. Ich habe aus dem Stream der Nachrichten ein paar Zitate aufgegabelt. &#8222;Aus aerosolphysikalischer Sicht macht ein Verbot von Weihnachtsm\u00e4rkten absolut keinen [&hellip;]<\/p>\n","protected":false},"author":1,"featured_media":0,"comment_status":"open","ping_status":"open","sticky":false,"template":"","format":"standard","meta":{"footnotes":""},"categories":[16,17],"tags":[],"class_list":["post-46693","post","type-post","status-publish","format-standard","hentry","category-panorama","category-science"],"_links":{"self":[{"href":"https:\/\/www.burks.de\/burksblog\/wp-json\/wp\/v2\/posts\/46693","targetHints":{"allow":["GET"]}}],"collection":[{"href":"https:\/\/www.burks.de\/burksblog\/wp-json\/wp\/v2\/posts"}],"about":[{"href":"https:\/\/www.burks.de\/burksblog\/wp-json\/wp\/v2\/types\/post"}],"author":[{"embeddable":true,"href":"https:\/\/www.burks.de\/burksblog\/wp-json\/wp\/v2\/users\/1"}],"replies":[{"embeddable":true,"href":"https:\/\/www.burks.de\/burksblog\/wp-json\/wp\/v2\/comments?post=46693"}],"version-history":[{"count":3,"href":"https:\/\/www.burks.de\/burksblog\/wp-json\/wp\/v2\/posts\/46693\/revisions"}],"predecessor-version":[{"id":46696,"href":"https:\/\/www.burks.de\/burksblog\/wp-json\/wp\/v2\/posts\/46693\/revisions\/46696"}],"wp:attachment":[{"href":"https:\/\/www.burks.de\/burksblog\/wp-json\/wp\/v2\/media?parent=46693"}],"wp:term":[{"taxonomy":"category","embeddable":true,"href":"https:\/\/www.burks.de\/burksblog\/wp-json\/wp\/v2\/categories?post=46693"},{"taxonomy":"post_tag","embeddable":true,"href":"https:\/\/www.burks.de\/burksblog\/wp-json\/wp\/v2\/tags?post=46693"}],"curies":[{"name":"wp","href":"https:\/\/api.w.org\/{rel}","templated":true}]}}