{"id":44452,"date":"2021-04-14T12:29:30","date_gmt":"2021-04-14T10:29:30","guid":{"rendered":"https:\/\/www.burks.de\/burksblog\/?p=44452"},"modified":"2021-04-14T12:29:31","modified_gmt":"2021-04-14T10:29:31","slug":"der-lifestyle-linke","status":"publish","type":"post","link":"https:\/\/www.burks.de\/burksblog\/2021\/04\/14\/der-lifestyle-linke","title":{"rendered":"Der &#8222;Lifestyle-Linke&#8220;"},"content":{"rendered":"<p>Die \u00fcblichen Verd\u00e4chtigen heulen schon getroffen auf, also muss das Buch ganz hervorragend sein. Ich h\u00e4tte das nicht besser beschreiben k\u00f6nnen. <a href=\"https:\/\/www.tagesspiegel.de\/politik\/wagenknechts-kritisiert-lifestyle-linke-ex-fraktionschefin-wirft-linken-selbstgerechtigkeit-vor\/27091736.html\">Der Tagesspiegel<\/a>:<\/p>\n<p><i>Der &#8222;Lifestyle-Linke&#8220; wird in Wagenknechts Buch polemisch-plakativ \u00fcberzeichnet. &#8222;Er sorgt sich um das Klima und setzt sich f\u00fcr Emanzipation, Zuwanderung und sexuelle Minderheiten ein.&#8220; Er halte den Nationalstaat f\u00fcr ein Auslaufmodell und sich selbst f\u00fcr einen Weltb\u00fcrger, &#8222;den mit dem eigenen Land eher wenig verbindet&#8220;, schreibt Wagenknecht. &#8222;\u00dcberkommene Werte wie Leistung, Flei\u00df und Anstrengung findet er uncool.&#8220; Denn gro\u00dfgezogen wurde er von &#8222;meist gut situierten Helikoptereltern&#8220;. Sicherheit g\u00e4ben ihm &#8222;Papas kleines Verm\u00f6gen und Mamas Beziehungen&#8220;, deshalb k\u00f6nne er sich auch unbezahlte Praktika leisten.<\/i><\/p>\n<p><i>Identit\u00e4tspolitik stehe im Zentrum des linksliberalen Weltbildes. &#8222;Die Identit\u00e4tspolitik l\u00e4uft darauf hinaus das Augenmerk auf immer kleinere und immer skurrilere Minderheiten zu richten, die ihre Identit\u00e4t jeweils in irgendeiner Marotte finden, durch die sie sich von der Mehrheitsgesellschaft unterscheiden und aus der sie den Anspruch ableiten, ein Opfer zu sein&#8220;, schreibt Wagenknecht. Es gehe dem Linksliberalismus nicht um die rechtliche Gleichstellung von Minderheiten, sondern um die &#8222;Forderung nach Privilegierung von Minderheiten&#8220;, um die &#8222;Heiligsprechung von Ungleichheit&#8220;\u201c.<\/i><\/p>\n<div class=\"pdfprnt-buttons pdfprnt-buttons-post pdfprnt-bottom-right\"><a href=\"https:\/\/www.burks.de\/burksblog\/wp-json\/wp\/v2\/posts\/44452?print=pdf\" class=\"pdfprnt-button pdfprnt-button-pdf\" target=\"_blank\" ><img decoding=\"async\" src=\"https:\/\/www.burks.de\/burksblog\/wp-content\/plugins\/pdf-print\/images\/pdf.png\" alt=\"image_pdf\" title=\"PDF anzeigen\" \/><\/a><a href=\"https:\/\/www.burks.de\/burksblog\/wp-json\/wp\/v2\/posts\/44452?print=print\" class=\"pdfprnt-button pdfprnt-button-print\" target=\"_blank\" ><img decoding=\"async\" src=\"https:\/\/www.burks.de\/burksblog\/wp-content\/plugins\/pdf-print\/images\/print.png\" alt=\"image_print\" title=\"Inhalt drucken\" \/><\/a><\/div><div class=\"twoclick_social_bookmarks_post_44452 social_share_privacy clearfix 1.6.4 locale-de_DE sprite-de_DE\"><\/div><div class=\"twoclick-js\"><script type=\"text\/javascript\">\/* <![CDATA[ *\/\njQuery(document).ready(function($){if($('.twoclick_social_bookmarks_post_44452')){$('.twoclick_social_bookmarks_post_44452').socialSharePrivacy({\"services\":{\"facebook\":{\"status\":\"on\",\"txt_info\":\"2 Klicks f\\u00fcr mehr Datenschutz: Erst wenn Sie hier klicken, wird der Button aktiv und Sie k\\u00f6nnen Ihre Empfehlung an Facebook senden. Schon beim Aktivieren werden Daten an Dritte \\u00fcbertragen - siehe <em>i<\\\/em>.\",\"perma_option\":\"off\",\"action\":\"recommend\",\"language\":\"de_DE\"},\"twitter\":{\"reply_to\":\"\",\"tweet_text\":\"%20Der%20%E2%80%9ELifestyle-Linke%E2%80%9C%20%C2%BB%20Burks%27%20Blog%20-%20in%20dubio%20pro%20contra.%20De%20...\",\"status\":\"on\",\"txt_info\":\"2 Klicks f\\u00fcr mehr Datenschutz: Erst wenn Sie hier klicken, wird der Button aktiv und Sie k\\u00f6nnen Ihre Empfehlung an Twitter senden. Schon beim Aktivieren werden Daten an Dritte \\u00fcbertragen - siehe <em>i<\\\/em>.\",\"perma_option\":\"off\",\"language\":\"de\",\"referrer_track\":\"\"}},\"txt_help\":\"Wenn Sie diese Felder durch einen Klick aktivieren, werden Informationen an Facebook, Twitter, Flattr, Xing, t3n, LinkedIn, Pinterest oder Google eventuell ins Ausland \\u00fcbertragen und unter Umst\\u00e4nden auch dort gespeichert. N\\u00e4heres erfahren Sie durch einen Klick auf das <em>i<\\\/em>.\",\"settings_perma\":\"Dauerhaft aktivieren und Daten\\u00fcber-tragung zustimmen:\",\"info_link\":\"http:\\\/\\\/www.heise.de\\\/ct\\\/artikel\\\/2-Klicks-fuer-mehr-Datenschutz-1333879.html\",\"uri\":\"https:\\\/\\\/www.burks.de\\\/burksblog\\\/2021\\\/04\\\/14\\\/der-lifestyle-linke\",\"post_id\":44452,\"post_title_referrer_track\":\"Der+%26%238222%3BLifestyle-Linke%26%238220%3B\",\"display_infobox\":\"on\"});}});\n\/* ]]> *\/<\/script><\/div>","protected":false},"excerpt":{"rendered":"<p>Die \u00fcblichen Verd\u00e4chtigen heulen schon getroffen auf, also muss das Buch ganz hervorragend sein. Ich h\u00e4tte das nicht besser beschreiben k\u00f6nnen. Der Tagesspiegel: Der &#8222;Lifestyle-Linke&#8220; wird in Wagenknechts Buch polemisch-plakativ \u00fcberzeichnet. &#8222;Er sorgt sich um das Klima und setzt sich f\u00fcr Emanzipation, Zuwanderung und sexuelle Minderheiten ein.&#8220; Er halte den Nationalstaat f\u00fcr ein Auslaufmodell und [&hellip;]<\/p>\n","protected":false},"author":1,"featured_media":0,"comment_status":"open","ping_status":"open","sticky":false,"template":"","format":"standard","meta":{"footnotes":""},"categories":[15],"tags":[1086,1085],"class_list":["post-44452","post","type-post","status-publish","format-standard","hentry","category-politics","tag-lifestyle-linke","tag-wagenknecht"],"_links":{"self":[{"href":"https:\/\/www.burks.de\/burksblog\/wp-json\/wp\/v2\/posts\/44452","targetHints":{"allow":["GET"]}}],"collection":[{"href":"https:\/\/www.burks.de\/burksblog\/wp-json\/wp\/v2\/posts"}],"about":[{"href":"https:\/\/www.burks.de\/burksblog\/wp-json\/wp\/v2\/types\/post"}],"author":[{"embeddable":true,"href":"https:\/\/www.burks.de\/burksblog\/wp-json\/wp\/v2\/users\/1"}],"replies":[{"embeddable":true,"href":"https:\/\/www.burks.de\/burksblog\/wp-json\/wp\/v2\/comments?post=44452"}],"version-history":[{"count":1,"href":"https:\/\/www.burks.de\/burksblog\/wp-json\/wp\/v2\/posts\/44452\/revisions"}],"predecessor-version":[{"id":44453,"href":"https:\/\/www.burks.de\/burksblog\/wp-json\/wp\/v2\/posts\/44452\/revisions\/44453"}],"wp:attachment":[{"href":"https:\/\/www.burks.de\/burksblog\/wp-json\/wp\/v2\/media?parent=44452"}],"wp:term":[{"taxonomy":"category","embeddable":true,"href":"https:\/\/www.burks.de\/burksblog\/wp-json\/wp\/v2\/categories?post=44452"},{"taxonomy":"post_tag","embeddable":true,"href":"https:\/\/www.burks.de\/burksblog\/wp-json\/wp\/v2\/tags?post=44452"}],"curies":[{"name":"wp","href":"https:\/\/api.w.org\/{rel}","templated":true}]}}