{"id":44052,"date":"2021-03-19T19:07:09","date_gmt":"2021-03-19T18:07:09","guid":{"rendered":"https:\/\/www.burks.de\/burksblog\/?p=44052"},"modified":"2021-03-19T19:07:10","modified_gmt":"2021-03-19T18:07:10","slug":"tkue-ick-hoer-dir-nicht-trapsen","status":"publish","type":"post","link":"https:\/\/www.burks.de\/burksblog\/2021\/03\/19\/tkue-ick-hoer-dir-nicht-trapsen","title":{"rendered":"TK\u00dc, ick h\u00f6r dir nicht trapsen"},"content":{"rendered":"<p>Gerade <del>schrob<\/del> schrieb ich in einer Arbeitspause in den <del>a<\/del>sozialen Medien: Wer &#8222;Ungleichheit&#8220; bek\u00e4mpfen, aber den Kapitalismus erhalten will, leidet an politischer Schizophrenie und hat schwer einen an der Waffel. #Gr\u00fcne<\/p>\n<p>Jetzt lese ich bei <a href=\"http:\/\/blog.fefe.de\/?ts=9eaa68b0\">Fefe<\/a> ein Zitat aus dem <a href=\"https:\/\/www.gruene.de\/artikel\/wahlprogramm-zur-bundestagswahl-2021\">Wahlprogramm<\/a> der neuen Bourgeoisie-Freundglottisschlaginnen: &#8222;&#8230;wollen wir es der Polizei erm\u00f6glichen, technische Ger\u00e4te anhand einer rechtsstaatlich ausgestalteten <a href=\"https:\/\/www.burks.de\/burksblog\/2019\/12\/25\/remote-communication-interception-software-reloaded\">Quellen-TK\u00dc<\/a> zielgerichtet zu infiltrieren.&#8220;<\/p>\n<p>Die haben ja noch mehr einen an der Waffel, als ich dachte. Vielleicht sollten sich mal die W\u00e4hlerglottisschlaginnen trauen, mit mir eine Videokonferenz zu machen, mit Zuschauern nat\u00fcrlich &#8211; aus dem hiesigen Publikum, und sich f\u00fcr den haneb\u00fcchenen Quatsch rechtfertigen, den die st\u00e4ndig verzapfen? Aber vermutlich w\u00e4hlt die hier niemand, die habe ich schon alle vergrault&#8230;<\/p>\n<div class=\"pdfprnt-buttons pdfprnt-buttons-post pdfprnt-bottom-right\"><a href=\"https:\/\/www.burks.de\/burksblog\/wp-json\/wp\/v2\/posts\/44052?print=pdf\" class=\"pdfprnt-button pdfprnt-button-pdf\" target=\"_blank\" ><img decoding=\"async\" src=\"https:\/\/www.burks.de\/burksblog\/wp-content\/plugins\/pdf-print\/images\/pdf.png\" alt=\"image_pdf\" title=\"PDF anzeigen\" \/><\/a><a href=\"https:\/\/www.burks.de\/burksblog\/wp-json\/wp\/v2\/posts\/44052?print=print\" class=\"pdfprnt-button pdfprnt-button-print\" target=\"_blank\" ><img decoding=\"async\" src=\"https:\/\/www.burks.de\/burksblog\/wp-content\/plugins\/pdf-print\/images\/print.png\" alt=\"image_print\" title=\"Inhalt drucken\" \/><\/a><\/div><div class=\"twoclick_social_bookmarks_post_44052 social_share_privacy clearfix 1.6.4 locale-de_DE sprite-de_DE\"><\/div><div class=\"twoclick-js\"><script type=\"text\/javascript\">\/* <![CDATA[ *\/\njQuery(document).ready(function($){if($('.twoclick_social_bookmarks_post_44052')){$('.twoclick_social_bookmarks_post_44052').socialSharePrivacy({\"services\":{\"facebook\":{\"status\":\"on\",\"txt_info\":\"2 Klicks f\\u00fcr mehr Datenschutz: Erst wenn Sie hier klicken, wird der Button aktiv und Sie k\\u00f6nnen Ihre Empfehlung an Facebook senden. Schon beim Aktivieren werden Daten an Dritte \\u00fcbertragen - siehe <em>i<\\\/em>.\",\"perma_option\":\"off\",\"action\":\"recommend\",\"language\":\"de_DE\"},\"twitter\":{\"reply_to\":\"\",\"tweet_text\":\"%20TK%C3%9C%2C%20ick%20h%C3%B6r%20dir%20nicht%20trapsen%20%C2%BB%20Burks%27%20Blog%20-%20in%20dubio%20pro%20...\",\"status\":\"on\",\"txt_info\":\"2 Klicks f\\u00fcr mehr Datenschutz: Erst wenn Sie hier klicken, wird der Button aktiv und Sie k\\u00f6nnen Ihre Empfehlung an Twitter senden. Schon beim Aktivieren werden Daten an Dritte \\u00fcbertragen - siehe <em>i<\\\/em>.\",\"perma_option\":\"off\",\"language\":\"de\",\"referrer_track\":\"\"}},\"txt_help\":\"Wenn Sie diese Felder durch einen Klick aktivieren, werden Informationen an Facebook, Twitter, Flattr, Xing, t3n, LinkedIn, Pinterest oder Google eventuell ins Ausland \\u00fcbertragen und unter Umst\\u00e4nden auch dort gespeichert. N\\u00e4heres erfahren Sie durch einen Klick auf das <em>i<\\\/em>.\",\"settings_perma\":\"Dauerhaft aktivieren und Daten\\u00fcber-tragung zustimmen:\",\"info_link\":\"http:\\\/\\\/www.heise.de\\\/ct\\\/artikel\\\/2-Klicks-fuer-mehr-Datenschutz-1333879.html\",\"uri\":\"https:\\\/\\\/www.burks.de\\\/burksblog\\\/2021\\\/03\\\/19\\\/tkue-ick-hoer-dir-nicht-trapsen\",\"post_id\":44052,\"post_title_referrer_track\":\"TK%C3%9C%2C+ick+h%C3%B6r+dir+nicht+trapsen\",\"display_infobox\":\"on\"});}});\n\/* ]]> *\/<\/script><\/div>","protected":false},"excerpt":{"rendered":"<p>Gerade schrob schrieb ich in einer Arbeitspause in den asozialen Medien: Wer &#8222;Ungleichheit&#8220; bek\u00e4mpfen, aber den Kapitalismus erhalten will, leidet an politischer Schizophrenie und hat schwer einen an der Waffel. #Gr\u00fcne Jetzt lese ich bei Fefe ein Zitat aus dem Wahlprogramm der neuen Bourgeoisie-Freundglottisschlaginnen: &#8222;&#8230;wollen wir es der Polizei erm\u00f6glichen, technische Ger\u00e4te anhand einer rechtsstaatlich [&hellip;]<\/p>\n","protected":false},"author":1,"featured_media":0,"comment_status":"open","ping_status":"open","sticky":false,"template":"","format":"standard","meta":{"footnotes":""},"categories":[545,15],"tags":[],"class_list":["post-44052","post","type-post","status-publish","format-standard","hentry","category-die-online-durchsuchung","category-politics"],"_links":{"self":[{"href":"https:\/\/www.burks.de\/burksblog\/wp-json\/wp\/v2\/posts\/44052","targetHints":{"allow":["GET"]}}],"collection":[{"href":"https:\/\/www.burks.de\/burksblog\/wp-json\/wp\/v2\/posts"}],"about":[{"href":"https:\/\/www.burks.de\/burksblog\/wp-json\/wp\/v2\/types\/post"}],"author":[{"embeddable":true,"href":"https:\/\/www.burks.de\/burksblog\/wp-json\/wp\/v2\/users\/1"}],"replies":[{"embeddable":true,"href":"https:\/\/www.burks.de\/burksblog\/wp-json\/wp\/v2\/comments?post=44052"}],"version-history":[{"count":1,"href":"https:\/\/www.burks.de\/burksblog\/wp-json\/wp\/v2\/posts\/44052\/revisions"}],"predecessor-version":[{"id":44053,"href":"https:\/\/www.burks.de\/burksblog\/wp-json\/wp\/v2\/posts\/44052\/revisions\/44053"}],"wp:attachment":[{"href":"https:\/\/www.burks.de\/burksblog\/wp-json\/wp\/v2\/media?parent=44052"}],"wp:term":[{"taxonomy":"category","embeddable":true,"href":"https:\/\/www.burks.de\/burksblog\/wp-json\/wp\/v2\/categories?post=44052"},{"taxonomy":"post_tag","embeddable":true,"href":"https:\/\/www.burks.de\/burksblog\/wp-json\/wp\/v2\/tags?post=44052"}],"curies":[{"name":"wp","href":"https:\/\/api.w.org\/{rel}","templated":true}]}}