{"id":43567,"date":"2021-02-06T23:57:38","date_gmt":"2021-02-06T22:57:38","guid":{"rendered":"https:\/\/www.burks.de\/burksblog\/?p=43567"},"modified":"2021-02-07T12:10:51","modified_gmt":"2021-02-07T11:10:51","slug":"einfach-mal-die-presse-halten-und-goiennaches","status":"publish","type":"post","link":"https:\/\/www.burks.de\/burksblog\/2021\/02\/06\/einfach-mal-die-presse-halten-und-goiennaches","title":{"rendered":"Einfach mal die Presse halten und G\u00f3iennaches"},"content":{"rendered":"<p><a href=\"https:\/\/www.burks.de\/burksblog\/pix\/2021\/02\/060221_1gr.jpg\"><img decoding=\"async\" src=\"https:\/\/www.burks.de\/burksblog\/pix\/2021\/02\/060221_1kl.jpg\" alt=\"presse\" border=\"0\" hspace=\"0\" vspace=\"0\" width=\"480\"\/><\/a><\/p>\n<p>In den sozialen Medien hatte ich angemerkt, dass es in der Berliner Verwaltung jetzt doch nicht mehr eines Arier- oder <a href=\"https:\/\/www.tagesspiegel.de\/berlin\/spd-setzt-sich-gegen-linke-durch-berlin-verzichtet-auf-migrantenquote-im-oeffentlichen-dienst\/26888982.html\">Migrantennachweises<\/a> bedarf. Das rief allerlei Sektierer der buntscheckigsten Art und Geschlechter auf den Plan. Aus anthropologischer Sicht ist das langweilig, da diese Mischpoke mit einer intellektuellen Software ausgestattet ist, die h\u00f6chstens einen Einzeller zum Laufen bringen k\u00f6nnte, und auch nur mit M\u00fche.<\/p>\n<p>Ich warne aber daf\u00fcr, sich durch eine Diskussion mit SektenmitgliederI:_&amp;%innen etwas zu erhoffen. Es handelt sich um Menschen, die gl\u00fccklich sind. Die anderen, die ihrer Erleuchtung noch nicht teilhaben und nicht mit dem esoterischen Wissen ausgestattet sind, werden nur mitleidig betrachtet. Sektierer bedauern Nicht-Sektierer. Alles, was man sagt und zu ihren Ungunsten vorbringt, best\u00e4tigt sie. Man kann denen nicht helfen. Das m\u00fcssen sie selbst tun. Ich wei\u00df, wovon ich rede&#8230; Also einfach die Presse halten.<\/p>\n<p><a href=\"https:\/\/www.burks.de\/burksblog\/pix\/2021\/02\/060221_5gr.jpg\"><img decoding=\"async\" src=\"https:\/\/www.burks.de\/burksblog\/pix\/2021\/02\/060221_5kl.jpg\" alt=\"mug\" border=\"0\" hspace=\"0\" vspace=\"0\" width=\"480\"\/><\/a><\/p>\n<p>Ich spiele immer noch mit Alexa herum. Ja, ich \u00fcberpr\u00fcfe auch den <a href=\"https:\/\/netzpolitik.org\/2019\/alexa-gutachten-des-bundestages-amazon-hoert-auch-kindern-und-gaesten-zu\/\">Datenschutz<\/a>: Man kann dem Teilchen auch fasst alles, was problematisch ist, verbieten, zum Beispiele das Mikrofon ausstellen oder alle Aufzeichnungen l\u00f6schen. Das ist genauso &#8222;m\u00fchsam&#8220;, als erzeugte man einen neuen PGP-Schl\u00fcssel. Man muss es nur tun, wenn Bedarf daf\u00fcr ist. Und vorher das <i>fucking manual<\/i> lesen.<\/p>\n<p>Es war gar nicht so einfach, die Ger\u00e4te, die \u00fcber <a href=\"https:\/\/avm.de\/produkte\/fritzapps\/fritzapp-smart-home\/\">Smart Home<\/a> der Fritzbox angeschlossen sind, kompatibel mit Alexa zu machen. Die <a href=\"https:\/\/www.pc-magazin.de\/ratgeber\/avm-fritzbox-alexa-sprachsteuerung-router-heimvernetzung-3199922.html\">Anleitung des PC-Magazins<\/a> ist die einzige, die funktioniert und auch alle Eventualit\u00e4ten erw\u00e4hnt. Man muss ein bisschen fummeln, weil das Feature <a href=\"https:\/\/www.fbsmarthome.site\/\">nicht offiziell<\/a> ist.<\/p>\n<p>Um mich herum dr\u00f6hnt der <a href=\"https:\/\/www.youtube.com\/watch?v=aRk-DQUUlz8\">Warp-Kern<\/a>. Sehr beruhigendes Ger\u00e4usch! Ich kann auch die <a href=\"https:\/\/www.amazon.de\/S%C3%B6ren-M%C3%BCller-Webentwicklung-Warpgeschwindigkeit\/dp\/B076B61JPN\">Warp-Geschwindigkeit<\/a> erh\u00f6hen. Jetzt muss ich noch herausfinden, ob Alexa auch die Stimme von <a href=\"https:\/\/www.youtube.com\/watch?v=aPAlzczW-eM\">Olga Kurylenko<\/a> annehmen kann.<\/p>\n<p><a href=\"https:\/\/www.burks.de\/burksblog\/pix\/2021\/02\/060221_2gr.jpg\"><img decoding=\"async\" src=\"https:\/\/www.burks.de\/burksblog\/pix\/2021\/02\/060221_2kl.jpg\" alt=\"k\u00fcche\" border=\"0\" hspace=\"0\" vspace=\"0\" width=\"480\"\/><\/a><\/p>\n<p>Nein, mein heutiges Chili con carne ist mit Schweinefleisch. Deswegen sage ich trotzdem L&#8217;Chaim. Ich gebe dann eben den <a href=\"https:\/\/www.nzz.ch\/feuilleton\/den-schabbesgoi-gibt-es-nicht-mehr-im-juedischen-alltag-ld.1556728\">Shabbes-Goi<\/a>.<\/p>\n<p><a href=\"https:\/\/www.burks.de\/burksblog\/pix\/2021\/02\/060221_3gr.jpg\"><img decoding=\"async\" src=\"https:\/\/www.burks.de\/burksblog\/pix\/2021\/02\/060221_3kl.jpg\" alt=\"k\u00fcche\" border=\"0\" hspace=\"0\" vspace=\"0\" width=\"480\"\/><\/a><\/p>\n<p>Schade, dass Alexa und die anderen Ger\u00e4te, <a href=\"https:\/\/www.burks.de\/burksblog\/2019\/07\/10\/self-surveillance-oder-wenn-smarte-geraete-sich-pruegeln\">mit denen ich mich selbst \u00fcberwache<\/a>, nur auf Befehl handeln und nicht selbst\u00e4ndig. Wie das Publikum unschwer erkennen kann, h\u00e4ngt da eine gro\u00dfe K\u00fcchenuhr. Die ist neu. Warum? Das kam so: Man stelle sich jemanden vor, der in jeder Hand einen Topf mit frisch zubereiteten Speisen balanciert, sich langsam vom Ofen weg bewegt, links unten, fast in N\u00e4he des Fu\u00dfbodens, eine flatternde Bewegung ersp\u00e4ht, die sich in Richtung der halbhoch gekachelten Wand unterhalb der K\u00fcchenuhr orientiert, und siehe: Es war eine <a href=\"https:\/\/de.wikipedia.org\/wiki\/Lebensmittelmotte\">K\u00fcchenmotte<\/a>, ein Insekt aus der Familie der Z\u00fcnsler (Pyralidae), dessen Existenz in meinen Gem\u00e4chern genausowenig erlaubt ist wie ein Gendersternchen und <i>as soon as possible<\/i> zu vernichten w\u00e4re dergestalt, da die H\u00e4nde tempor\u00e4r anderweitige Aufgabe erf\u00fcllten, dass der rechte Fu\u00df gezielt und erfolgreich nach ihr trat mit dem Ergebnis, dass das Flattertier platt wie eine Briefmarke an die Kacheln bef\u00f6rdert wurde und in die ewigen Jagdgr\u00fcnde, nur mit der \u00fcberraschenden Konsequenz, dass die alte K\u00fcchenuhr, die \u00fcber dem Geschehen die Zeit \u00fcberwachen sollte,  sich ohne Vorwarnung vom Schraubhaken l\u00f6ste und, getreu den Gesetzen der Gravitation, nach unten krachte und in tausend Scherben. Sonst fiel nichts runter, obwohl ich <a href=\"https:\/\/de.wikipedia.org\/wiki\/Zimmerverw%C3%BCstung\">das erwartete<\/a>.<\/p>\n<p><a href=\"https:\/\/www.burks.de\/burksblog\/pix\/2021\/02\/060221_4gr.jpg\"><img decoding=\"async\" src=\"https:\/\/www.burks.de\/burksblog\/pix\/2021\/02\/060221_4kl.jpg\" alt=\"torte\" border=\"0\" hspace=\"0\" vspace=\"0\" width=\"480\"\/><\/a><\/p>\n<p>Meine <a href=\"https:\/\/www.chefkoch.de\/rezepte\/104201042644012\/Schnelle-Obsttorte-mit-Sahne.html\">Mandarinen-Sahnetorte<\/a> schmeckt hervorragend. Nur an dem \u00c4u\u00dferen muss ich noch arbeiten. Beim zweiten Mal wird sie gediegener aussehen.<\/p>\n<div class=\"pdfprnt-buttons pdfprnt-buttons-post pdfprnt-bottom-right\"><a href=\"https:\/\/www.burks.de\/burksblog\/wp-json\/wp\/v2\/posts\/43567?print=pdf\" class=\"pdfprnt-button pdfprnt-button-pdf\" target=\"_blank\" ><img decoding=\"async\" src=\"https:\/\/www.burks.de\/burksblog\/wp-content\/plugins\/pdf-print\/images\/pdf.png\" alt=\"image_pdf\" title=\"PDF anzeigen\" \/><\/a><a href=\"https:\/\/www.burks.de\/burksblog\/wp-json\/wp\/v2\/posts\/43567?print=print\" class=\"pdfprnt-button pdfprnt-button-print\" target=\"_blank\" ><img decoding=\"async\" src=\"https:\/\/www.burks.de\/burksblog\/wp-content\/plugins\/pdf-print\/images\/print.png\" alt=\"image_print\" title=\"Inhalt drucken\" \/><\/a><\/div><div class=\"twoclick_social_bookmarks_post_43567 social_share_privacy clearfix 1.6.4 locale-de_DE sprite-de_DE\"><\/div><div class=\"twoclick-js\"><script type=\"text\/javascript\">\/* <![CDATA[ *\/\njQuery(document).ready(function($){if($('.twoclick_social_bookmarks_post_43567')){$('.twoclick_social_bookmarks_post_43567').socialSharePrivacy({\"services\":{\"facebook\":{\"status\":\"on\",\"txt_info\":\"2 Klicks f\\u00fcr mehr Datenschutz: Erst wenn Sie hier klicken, wird der Button aktiv und Sie k\\u00f6nnen Ihre Empfehlung an Facebook senden. Schon beim Aktivieren werden Daten an Dritte \\u00fcbertragen - siehe <em>i<\\\/em>.\",\"perma_option\":\"off\",\"action\":\"recommend\",\"language\":\"de_DE\"},\"twitter\":{\"reply_to\":\"\",\"tweet_text\":\"%20Einfach%20mal%20die%20Presse%20halten%20und%20G%C3%B3iennaches%20%C2%BB%20Burks%27%20Blog%20-%20in%20dubio%20...\",\"status\":\"on\",\"txt_info\":\"2 Klicks f\\u00fcr mehr Datenschutz: Erst wenn Sie hier klicken, wird der Button aktiv und Sie k\\u00f6nnen Ihre Empfehlung an Twitter senden. Schon beim Aktivieren werden Daten an Dritte \\u00fcbertragen - siehe <em>i<\\\/em>.\",\"perma_option\":\"off\",\"language\":\"de\",\"referrer_track\":\"\"}},\"txt_help\":\"Wenn Sie diese Felder durch einen Klick aktivieren, werden Informationen an Facebook, Twitter, Flattr, Xing, t3n, LinkedIn, Pinterest oder Google eventuell ins Ausland \\u00fcbertragen und unter Umst\\u00e4nden auch dort gespeichert. N\\u00e4heres erfahren Sie durch einen Klick auf das <em>i<\\\/em>.\",\"settings_perma\":\"Dauerhaft aktivieren und Daten\\u00fcber-tragung zustimmen:\",\"info_link\":\"http:\\\/\\\/www.heise.de\\\/ct\\\/artikel\\\/2-Klicks-fuer-mehr-Datenschutz-1333879.html\",\"uri\":\"https:\\\/\\\/www.burks.de\\\/burksblog\\\/2021\\\/02\\\/06\\\/einfach-mal-die-presse-halten-und-goiennaches\",\"post_id\":43567,\"post_title_referrer_track\":\"Einfach+mal+die+Presse+halten+und+G%C3%B3iennaches\",\"display_infobox\":\"on\"});}});\n\/* ]]> *\/<\/script><\/div>","protected":false},"excerpt":{"rendered":"<p>In den sozialen Medien hatte ich angemerkt, dass es in der Berliner Verwaltung jetzt doch nicht mehr eines Arier- oder Migrantennachweises bedarf. Das rief allerlei Sektierer der buntscheckigsten Art und Geschlechter auf den Plan. Aus anthropologischer Sicht ist das langweilig, da diese Mischpoke mit einer intellektuellen Software ausgestattet ist, die h\u00f6chstens einen Einzeller zum Laufen [&hellip;]<\/p>\n","protected":false},"author":1,"featured_media":0,"comment_status":"open","ping_status":"open","sticky":false,"template":"","format":"standard","meta":{"footnotes":""},"categories":[20,16,15],"tags":[],"class_list":["post-43567","post","type-post","status-publish","format-standard","hentry","category-lifestyle","category-panorama","category-politics"],"_links":{"self":[{"href":"https:\/\/www.burks.de\/burksblog\/wp-json\/wp\/v2\/posts\/43567","targetHints":{"allow":["GET"]}}],"collection":[{"href":"https:\/\/www.burks.de\/burksblog\/wp-json\/wp\/v2\/posts"}],"about":[{"href":"https:\/\/www.burks.de\/burksblog\/wp-json\/wp\/v2\/types\/post"}],"author":[{"embeddable":true,"href":"https:\/\/www.burks.de\/burksblog\/wp-json\/wp\/v2\/users\/1"}],"replies":[{"embeddable":true,"href":"https:\/\/www.burks.de\/burksblog\/wp-json\/wp\/v2\/comments?post=43567"}],"version-history":[{"count":15,"href":"https:\/\/www.burks.de\/burksblog\/wp-json\/wp\/v2\/posts\/43567\/revisions"}],"predecessor-version":[{"id":43584,"href":"https:\/\/www.burks.de\/burksblog\/wp-json\/wp\/v2\/posts\/43567\/revisions\/43584"}],"wp:attachment":[{"href":"https:\/\/www.burks.de\/burksblog\/wp-json\/wp\/v2\/media?parent=43567"}],"wp:term":[{"taxonomy":"category","embeddable":true,"href":"https:\/\/www.burks.de\/burksblog\/wp-json\/wp\/v2\/categories?post=43567"},{"taxonomy":"post_tag","embeddable":true,"href":"https:\/\/www.burks.de\/burksblog\/wp-json\/wp\/v2\/tags?post=43567"}],"curies":[{"name":"wp","href":"https:\/\/api.w.org\/{rel}","templated":true}]}}