{"id":43438,"date":"2021-01-27T09:18:32","date_gmt":"2021-01-27T08:18:32","guid":{"rendered":"https:\/\/www.burks.de\/burksblog\/?p=43438"},"modified":"2021-01-27T09:30:48","modified_gmt":"2021-01-27T08:30:48","slug":"in-shitstormgewitterchen","status":"publish","type":"post","link":"https:\/\/www.burks.de\/burksblog\/2021\/01\/27\/in-shitstormgewitterchen","title":{"rendered":"In Shitstormgewitterchen"},"content":{"rendered":"<p><a href=\"https:\/\/twitter.com\/ozkeskinkilic?ref_src=twsrc%5Etfw%7Ctwcamp%5Etweetembed%7Ctwterm%5E1352751576834842625%7Ctwgr%5E&amp;ref_url=https%3A%2F%2Fwww.welt.de%2Fkultur%2Fdeus-ex-machina%2Farticle225034069%2FDon-Alphonso-Ein-Anschlag-auf-die-Pressefreiheit.html\"><img decoding=\"async\" src=\"https:\/\/www.burks.de\/burksblog\/pix\/2021\/01\/270121_1.jpg\" alt=\"twitter\" width=\"480\" border=\"1\" hspace=\"0\" vspace=\"0\"\/><\/a><\/p>\n<p>Wenn M\u00e4nner sich mit <a href=\"https:\/\/twitter.com\/JMihram\">#feminist<\/a> und #vegan taggen, muss ich immer lachen. Das Klischee scheint ausnahmslos zu stimmen. Fehlt nur noch der Herren-Dutt f\u00fcr Hipster, die prek\u00e4re pseudo-intellektuelle Randexistenz und die v\u00f6llige <del>protestantische<\/del> Humorlosigkeit.<\/p>\n<p>Auf Fratzenbuch sinnierte ich vor mich hin, ob es nicht sinnvoll sei, auch \u00f6fter bei Twitter vorbeizuschauen, weil in der K\u00fcrze bekanntlich auch die W\u00fcrze liegt. Oder: Wer nicht mit 120 Zeichen Propaganda auskommt, sollte es ganz lassen. (Oder sind es jetzt sogar mehr?) Ich bin mir aber nicht sicher, ob das nicht komplette Zeitverschwendung ist. Andererseits liebe ich es, mit dem Holzhammer zu argumentieren, weil das mehr Leben in die Bude bringt. Wer nicht eine Million Instagram-Follower erwartet, sollte gar keine Fotos posten. (Johann Wolfgang von Goethe)<\/p>\n<p><img decoding=\"async\" src=\"https:\/\/www.burks.de\/burksblog\/pix\/2021\/01\/270121_4.jpg\" alt=\"twitter\" width=\"480\" border=\"0\" hspace=\"0\" vspace=\"0\"\/><br \/>\n<sup>&#8222;Sei stolz, Kamerad, du bist ein Arbeiter!&#8220; (Sowjetisches Poster 1982, credits: <a href=\"https:\/\/twitter.com\/sovietvisuals?lang=de\">Soviet Visuals<\/a>)<\/sup><\/p>\n<p>Nimm dies zun\u00e4chst, Twitter-Blase!<br \/>\n<i><a href=\"https:\/\/dejure.org\/gesetze\/StGB\/241a.html\">\u00a7 241a &#8211; Politische Verd\u00e4chtigung<\/a>: Wer einen anderen durch eine Anzeige oder eine Verd\u00e4chtigung der Gefahr aussetzt, aus politischen Gr\u00fcnden verfolgt zu werden und hierbei im Widerspruch zu rechtsstaatlichen Grunds\u00e4tzen durch Gewalt- oder Willk\u00fcrma\u00dfnahmen Schaden an Leib oder Leben zu erleiden, der Freiheit beraubt oder in seiner beruflichen oder wirtschaftlichen Stellung empfindlich beeintr\u00e4chtigt zu werden, wird mit Freiheitsstrafe bis zu f\u00fcnf Jahren oder mit Geldstrafe bestraft.<\/i><\/p>\n<p>Ich hatte hier schon auf einen Artikel von <a href=\"https:\/\/www.tagesspiegel.de\/meinung\/im-shitstorm-was-ich-erlebte-als-ich-ueber-antirassismus-schrieb\/26843724.html\">Fatina Keilani<\/a> im &#8222;Tagesspiegel&#8220; hingewiesen. Die erlebte einen <del>flame war<\/del> Shitstorm der \u00fcblichen Verd\u00e4chtigen in den \u00fcblichen Social-Media-Blasen. Letztere halte ich nicht f\u00fcr so relevant wie sie selbst, sondern f\u00fcr eine Art moralisierende und selbstreferenzielle Lichterkette, die sich &#8211; wie diese &#8211; nur an die eigene Peer Group richtet, also irrelevant ist.<\/p>\n<p><a href=\"https:\/\/twitter.com\/migrantifa\/status\/1350079404119097345\"><img decoding=\"async\" src=\"https:\/\/www.burks.de\/burksblog\/pix\/2021\/01\/270121_2.jpg\" alt=\"twitter\" width=\"480\" border=\"1\" hspace=\"0\" vspace=\"0\"\/><\/a><\/p>\n<p>Zum Thema las ich, um mich zu am\u00fcsieren, <a href=\"https:\/\/www.welt.de\/kultur\/deus-ex-machina\/article225034069\/Don-Alphonso-Ein-Anschlag-auf-die-Pressefreiheit.html\">Don Alphonso<\/a>, der Politik, obzwar stilvoll und elegant, aber dennoch nur aus der Klassenperspektive des Couponschneiders beschreibt (was die Kommentare beweisen), eine Meinungsschie\u00dfscharte unter vielen, die ich gegen\u00fcber den Positionen bevorzuge zu konsumieren, die mich unn\u00f6tigerweise nur best\u00e4tigen. Ich meine zu allem etwas, und zwar stark, und brauche niemanden, der mir sagt, dass ich recht habe &#8211; das wei\u00df ich selbst. Also schaue ich <del>beim Klassenfeind nach<\/del> dort nach, wo vielleicht eine winzige und interessante Korrektur meines gefestigten Weltbilds zu erwarten w\u00e4re.<\/p>\n<p>Der Don bemerkt \u00fcber einen Kollegen, der auch f\u00fcr die <i>Jungle World<\/i> schreibt (die im \u00fcbrigen genausowenig antideutsch&#8220; ist wie Don Alphonso gro\u00dfbourgeois): <i>Wer ist dieser Krsto Lazarevic, woher hat er all die Zeit, einer Autorin hinterherzuforschen, solche Bez\u00fcge zu konstruieren, sie bei Twitter zu verbreiten und sich am Rufmord zu beteiligen? Dar\u00fcber sagt sein Profil bei Twitter wenig aus, dort steht nur, er w\u00fcrde im Europaparlament arbeiten: &#8222;Working <a href=\"https:\/\/twitter.com\/Europarl_EN\">@Europarl_EN<\/a>&#8222;. Das ist nat\u00fcrlich eine Spitzenreferenz, die er da f\u00fcr sich in Anspruch nimmt, aber die Realit\u00e4t von Krsto Lazarevic sieht anders aus. Er arbeitet nicht etwa direkt f\u00fcr das Europaparlament, sondern, wie eine kurze Recherche ergibt, als Mitarbeiter eines Abgeordneten. Konkret ist <a href=\"https:\/\/erik-marquardt.eu\/ueber-mich\/\">Lazarevic der Pressesprecher<\/a> des gr\u00fcnen Europaparlamentsabgeordneten Erik Marquardt \u2013 nur agiert er im Netz ohne diese Information, die man eigentlich bei mit Steuergeldern finanzierten Pressemitarbeitern von Parlamentariern erwarten m\u00fcsste. Denn sein Chef Erik Marquardt wiederum ist innerhalb der Gr\u00fcnen Experte f\u00fcr Migration, und hat als Aktivist das Projekt <a href=\"https:\/\/www.addendum.org\/seenotrettung\/civilfleet\/\">Civilfleet<\/a> verantwortet. Das Projekt begann 2018 mit gro\u00dfer Medienaufmerksamkeit und scheiterte dann spektakul\u00e4r: Gelder waren weg, das Schiff konnte nicht zu Rettungseins\u00e4tzen starten. Als der Skandal im September 2019 ruchbar wurde, war der Aktivist Marquardt f\u00fcr die Gr\u00fcnen auf einer Welle der Popularit\u00e4t schon ins Parlament eingezogen.<\/i><\/p>\n<p><a href=\"https:\/\/twitter.com\/JMihram?ref_src=twsrc%5Egoogle%7Ctwcamp%5Eserp%7Ctwgr%5Eauthor\"><img decoding=\"async\" src=\"https:\/\/www.burks.de\/burksblog\/pix\/2021\/01\/270121_3.jpg\" alt=\"twitter\" width=\"480\" border=\"1\" hspace=\"0\" vspace=\"0\"\/><\/a><\/p>\n<p>Die riechen schon, was kommt und rufen prophylaktisch &#8222;Hurra&#8220;. Ich bin dankbar, beweist dieser Politschleim doch meine These, dass zusammenw\u00e4chst, was zusammengeh\u00f6rt. Die oberen Schichten des angestellten und verbeamteten B\u00fcrgertums und deren Milieu fraternisieren mit der Gro\u00dfbourgeoisie. Das nennt man in revolution\u00e4ren Zeiten &#8222;Stockholm-Syndrom&#8220;, in nicht-revolution\u00e4ren Zeiten &#8222;gesunder Klasseninstinkt&#8220;.<\/p>\n<p>Es ist wie \u00fcberall. Man muss sehen, wo man bleibt und wo die finanzielle Alterssicherheit herkommt. Meinungen st\u00f6ren da nur. Positionen, die nicht stromlinienf\u00f6rmig sind, machen das digitale Leben zu unbequem. Die Attitude der Blockwartin ist die den Deutschen gem\u00e4\u00dfe. Melden, durchf\u00fchren, verbieten und sich dabei moralisch h\u00f6herwertig f\u00fchlen &#8211; ich sagte es hier schon.<\/p>\n<p>Ich halte den Opportunismus der \u00fcbergro\u00dfen Mehrheit \u00fcbrigens f\u00fcr einen Vorteil: Diese Mischpoke passte sich auch schnell an und hielte die richtigen Winkelemente hoch, wenn ein kommunistischer Arbeiter-und Soldatenrat pl\u00f6tzlich von einem h\u00f6heren Wesen (anders ist es nicht vorstellbar) an die Macht geputscht worden w\u00e4re.<\/p>\n<div class=\"pdfprnt-buttons pdfprnt-buttons-post pdfprnt-bottom-right\"><a href=\"https:\/\/www.burks.de\/burksblog\/wp-json\/wp\/v2\/posts\/43438?print=pdf\" class=\"pdfprnt-button pdfprnt-button-pdf\" target=\"_blank\" ><img decoding=\"async\" src=\"https:\/\/www.burks.de\/burksblog\/wp-content\/plugins\/pdf-print\/images\/pdf.png\" alt=\"image_pdf\" title=\"PDF anzeigen\" \/><\/a><a href=\"https:\/\/www.burks.de\/burksblog\/wp-json\/wp\/v2\/posts\/43438?print=print\" class=\"pdfprnt-button pdfprnt-button-print\" target=\"_blank\" ><img decoding=\"async\" src=\"https:\/\/www.burks.de\/burksblog\/wp-content\/plugins\/pdf-print\/images\/print.png\" alt=\"image_print\" title=\"Inhalt drucken\" \/><\/a><\/div><div class=\"twoclick_social_bookmarks_post_43438 social_share_privacy clearfix 1.6.4 locale-de_DE sprite-de_DE\"><\/div><div class=\"twoclick-js\"><script type=\"text\/javascript\">\/* <![CDATA[ *\/\njQuery(document).ready(function($){if($('.twoclick_social_bookmarks_post_43438')){$('.twoclick_social_bookmarks_post_43438').socialSharePrivacy({\"services\":{\"facebook\":{\"status\":\"on\",\"txt_info\":\"2 Klicks f\\u00fcr mehr Datenschutz: Erst wenn Sie hier klicken, wird der Button aktiv und Sie k\\u00f6nnen Ihre Empfehlung an Facebook senden. Schon beim Aktivieren werden Daten an Dritte \\u00fcbertragen - siehe <em>i<\\\/em>.\",\"perma_option\":\"off\",\"action\":\"recommend\",\"language\":\"de_DE\"},\"twitter\":{\"reply_to\":\"\",\"tweet_text\":\"%20In%20Shitstormgewitterchen%20%C2%BB%20Burks%27%20Blog%20-%20in%20dubio%20pro%20contra.%20De%20omnibus%20...\",\"status\":\"on\",\"txt_info\":\"2 Klicks f\\u00fcr mehr Datenschutz: Erst wenn Sie hier klicken, wird der Button aktiv und Sie k\\u00f6nnen Ihre Empfehlung an Twitter senden. Schon beim Aktivieren werden Daten an Dritte \\u00fcbertragen - siehe <em>i<\\\/em>.\",\"perma_option\":\"off\",\"language\":\"de\",\"referrer_track\":\"\"}},\"txt_help\":\"Wenn Sie diese Felder durch einen Klick aktivieren, werden Informationen an Facebook, Twitter, Flattr, Xing, t3n, LinkedIn, Pinterest oder Google eventuell ins Ausland \\u00fcbertragen und unter Umst\\u00e4nden auch dort gespeichert. N\\u00e4heres erfahren Sie durch einen Klick auf das <em>i<\\\/em>.\",\"settings_perma\":\"Dauerhaft aktivieren und Daten\\u00fcber-tragung zustimmen:\",\"info_link\":\"http:\\\/\\\/www.heise.de\\\/ct\\\/artikel\\\/2-Klicks-fuer-mehr-Datenschutz-1333879.html\",\"uri\":\"https:\\\/\\\/www.burks.de\\\/burksblog\\\/2021\\\/01\\\/27\\\/in-shitstormgewitterchen\",\"post_id\":43438,\"post_title_referrer_track\":\"In+Shitstormgewitterchen\",\"display_infobox\":\"on\"});}});\n\/* ]]> *\/<\/script><\/div>","protected":false},"excerpt":{"rendered":"<p>Wenn M\u00e4nner sich mit #feminist und #vegan taggen, muss ich immer lachen. Das Klischee scheint ausnahmslos zu stimmen. Fehlt nur noch der Herren-Dutt f\u00fcr Hipster, die prek\u00e4re pseudo-intellektuelle Randexistenz und die v\u00f6llige protestantische Humorlosigkeit. Auf Fratzenbuch sinnierte ich vor mich hin, ob es nicht sinnvoll sei, auch \u00f6fter bei Twitter vorbeizuschauen, weil in der K\u00fcrze [&hellip;]<\/p>\n","protected":false},"author":1,"featured_media":0,"comment_status":"open","ping_status":"open","sticky":false,"template":"","format":"standard","meta":{"footnotes":""},"categories":[15],"tags":[],"class_list":["post-43438","post","type-post","status-publish","format-standard","hentry","category-politics"],"_links":{"self":[{"href":"https:\/\/www.burks.de\/burksblog\/wp-json\/wp\/v2\/posts\/43438","targetHints":{"allow":["GET"]}}],"collection":[{"href":"https:\/\/www.burks.de\/burksblog\/wp-json\/wp\/v2\/posts"}],"about":[{"href":"https:\/\/www.burks.de\/burksblog\/wp-json\/wp\/v2\/types\/post"}],"author":[{"embeddable":true,"href":"https:\/\/www.burks.de\/burksblog\/wp-json\/wp\/v2\/users\/1"}],"replies":[{"embeddable":true,"href":"https:\/\/www.burks.de\/burksblog\/wp-json\/wp\/v2\/comments?post=43438"}],"version-history":[{"count":15,"href":"https:\/\/www.burks.de\/burksblog\/wp-json\/wp\/v2\/posts\/43438\/revisions"}],"predecessor-version":[{"id":43453,"href":"https:\/\/www.burks.de\/burksblog\/wp-json\/wp\/v2\/posts\/43438\/revisions\/43453"}],"wp:attachment":[{"href":"https:\/\/www.burks.de\/burksblog\/wp-json\/wp\/v2\/media?parent=43438"}],"wp:term":[{"taxonomy":"category","embeddable":true,"href":"https:\/\/www.burks.de\/burksblog\/wp-json\/wp\/v2\/categories?post=43438"},{"taxonomy":"post_tag","embeddable":true,"href":"https:\/\/www.burks.de\/burksblog\/wp-json\/wp\/v2\/tags?post=43438"}],"curies":[{"name":"wp","href":"https:\/\/api.w.org\/{rel}","templated":true}]}}