{"id":43308,"date":"2021-01-14T11:22:21","date_gmt":"2021-01-14T10:22:21","guid":{"rendered":"https:\/\/www.burks.de\/burksblog\/?p=43308"},"modified":"2021-01-14T11:22:23","modified_gmt":"2021-01-14T10:22:23","slug":"annalena-merz","status":"publish","type":"post","link":"https:\/\/www.burks.de\/burksblog\/2021\/01\/14\/annalena-merz","title":{"rendered":"Annalena Merz"},"content":{"rendered":"<p>Ich hoffe doch sehr, dass die CDU Friedrich Merz zum Vorsitzenden macht. Dann wird es eine Vizekanzlerin Annalena Baerbock unter Merz geben. Dem D\u00fcmmsten m\u00fcsste dann endlich klar sein, dass die Gr\u00fcnen eine reaktion\u00e4re Partei sind, nur von einer anderen Sorte und Klassenbasis als die CDU, und ihre zentrale Themen Ged\u00f6ns.<\/p>\n<p>Claus Christian Malzahn schreibt in der <a href=\"https:\/\/www.welt.de\/politik\/deutschland\/plus224257552\/Bundestagswahl-Warum-ein-Kanzlerkandidat-Merz-den-Gruenen-gefaehrlich-werden-koennte.html\">Welt<\/a> (Paywall): &#8222;Merkels R\u00fcckzug halten einer <a href=\"https:\/\/www.infratest-dimap.de\/fileadmin\/user_upload\/DT2101_Bericht.pdf\">Infratest-Untersuchung<\/a> zufolge 65 Prozent der Gr\u00fcnen-Anh\u00e4nger und -Anh\u00e4ngerinnen f\u00fcr &#8222;weniger gut&#8220; oder gar f\u00fcr &#8222;schlecht&#8220;. Das Bedauern \u00fcber ihren Abschied von der politischen B\u00fchne ist damit in der Anh\u00e4ngerschaft der Gr\u00fcnen sogar st\u00e4rker ausgepr\u00e4gt als in der Union \u2013 dort liegt der entsprechende Wert bei 63 Prozent (Linke: 59, SPD: 58, FDP: 33, AfD: zw\u00f6lf).&#8220;<\/p>\n<div class=\"pdfprnt-buttons pdfprnt-buttons-post pdfprnt-bottom-right\"><a href=\"https:\/\/www.burks.de\/burksblog\/wp-json\/wp\/v2\/posts\/43308?print=pdf\" class=\"pdfprnt-button pdfprnt-button-pdf\" target=\"_blank\" ><img decoding=\"async\" src=\"https:\/\/www.burks.de\/burksblog\/wp-content\/plugins\/pdf-print\/images\/pdf.png\" alt=\"image_pdf\" title=\"PDF anzeigen\" \/><\/a><a href=\"https:\/\/www.burks.de\/burksblog\/wp-json\/wp\/v2\/posts\/43308?print=print\" class=\"pdfprnt-button pdfprnt-button-print\" target=\"_blank\" ><img decoding=\"async\" src=\"https:\/\/www.burks.de\/burksblog\/wp-content\/plugins\/pdf-print\/images\/print.png\" alt=\"image_print\" title=\"Inhalt drucken\" \/><\/a><\/div><div class=\"twoclick_social_bookmarks_post_43308 social_share_privacy clearfix 1.6.4 locale-de_DE sprite-de_DE\"><\/div><div class=\"twoclick-js\"><script type=\"text\/javascript\">\/* <![CDATA[ *\/\njQuery(document).ready(function($){if($('.twoclick_social_bookmarks_post_43308')){$('.twoclick_social_bookmarks_post_43308').socialSharePrivacy({\"services\":{\"facebook\":{\"status\":\"on\",\"txt_info\":\"2 Klicks f\\u00fcr mehr Datenschutz: Erst wenn Sie hier klicken, wird der Button aktiv und Sie k\\u00f6nnen Ihre Empfehlung an Facebook senden. Schon beim Aktivieren werden Daten an Dritte \\u00fcbertragen - siehe <em>i<\\\/em>.\",\"perma_option\":\"off\",\"action\":\"recommend\",\"language\":\"de_DE\"},\"twitter\":{\"reply_to\":\"\",\"tweet_text\":\"Annalena%20Merz%20%C2%BB%20Burks%27%20Blog%20-%20in%20dubio%20pro%20contra.%20De%20omnibus%20dubitandum.\",\"status\":\"on\",\"txt_info\":\"2 Klicks f\\u00fcr mehr Datenschutz: Erst wenn Sie hier klicken, wird der Button aktiv und Sie k\\u00f6nnen Ihre Empfehlung an Twitter senden. Schon beim Aktivieren werden Daten an Dritte \\u00fcbertragen - siehe <em>i<\\\/em>.\",\"perma_option\":\"off\",\"language\":\"de\",\"referrer_track\":\"\"}},\"txt_help\":\"Wenn Sie diese Felder durch einen Klick aktivieren, werden Informationen an Facebook, Twitter, Flattr, Xing, t3n, LinkedIn, Pinterest oder Google eventuell ins Ausland \\u00fcbertragen und unter Umst\\u00e4nden auch dort gespeichert. N\\u00e4heres erfahren Sie durch einen Klick auf das <em>i<\\\/em>.\",\"settings_perma\":\"Dauerhaft aktivieren und Daten\\u00fcber-tragung zustimmen:\",\"info_link\":\"http:\\\/\\\/www.heise.de\\\/ct\\\/artikel\\\/2-Klicks-fuer-mehr-Datenschutz-1333879.html\",\"uri\":\"https:\\\/\\\/www.burks.de\\\/burksblog\\\/2021\\\/01\\\/14\\\/annalena-merz\",\"post_id\":43308,\"post_title_referrer_track\":\"Annalena+Merz\",\"display_infobox\":\"on\"});}});\n\/* ]]> *\/<\/script><\/div>","protected":false},"excerpt":{"rendered":"<p>Ich hoffe doch sehr, dass die CDU Friedrich Merz zum Vorsitzenden macht. Dann wird es eine Vizekanzlerin Annalena Baerbock unter Merz geben. Dem D\u00fcmmsten m\u00fcsste dann endlich klar sein, dass die Gr\u00fcnen eine reaktion\u00e4re Partei sind, nur von einer anderen Sorte und Klassenbasis als die CDU, und ihre zentrale Themen Ged\u00f6ns. Claus Christian Malzahn schreibt [&hellip;]<\/p>\n","protected":false},"author":1,"featured_media":0,"comment_status":"open","ping_status":"open","sticky":false,"template":"","format":"standard","meta":{"footnotes":""},"categories":[15],"tags":[],"class_list":["post-43308","post","type-post","status-publish","format-standard","hentry","category-politics"],"_links":{"self":[{"href":"https:\/\/www.burks.de\/burksblog\/wp-json\/wp\/v2\/posts\/43308","targetHints":{"allow":["GET"]}}],"collection":[{"href":"https:\/\/www.burks.de\/burksblog\/wp-json\/wp\/v2\/posts"}],"about":[{"href":"https:\/\/www.burks.de\/burksblog\/wp-json\/wp\/v2\/types\/post"}],"author":[{"embeddable":true,"href":"https:\/\/www.burks.de\/burksblog\/wp-json\/wp\/v2\/users\/1"}],"replies":[{"embeddable":true,"href":"https:\/\/www.burks.de\/burksblog\/wp-json\/wp\/v2\/comments?post=43308"}],"version-history":[{"count":1,"href":"https:\/\/www.burks.de\/burksblog\/wp-json\/wp\/v2\/posts\/43308\/revisions"}],"predecessor-version":[{"id":43309,"href":"https:\/\/www.burks.de\/burksblog\/wp-json\/wp\/v2\/posts\/43308\/revisions\/43309"}],"wp:attachment":[{"href":"https:\/\/www.burks.de\/burksblog\/wp-json\/wp\/v2\/media?parent=43308"}],"wp:term":[{"taxonomy":"category","embeddable":true,"href":"https:\/\/www.burks.de\/burksblog\/wp-json\/wp\/v2\/categories?post=43308"},{"taxonomy":"post_tag","embeddable":true,"href":"https:\/\/www.burks.de\/burksblog\/wp-json\/wp\/v2\/tags?post=43308"}],"curies":[{"name":"wp","href":"https:\/\/api.w.org\/{rel}","templated":true}]}}