{"id":42624,"date":"2020-11-12T17:13:15","date_gmt":"2020-11-12T16:13:15","guid":{"rendered":"https:\/\/www.burks.de\/burksblog\/?p=42624"},"modified":"2020-11-12T17:13:42","modified_gmt":"2020-11-12T16:13:42","slug":"class-struggle","status":"publish","type":"post","link":"https:\/\/www.burks.de\/burksblog\/2020\/11\/12\/class-struggle","title":{"rendered":"Class Struggle"},"content":{"rendered":"<p><a href=\"https:\/\/www.burks.de\/burksblog\/pix\/2020\/11\/121120_2gr.jpg\"><img decoding=\"async\" src=\"https:\/\/www.burks.de\/burksblog\/pix\/2020\/11\/121120_2kl.jpg\" alt=\"class struggle\" border=\"0\" hspace=\"0\" vspace=\"0\" width=\"480\"\/><\/a><\/p>\n<p>Ein gro\u00dfartiger Satz im <a href=\"https:\/\/www.freitag.de\/autoren\/der-freitag\/wem-die-zwietracht-nuetzt\">Freitag<\/a>: <i>Das tonangebende Milieu, das sich selbst f\u00fcr links h\u00e4lt, ist heute weiter von einem Klassenbewusstsein entfernt, als es die Industriearbeiter des 19. Jahrhunderts je waren.&#8220; Und sie merken es noch nicht einmal.<\/i> Der Artikel hei\u00dft: &#8222;Wem die Zwietracht n\u00fctzt. Die Coronakrise w\u00e4re eine Chance f\u00fcr die Linken. Doch die verzetteln sich in Identit\u00e4tsdebatten.&#8220;<\/p>\n<p>Man kann das noch von der Bande aus ventilieren. (Nein, es geht nicht um <a href=\"https:\/\/www.tagesspiegel.de\/berlin\/muslimischer-schueler-entschuldigt-sich-weitere-berliner-lehrer-sollen-morddrohungen-erhalten-haben\/26614616.html\">Morddrohungen<\/a>.) In der konservativen <a href=\"https:\/\/www.welt.de\/debatte\/kommentare\/plus219914144\/ARD-Sender-zieht-fast-nur-Journalisten-links-der-Mitte-an.html\">Welt<\/a> lese ich \u00fcber eine Studie &#8222;\u00fcber die Volont\u00e4re von ARD, Deutscher Welle und Deutschlandradio&#8220;:<br \/>\n<i>Und das Ergebnis, \u00fcber das die Verbandszeitschrift &#8222;Journalist&#8220; berichtete, hatte es in sich. &#8222;Wenn am Sonntag nur die Volont\u00e4r*innen der ARD w\u00e4hlen w\u00fcrden&#8220;, schrieb das Blatt, &#8222;dann s\u00e4he das so aus&#8220;: F\u00fcr die Gr\u00fcnen votieren 57,1 Prozent, f\u00fcr Die Linke 23,4 Prozent, f\u00fcr die SPD 11,7 Prozent. Dann folgen die Sonstigen mit 3,9 Prozent und \u2013 kaum noch messbar \u2013 die Union mit 2,6 Prozent und die FDP mit 1,3 Prozent. Wie sich nach der Ver\u00f6ffentlichung im &#8222;Journalist&#8220; herausstellte, wussten die Befragten nicht, dass die Umfrage publiziert werden w\u00fcrde \u2013 was das Ergebnis noch glaubw\u00fcrdiger macht.<\/i> (Wobei die verschnarchte &#8222;Verbandszeitschrift&#8220; das beweist: Das Blatt hei\u00df jetzt <a href=\"https:\/\/www.journalist.de\/startseite\">journalistin<\/a> und benutzt Gendersternchen, quod erat demonstrandum.)<\/p>\n<p>Jetzt stellen wir einen logischen Satz auf: 1) junge Journalisten sind mehrheitlich aus dem Gendersternchen-Milieu. 2) Journalisten vertreten mehrheitlich die Sicht der herrschenden Klasse und\/oder der Mittelklasse, aus der sie selbst stammen. Was folgt dann 3) f\u00fcr den Journalismus?<\/p>\n<p>Bernd Stegemann <a href=\"https:\/\/www.freitag.de\/autoren\/der-freitag\/wem-die-zwietracht-nuetzt\">schreibt<\/a>: <i>Der linke Ausweg aus diesem Patt besteht bisher darin, alle Interessen als gleichberechtigt anzuerkennen. Was abstrakt sinnvoll klingt, erweist sich als politische Sackgasse. Denn erstens sind nicht alle Interessen gleichzeitig durchzusetzen, und zweitens werden sie von der \u00d6ffentlichkeit unterschiedlich unterst\u00fctzt.<\/i><\/p>\n<p>Nur wie bringt man das denjenigen, die gemeint sind, bei? Mir f\u00e4llt da nichts zu ein.<\/p>\n<div class=\"pdfprnt-buttons pdfprnt-buttons-post pdfprnt-bottom-right\"><a href=\"https:\/\/www.burks.de\/burksblog\/wp-json\/wp\/v2\/posts\/42624?print=pdf\" class=\"pdfprnt-button pdfprnt-button-pdf\" target=\"_blank\" ><img decoding=\"async\" src=\"https:\/\/www.burks.de\/burksblog\/wp-content\/plugins\/pdf-print\/images\/pdf.png\" alt=\"image_pdf\" title=\"PDF anzeigen\" \/><\/a><a href=\"https:\/\/www.burks.de\/burksblog\/wp-json\/wp\/v2\/posts\/42624?print=print\" class=\"pdfprnt-button pdfprnt-button-print\" target=\"_blank\" ><img decoding=\"async\" src=\"https:\/\/www.burks.de\/burksblog\/wp-content\/plugins\/pdf-print\/images\/print.png\" alt=\"image_print\" title=\"Inhalt drucken\" \/><\/a><\/div><div class=\"twoclick_social_bookmarks_post_42624 social_share_privacy clearfix 1.6.4 locale-de_DE sprite-de_DE\"><\/div><div class=\"twoclick-js\"><script type=\"text\/javascript\">\/* <![CDATA[ *\/\njQuery(document).ready(function($){if($('.twoclick_social_bookmarks_post_42624')){$('.twoclick_social_bookmarks_post_42624').socialSharePrivacy({\"services\":{\"facebook\":{\"status\":\"on\",\"txt_info\":\"2 Klicks f\\u00fcr mehr Datenschutz: Erst wenn Sie hier klicken, wird der Button aktiv und Sie k\\u00f6nnen Ihre Empfehlung an Facebook senden. Schon beim Aktivieren werden Daten an Dritte \\u00fcbertragen - siehe <em>i<\\\/em>.\",\"perma_option\":\"off\",\"action\":\"recommend\",\"language\":\"de_DE\"},\"twitter\":{\"reply_to\":\"\",\"tweet_text\":\"Class%20Struggle%20%C2%BB%20Burks%27%20Blog%20-%20in%20dubio%20pro%20contra.%20De%20omnibus%20dubitandum.\",\"status\":\"on\",\"txt_info\":\"2 Klicks f\\u00fcr mehr Datenschutz: Erst wenn Sie hier klicken, wird der Button aktiv und Sie k\\u00f6nnen Ihre Empfehlung an Twitter senden. Schon beim Aktivieren werden Daten an Dritte \\u00fcbertragen - siehe <em>i<\\\/em>.\",\"perma_option\":\"off\",\"language\":\"de\",\"referrer_track\":\"\"}},\"txt_help\":\"Wenn Sie diese Felder durch einen Klick aktivieren, werden Informationen an Facebook, Twitter, Flattr, Xing, t3n, LinkedIn, Pinterest oder Google eventuell ins Ausland \\u00fcbertragen und unter Umst\\u00e4nden auch dort gespeichert. N\\u00e4heres erfahren Sie durch einen Klick auf das <em>i<\\\/em>.\",\"settings_perma\":\"Dauerhaft aktivieren und Daten\\u00fcber-tragung zustimmen:\",\"info_link\":\"http:\\\/\\\/www.heise.de\\\/ct\\\/artikel\\\/2-Klicks-fuer-mehr-Datenschutz-1333879.html\",\"uri\":\"https:\\\/\\\/www.burks.de\\\/burksblog\\\/2020\\\/11\\\/12\\\/class-struggle\",\"post_id\":42624,\"post_title_referrer_track\":\"Class+Struggle\",\"display_infobox\":\"on\"});}});\n\/* ]]> *\/<\/script><\/div>","protected":false},"excerpt":{"rendered":"<p>Ein gro\u00dfartiger Satz im Freitag: Das tonangebende Milieu, das sich selbst f\u00fcr links h\u00e4lt, ist heute weiter von einem Klassenbewusstsein entfernt, als es die Industriearbeiter des 19. Jahrhunderts je waren.&#8220; Und sie merken es noch nicht einmal. Der Artikel hei\u00dft: &#8222;Wem die Zwietracht n\u00fctzt. Die Coronakrise w\u00e4re eine Chance f\u00fcr die Linken. Doch die verzetteln [&hellip;]<\/p>\n","protected":false},"author":1,"featured_media":0,"comment_status":"open","ping_status":"open","sticky":false,"template":"","format":"standard","meta":{"footnotes":""},"categories":[23,15],"tags":[],"class_list":["post-42624","post","type-post","status-publish","format-standard","hentry","category-media","category-politics"],"_links":{"self":[{"href":"https:\/\/www.burks.de\/burksblog\/wp-json\/wp\/v2\/posts\/42624","targetHints":{"allow":["GET"]}}],"collection":[{"href":"https:\/\/www.burks.de\/burksblog\/wp-json\/wp\/v2\/posts"}],"about":[{"href":"https:\/\/www.burks.de\/burksblog\/wp-json\/wp\/v2\/types\/post"}],"author":[{"embeddable":true,"href":"https:\/\/www.burks.de\/burksblog\/wp-json\/wp\/v2\/users\/1"}],"replies":[{"embeddable":true,"href":"https:\/\/www.burks.de\/burksblog\/wp-json\/wp\/v2\/comments?post=42624"}],"version-history":[{"count":2,"href":"https:\/\/www.burks.de\/burksblog\/wp-json\/wp\/v2\/posts\/42624\/revisions"}],"predecessor-version":[{"id":42626,"href":"https:\/\/www.burks.de\/burksblog\/wp-json\/wp\/v2\/posts\/42624\/revisions\/42626"}],"wp:attachment":[{"href":"https:\/\/www.burks.de\/burksblog\/wp-json\/wp\/v2\/media?parent=42624"}],"wp:term":[{"taxonomy":"category","embeddable":true,"href":"https:\/\/www.burks.de\/burksblog\/wp-json\/wp\/v2\/categories?post=42624"},{"taxonomy":"post_tag","embeddable":true,"href":"https:\/\/www.burks.de\/burksblog\/wp-json\/wp\/v2\/tags?post=42624"}],"curies":[{"name":"wp","href":"https:\/\/api.w.org\/{rel}","templated":true}]}}